{"id":1547,"date":"2022-11-27T01:37:46","date_gmt":"2022-11-27T00:37:46","guid":{"rendered":"https:\/\/dogukantunc.com\/?p=1547"},"modified":"2022-11-30T11:54:08","modified_gmt":"2022-11-30T10:54:08","slug":"welkom-ediz","status":"publish","type":"post","link":"https:\/\/dogukantunc.com\/?p=1547","title":{"rendered":"Welkom Ediz!"},"content":{"rendered":"\n<p>Merhaba, uzunca bir s\u00fcredir bir yaz\u0131 (herhangi bir yaz\u0131) yazam\u0131yorum maalesef. Bu s\u0131rada hayat\u0131mda olup biten ve aktarmaya de\u011fer bir s\u00fcr\u00fc \u015fey birikti ve benim de iki se\u00e7ene\u011fim vard\u0131: birincisi bunlar\u0131 tek bir dev yaz\u0131ya s\u0131\u011fd\u0131rmaya \u00e7al\u0131\u015f\u0131p okunmas\u0131 imkans\u0131z bir yumak haline getirmek, ikincisi ise ger\u00e7ekten kendi \u00f6zel b\u00f6l\u00fcm\u00fcn\u00fc hak eden b\u00fcy\u00fck haberleri kendi ayr\u0131 yaz\u0131s\u0131na ta\u015f\u0131mak. Sonu\u00e7ta ikinci yolu se\u00e7meye karar verdim ve buraday\u0131m, ama kafamda yazmay\u0131 hedefledi\u011fim di\u011fer konular da var ve bunlar\u0131 da s\u0131ra s\u0131ra yay\u0131nlamay\u0131 planl\u0131yorum.<\/p>\n\n\n\n<p>Buralara son u\u011frad\u0131\u011f\u0131m 2021 Ekim&#8217;inden beri hayat\u0131m(\u0131z)da pek \u00e7ok de\u011fi\u015fiklik oldu. Ama san\u0131r\u0131m bunlar\u0131n en m\u00fcjdeli ve en b\u00fcy\u00fck olan\u0131, 9 Temmuz 2022 ak\u015fam saatlerinde, ailemizin 4. \u00fcyesi Ediz Tun\u00e7&#8217;un, Veldhoven M\u00e1xima MC hastanesinde d\u00fcnyaya gelmesi \ud83d\ude42<\/p>\n\n\n\n<div class=\"wp-block-image\"><figure class=\"aligncenter size-large\"><img data-recalc-dims=\"1\" loading=\"lazy\" decoding=\"async\" width=\"750\" height=\"1000\" src=\"https:\/\/i0.wp.com\/dogukantunc.com\/wp-content\/uploads\/2022\/11\/IMG_20220716_111716.jpg?resize=750%2C1000&#038;ssl=1\" alt=\"\" class=\"wp-image-1548\" srcset=\"https:\/\/i0.wp.com\/dogukantunc.com\/wp-content\/uploads\/2022\/11\/IMG_20220716_111716-scaled.jpg?resize=768%2C1024&amp;ssl=1 768w, https:\/\/i0.wp.com\/dogukantunc.com\/wp-content\/uploads\/2022\/11\/IMG_20220716_111716-scaled.jpg?resize=225%2C300&amp;ssl=1 225w, https:\/\/i0.wp.com\/dogukantunc.com\/wp-content\/uploads\/2022\/11\/IMG_20220716_111716-scaled.jpg?resize=1152%2C1536&amp;ssl=1 1152w, https:\/\/i0.wp.com\/dogukantunc.com\/wp-content\/uploads\/2022\/11\/IMG_20220716_111716-scaled.jpg?resize=1536%2C2048&amp;ssl=1 1536w, https:\/\/i0.wp.com\/dogukantunc.com\/wp-content\/uploads\/2022\/11\/IMG_20220716_111716-scaled.jpg?w=1920&amp;ssl=1 1920w\" sizes=\"auto, (max-width: 750px) 100vw, 750px\" \/><figcaption><em>Burada adettendir dedik, cam\u0131m\u0131z\u0131 s\u00fcsledik<\/em><\/figcaption><\/figure><\/div>\n\n\n\n<p>B\u00f6yle b\u00fcy\u00fck ve g\u00fczel bir geli\u015fmenin haberini neden ancak 4 bu\u00e7uk ay sonra yazabildi\u011fimi, bir bebe\u011fin ilk do\u011fdu\u011fu zamanlar\u0131n yo\u011funlu\u011funu ve yorgunlu\u011funu hat\u0131rlayanlar tahmin edeceklerdir. A\u00e7\u0131k\u00e7as\u0131 bu t\u00fcr konularda kli\u015felere pabu\u00e7 b\u0131rakmayan birisi olmama ve yeni bebekli birisine yap\u0131lan standart g\u00f6zda\u011f\u0131 verme laflar\u0131na hi\u00e7 itibar etmememe ra\u011fmen, ilk 3 ay\u0131n zorlu ve enerjinizi emen bir d\u00f6nem oldu\u011funu s\u00f6ylemem yanl\u0131\u015f olmaz. Yani bir de bizim durumumuzda bu bebe\u011fin evde ilgi bekleyen tek varl\u0131k olmad\u0131\u011f\u0131 ve yurt d\u0131\u015f\u0131nda, aile yard\u0131m\u0131na \u00f6yle her istedi\u011finizde ba\u015fvuramad\u0131\u011f\u0131n\u0131z ger\u00e7e\u011fi de eklenince, uykusuz geceler ve &#8220;survival&#8221; modu ka\u00e7\u0131n\u0131lmaz oluyor. Bu da g\u00fcnl\u00fck kendinize ay\u0131rabildi\u011finiz zaman\u0131n 1-2 saati ge\u00e7ememesi anlam\u0131na geliyor. Durum buyken hobileriyle u\u011fra\u015fmak insan\u0131n akl\u0131ma pek gelemiyor maalesef.<\/p>\n\n\n\n<p>Bebek sahibi olman\u0131n, \u00f6zellikle de yurt d\u0131\u015f\u0131nda ya\u015farken kolay bir \u015fey olmad\u0131\u011f\u0131 gayet a\u00e7\u0131k ama buna ra\u011fmen, yeni do\u011fmu\u015f bebek kokusunu (ki ba\u011f\u0131ml\u0131l\u0131k yapan bir \u015fey); sa\u011fl\u0131kl\u0131, karn\u0131 doymu\u015f, gaz\u0131 \u00e7\u0131kar\u0131lm\u0131\u015f, alt\u0131 temiz bir \u015fekilde huzurlu huzurlu uyuyan minicik bebe\u011fine bak\u0131nca duyulan huzuru \u00f6zlemi\u015f birisi i\u00e7in bu duygular\u0131 tekrar ya\u015famak paha bi\u00e7ilemez g\u00fczellikte bir \u015fey.<\/p>\n\n\n\n<p>Bizi bu \u00e7\u0131lg\u0131nl\u0131\u011fa cesaret ettirten de esas\u0131nda bu hisler, ve asl\u0131nda bunun yan\u0131nda biraz da Hollanda&#8217;da \u00e7ocuk b\u00fcy\u00fctmenin nas\u0131l bir s\u00fcre\u00e7 oldu\u011funu deneyimlemek istememiz oldu. \u00c7\u00fcnk\u00fc inceledi\u011finizde Hollanda&#8217;da \u00e7ocuk yeti\u015ftirmenin bir\u00e7ok anlamda desteklenen ve kolayl\u0131klara tab\u00ee bir \u015fey oldu\u011funu da g\u00f6r\u00fcyorsunuz ve neden olmas\u0131n diyorsunuz.<\/p>\n\n\n\n<p>Hollanda&#8217;da ya\u015fayan ya da ya\u015famay\u0131 d\u00fc\u015f\u00fcnen herkesin merak etti\u011fi s\u00fcre\u00e7lerden birisi olan do\u011fum ve hastane s\u00fcrecini de bu yaz\u0131da biraz tan\u0131tmaya \u00e7al\u0131\u015faca\u011f\u0131m, \u00e7\u00fcnk\u00fc bizim de \u00e7ok merak etti\u011fimiz bir konuydu. Ekin han\u0131mefendi sayesinde T\u00fcrkiye, Ediz beyefendi sayesinde de Hollanda do\u011fum ve sa\u011fl\u0131k s\u00fcrecinin tam ortas\u0131ndan ge\u00e7ti\u011fimiz i\u00e7in baz\u0131 detaylar g\u00f6z\u00fcm\u00fcze \u00e7arpt\u0131 ve bunlar\u0131n kar\u015f\u0131la\u015ft\u0131rmal\u0131 analizini kendi i\u00e7imizde yapt\u0131k. Belki faydas\u0131 olur diye bunlar\u0131 sizinle de payla\u015fmak isterim.<\/p>\n\n\n\n<h2 class=\"wp-block-heading\">Do\u011fum \u00d6ncesi<\/h2>\n\n\n\n<p>Hollanda&#8217;da do\u011fum \u00f6ncesinde de do\u011fum s\u0131ras\u0131nda da, (ve hatta do\u011fum sonras\u0131nda ya da eve \u00e7\u0131kt\u0131ktan sonra bile) doktorlardan \u00e7ok muhatap oldu\u011funuz ki\u015filer, <em>verloskundigen<\/em> yani <em>ebeler<\/em>. Zaten daha bebe\u011fin ilk kalp at\u0131\u015f\u0131n\u0131 duymak i\u00e7in gitti\u011finiz t\u0131p merkezlerinin ad\u0131 &#8220;ebelik merkezi&#8221; gibi bir \u015fey.<\/p>\n\n\n\n<p>Tabi ki doktorlar, teknisyenler, hem\u015fireler ile b\u00fcy\u00fck bir orkestra mevcut ama her zaman ilk olarak temas kurdu\u011funuz ki\u015fi ebe. Olay yine normal sa\u011fl\u0131k sisteminin i\u015fledi\u011fi gibi hiyerar\u015fik i\u015fliyor (olay\u0131n GP veya aile hekimi ile ba\u015flamas\u0131n\u0131n zorunlu olmas\u0131 ve e\u011fer o sevk ederse hastanedeki uzman doktora intikal etmesi gibi). Bu a\u00e7\u0131dan zaten direkt bir farkl\u0131l\u0131k mevcut \u00e7\u00fcnk\u00fc T\u00fcrkiye&#8217;de do\u011fum doktoruna\/\u00f6zel hastaneye giderek do\u011fumunuzu ba\u015ftan sona bir uzman doktorun y\u00f6netmesini sa\u011flayabiliyorsunuz, ki bizim durumumuzda Ekin&#8217;in do\u011fumu b\u00f6yle ger\u00e7ekle\u015fmi\u015fti. Bu, bak\u0131ld\u0131\u011f\u0131nda Hollanda&#8217;n\u0131n sa\u011fl\u0131k sisteminin bir eksisi gibi g\u00f6r\u00fclse de, ileride anlataca\u011f\u0131m \u00fczere pek de bir zay\u0131fl\u0131k getirmiyor, hatta ki\u015fi ba\u015f\u0131na d\u00fc\u015fen ebe say\u0131s\u0131 olduk\u00e7a y\u00fcksek oldu\u011fundan ve bu ki\u015filer de do\u011fum s\u00fcreci ile ilgili olduk\u00e7a deneyimli ve bilgili oldu\u011fundan, istedi\u011finiz an ula\u015fabildi\u011finiz bir uzman gibi d\u00fc\u015f\u00fcnebilirsiniz. Gerekli durumda zaten an\u0131nda bir uzman doktor yan\u0131n\u0131zda beliriyor. Tek fark\u0131, bir s\u00fcr\u00fc para vermiyorsunuz. Bu konuyu en son detayl\u0131 ele alaca\u011f\u0131m.<\/p>\n\n\n\n<p>\u0130lk kontrol i\u00e7in az \u00f6nce bahsetti\u011fim &#8220;verloskundigenpraktijk&#8221; (ilk s\u00f6ylemeye \u00e7al\u0131\u015ft\u0131\u011f\u0131mda a\u011fz\u0131m kitlendi) denen merkezlerden size yak\u0131n olan bir tanesini bulup oraya gidiyorsunuz. Bu sa\u011fl\u0131k merkezleri standart sa\u011fl\u0131k merkezleri gibi de\u011fil, do\u011fum hizmetleri i\u00e7in \u00f6zelle\u015fmi\u015f merkezler ve sigortan\u0131z taraf\u0131ndan tamamen kar\u015f\u0131lan\u0131yor.<\/p>\n\n\n\n<p>Buraya ilk gitti\u011finizde orada m\u00fcjdeli haberi, ilk ultrasonu yapan doktor size veriyor ve bebe\u011finizin ilk kalp at\u0131\u015f\u0131n\u0131 burada dinliyorsunuz.<\/p>\n\n\n\n<div class=\"wp-block-image\"><figure class=\"aligncenter\"><img data-recalc-dims=\"1\" decoding=\"async\" src=\"https:\/\/i0.wp.com\/dogukantunc.com\/wp-content\/uploads\/2022\/03\/image-edited.png?w=750&#038;ssl=1\" alt=\"Bu g\u00f6rsel bo\u015f bir alt niteli\u011fe sahip; dosya ad\u0131 image-edited.png\" \/><figcaption>Ediz reyiz&#8217;in ilk foto\u011fraf\u0131<\/figcaption><\/figure><\/div>\n\n\n\n<p>Sizi do\u011fuma kadar bu merkez takip ediyor ve d\u00fczenli aral\u0131klarla kontrole \u00e7a\u011f\u0131r\u0131yor veya baz\u0131 tahliller i\u00e7in harici t\u0131p merkezlerine\/hastaneye y\u00f6nlendiriyor.<\/p>\n\n\n\n<p>Burada T\u00fcrkiye&#8217;deki sistemden farkl\u0131 olan k\u0131s\u0131m temelde ultrason ve NST gibi rutin kontrollerin daha az s\u0131kl\u0131kta yap\u0131lmas\u0131. Yani sizi her ay ultrasona \u00e7a\u011f\u0131rm\u0131yorlar, hamilelik s\u00fcreci boyunca hemen hemen her \u00e7eyrekte bir ultrason yap\u0131ld\u0131 ve bebe\u011fin metrikleri takip edildi o kadar. Ya da son d\u00fczl\u00fckte 2-3 g\u00fcnde bir NST&#8217;ye girme gibi bir durum olmad\u0131, ancak do\u011fum ba\u015flamak \u00fczereyken veya ters giden bir durum s\u00f6z konusu olursa NST&#8217;ye ba\u011flan\u0131yorsunuz. Ekin&#8217;in do\u011fumundan 2-3 hafta \u00f6nce g\u00fcna\u015f\u0131r\u0131 bizi takip eden doktorun muayenehanesine gidip yar\u0131m saat beraber o NST cihaz\u0131n\u0131n sesini dinledi\u011fimizi hat\u0131rl\u0131yorum. Bunun d\u0131\u015f\u0131ndaki tetkikler, \u00fc\u00e7 a\u015fa\u011f\u0131 be\u015f yukar\u0131 T\u00fcrkiye&#8217;dekilerle ayn\u0131yd\u0131 (ense kal\u0131nl\u0131\u011f\u0131, \u015feker y\u00fcklemesi, vs.) denebilir.<\/p>\n\n\n\n<p>Bunun d\u0131\u015f\u0131nda bebe\u011fin sa\u011fl\u0131\u011f\u0131n\u0131n yan\u0131nda annenin sa\u011fl\u0131\u011f\u0131n\u0131 da takip etmek i\u00e7in \u00d6zge&#8217;yi d\u00fczenli aral\u0131klarla yak\u0131n\u0131m\u0131zdaki kay\u0131tl\u0131 oldu\u011fumuz genel sa\u011fl\u0131k merkezine \u00e7a\u011f\u0131rd\u0131lar (zira bu merkezlerde de en az\u0131ndan bir adet do\u011fum sa\u011fl\u0131\u011f\u0131 personeli bulunuyor), tansiyon, muayene ve basit \u00f6l\u00e7\u00fcmlerini yap\u0131p, hamileli\u011fin gidi\u015fat\u0131nda bir sorun ya\u015fay\u0131p ya\u015famad\u0131\u011f\u0131n\u0131 kontrol ettiler.<\/p>\n\n\n\n<p>Sonra bu do\u011fum sa\u011fl\u0131k merkezindeki ba\u015f ebe, do\u011fuma 1.5 ay kala bizi \u00e7a\u011f\u0131r\u0131p birebirde do\u011fumun nas\u0131l ger\u00e7ekle\u015fece\u011fini anlat\u0131p \u00d6zge&#8217;nin tercihlerini vesaire sorarak, bir de bize kendilerini hangi durumlarda aramam\u0131z gerekti\u011fini anlatan bir &#8220;flow chart&#8221; verdi. Biz zaten do\u011fum olay\u0131n\u0131 bir kez deneyimledi\u011fimiz i\u00e7in rahat olmam\u0131za ra\u011fmen, bilmedi\u011fimiz bir ortamda bunun nas\u0131l ilerleyece\u011fini merak etti\u011fimiz i\u00e7in bu bilgilendirme seans\u0131 de\u011ferliydi.<\/p>\n\n\n\n<p>Bu arada, T\u00fcrkiye&#8217;deki do\u011fumdan \u00f6nce oldu\u011fu gibi \u00d6zge&#8217;nin do\u011fumda tercih etti\u011fi uygulamalar\u0131 yazd\u0131\u011f\u0131 bir &#8220;Birth Wishlist&#8221; haz\u0131rlamas\u0131n\u0131 ve hastanedeki odaya getirmemizi s\u00f6ylediler ki annenin tercihi d\u0131\u015f\u0131nda bir m\u00fcdahale olmas\u0131n. \u00d6zge tabi ki bu ka\u011f\u0131d\u0131 ve di\u011fer t\u00fcm hastane te\u00e7hizat\u0131n\u0131n oldu\u011fu \u00e7antay\u0131 1 ay \u00f6nceden haz\u0131rlam\u0131\u015ft\u0131 bile \ud83d\ude42<\/p>\n\n\n\n<p>Ha bir de isterseniz bebe\u011fin 3D foto\u011fraflar\u0131n\u0131n \u00e7ekildi\u011fi bir &#8220;foto\u011fraf \u00e7ekim&#8221; paketi vard\u0131 harici sat\u0131n al\u0131nabilen, ama biz tercih etmedik.<\/p>\n\n\n\n<p>Yani bizim genel g\u00f6r\u00fc\u015f\u00fcm\u00fcze g\u00f6re T\u00fcrkiye&#8217;dekine g\u00f6re biraz daha serbest b\u0131rakt\u0131lar ve daha sakin, daha az &#8220;medikalize&#8221; ve daha kendi halinde bir hamilelik ge\u00e7irdi \u00d6zge. Hatta hani eskiden kad\u0131nlar hamile haliyle tarlaya gider \u00e7al\u0131\u015f\u0131rm\u0131\u015f ya, \u00d6zge de o s\u0131rada evimizi ta\u015f\u0131d\u0131\u011f\u0131m\u0131z i\u00e7in karn\u0131 burnunda haliyle benim boya badana, ufak tamir gibi t\u00fcm i\u015flerime de yard\u0131m bile etti \ud83d\ude42<\/p>\n\n\n\n<div class=\"wp-block-image\"><figure class=\"aligncenter size-large\"><img data-recalc-dims=\"1\" loading=\"lazy\" decoding=\"async\" width=\"750\" height=\"1000\" src=\"https:\/\/i0.wp.com\/dogukantunc.com\/wp-content\/uploads\/2022\/11\/IMG_20220403_131307.jpg?resize=750%2C1000&#038;ssl=1\" alt=\"\" class=\"wp-image-1602\" srcset=\"https:\/\/i0.wp.com\/dogukantunc.com\/wp-content\/uploads\/2022\/11\/IMG_20220403_131307.jpg?resize=768%2C1024&amp;ssl=1 768w, https:\/\/i0.wp.com\/dogukantunc.com\/wp-content\/uploads\/2022\/11\/IMG_20220403_131307.jpg?resize=225%2C300&amp;ssl=1 225w, https:\/\/i0.wp.com\/dogukantunc.com\/wp-content\/uploads\/2022\/11\/IMG_20220403_131307.jpg?w=781&amp;ssl=1 781w\" sizes=\"auto, (max-width: 750px) 100vw, 750px\" \/><\/figure><\/div>\n\n\n\n<p>Yine de do\u011fumun ba\u015f\u0131ndan itibaren, tamamen size adanm\u0131\u015f \u00f6zel bir doktorunuz olmasa da yaln\u0131z ba\u015f\u0131na oldu\u011funuz gibi bir hisse kap\u0131lm\u0131yorsunuz \u00e7\u00fcnk\u00fc anlatt\u0131\u011f\u0131m gibi, verloskundigen, 7\/24 ula\u015fabilece\u011finiz bir olu\u015fum. Ayr\u0131ca ola ki acil bir durum vesaire olursa da hastanenin eve \u00e7ok yak\u0131n olmas\u0131 ve ambulans hizmetlerinin olduk\u00e7a h\u0131zl\u0131 oldu\u011fu ger\u00e7ekleri de i\u00e7imizi rahatlat\u0131yordu.<\/p>\n\n\n\n<h2 class=\"wp-block-heading\">It&#8217;s Happening<\/h2>\n\n\n\n<p>Benim gibi koyu <em>The Office<\/em> fan&#8217;lar\u0131, ba\u015fl\u0131\u011f\u0131 g\u00f6r\u00fcr g\u00f6rmez direkt \u015fu sahneyi hat\u0131rlayacakt\u0131r zaten:<\/p>\n\n\n\n<div class=\"wp-block-image\"><figure class=\"aligncenter\"><img decoding=\"async\" src=\"https:\/\/ewscripps.brightspotcdn.com\/dims4\/default\/0450670\/2147483647\/strip\/true\/crop\/354x236+123+0\/resize\/300x200!\/quality\/90\/?url=https%3A%2F%2Fewscripps.brightspotcdn.com%2Fc8%2F46%2F0ad2ade74abe9440e28ec69aa4ef%2Ftumblr-oqts02pfva1wn1p99o2-1280.gif\" alt=\"The Office' to leave Netflix, coming to NBC streaming\" \/><figcaption>IT&#8217;S HAPPENING<\/figcaption><\/figure><\/div>\n\n\n\n<p>9 ay inan\u0131lmaz derecede h\u0131zl\u0131 ge\u00e7ti ve &#8220;O an&#8221; hayat\u0131mda ikinci sefer geldi. Ve geldi\u011finde ger\u00e7ekten bunu y\u00fcz kere ya\u015fam\u0131\u015f olsan\u0131z da tatl\u0131 bir heyecan ve hafif bir panik olmadan olmuyor. Kald\u0131 ki, daha birka\u00e7 g\u00fcn \u00f6nce \u00d6zge&#8217;yi bilgilendirme seans\u0131nda neler yapmam\u0131z gerekti\u011fini anlatmalar\u0131na ve \u00e7ok a\u00e7\u0131k bir flow chart vermelerine ra\u011fmen.<\/p>\n\n\n\n<p>\u00d6zge&#8217;nin ikinci do\u011fumu, bir Cuma gecesi bebe\u011fin huzursuzlanmas\u0131yla ba\u015flad\u0131. Huzursuzlanmaktan kast\u0131m, baya k\u0131m\u0131l k\u0131m\u0131l hareketler yaparak muhtemelen amniyotik keseyi bir noktadan y\u0131rtmay\u0131 ba\u015fard\u0131. \u00d6zge de bu durumdan m\u00fctevellit evde huzursuz huzursuz bir a\u015fa\u011f\u0131 bir yukar\u0131 y\u00fcr\u00fcy\u00fcp duruyordu.<\/p>\n\n\n\n<p>Normalde bir t\u0131k erken olmas\u0131na ra\u011fmen biz zaten Cuma gecesi, ertesi g\u00fcn bebe\u011fin do\u011faca\u011f\u0131n\u0131 tahmin etmi\u015ftik. Ama an itibariyle do\u011fumun ba\u015flad\u0131\u011f\u0131n\u0131 haber verecek emarelerin hi\u00e7birisi de olmad\u0131\u011f\u0131 i\u00e7in, bize anlatt\u0131klar\u0131 gibi, bu emareler ortaya \u00e7\u0131kana dek hayat\u0131m\u0131za normal devam ettik. \u0130lk do\u011fumdan, do\u011fumun \u00f6yle kese y\u0131rt\u0131ld\u0131ktan 10 dakika sonra pald\u0131r k\u00fcld\u00fcr ger\u00e7ekle\u015fmedi\u011fini bildi\u011fimiz i\u00e7in daha sakin kal\u0131p bekledik. \u00d6rne\u011fin Ekin, bir gece vakti \u00d6zge&#8217;nin suyu aniden geldikten 8 saat sonra do\u011fmu\u015ftu. Yine b\u00fcy\u00fck bir panik yapmam\u0131\u015ft\u0131k ama gidi\u015fat\u0131n nas\u0131l olaca\u011f\u0131n\u0131 bilmedi\u011fimiz i\u00e7in hemen hastaneye gitmi\u015ftik her ihtimale kar\u015f\u0131. Doktorumuz sabah gelmi\u015fti.<\/p>\n\n\n\n<p>Cumartesi sabah, do\u011fumun ba\u015flad\u0131\u011f\u0131na dair emarelerin artt\u0131\u011f\u0131n\u0131 g\u00f6rd\u00fck ve ebeyi art\u0131k aramam\u0131z gerekti\u011fine karar verdik. Ebe \u00e7abucak eve geldi ve \u00d6zge&#8217;yi muayene etmek i\u00e7in onun yan\u0131na ge\u00e7ti. Ben o s\u0131rada Ekin ile ilgilendi\u011fim i\u00e7in \u00d6zge&#8217;yi tamamen ebeye emanet etmek durumunda kald\u0131m.<\/p>\n\n\n\n<p>Hollanda&#8217;da \u00e7ok say\u0131da &#8220;spontan evde do\u011fum&#8221; vakas\u0131 duymu\u015ftuk daha \u00f6nce, e\u011fer do\u011fum s\u00fcrecinde fark\u0131nda olmadan \u00e7ok sona gelindiyse, ve hastaneye gitmek anneye ve bebe\u011fe gereksiz stres y\u00fckleyecekse, ebe bu opsiyonu size \u00f6nerebiliyor. Ama \u00d6zge de ben de hastanede do\u011fumu tercih etti\u011fimizi en ba\u015f\u0131ndan beri bildirdi\u011fimiz i\u00e7in ve s\u00fcre\u00e7 de daha tam ba\u015flamad\u0131\u011f\u0131 i\u00e7in, ebe bize hastaneye do\u011fru yola \u00e7\u0131kmam\u0131z\u0131 \u00f6nerdi.<\/p>\n\n\n\n<p>\u0130\u015fte ba\u015fl\u0131yordu.<\/p>\n\n\n\n<h2 class=\"wp-block-heading\">MMC Veldhoven<\/h2>\n\n\n\n<p>\u00d6zge&#8217;yle beraber arabaya binip, zaten eve yak\u0131n olan (ASML Veldhoven ana kamp\u00fcs\u00fcn\u00fcn hemen kar\u015f\u0131s\u0131ndaki) M\u00e1xima Medisch Centrum&#8217;a giri\u015f yapt\u0131k.<\/p>\n\n\n\n<div class=\"wp-block-image\"><figure class=\"aligncenter\"><img data-recalc-dims=\"1\" decoding=\"async\" src=\"https:\/\/i0.wp.com\/www.mmc.nl\/wp-content\/uploads\/2020\/08\/Entree2-scaled.jpg?w=750&#038;ssl=1\" alt=\"Nieuwe hoofdingang bij M\u00e1xima MC, locatie Veldhoven\" \/><figcaption><em>Hoofdingang<\/em> (ana giri\u015f)<\/figcaption><\/figure><\/div>\n\n\n\n<p>Daha \u00f6nce i\u015fe gidip gelirken \u00f6n\u00fcnden \u00e7ok ge\u00e7mi\u015f olmama ra\u011fmen, bu hastanenin kamp\u00fcs\u00fcne daha hi\u00e7 ad\u0131m atmam\u0131\u015ft\u0131m. D\u0131\u015far\u0131dan bak\u0131nca k\u00fcp k\u00fcp binalar\u0131 ile orta b\u00fcy\u00fckl\u00fckte bir semt hastanesi gibi dursa da i\u00e7erisine girince g\u00f6r\u00fcnd\u00fc\u011f\u00fcnden \u00e7ok daha b\u00fcy\u00fck oldu\u011funu anl\u0131yorsunuz. Bir de MMC Veldhoven&#8217;\u0131n, kad\u0131n do\u011fum ve bebek bak\u0131m \u00fczerine \u00f6zelle\u015fmi\u015f bir hastane oldu\u011funu okumu\u015ftum. Bu da tabi ki bizim do\u011fumun b\u00f6yle bir hastanede ger\u00e7ekle\u015fmesini istememiz i\u00e7in \u00e7ok yeterli bir sebep.<\/p>\n\n\n\n<p>Hastaneye gitmeden \u00f6nce bize hangi b\u00f6l\u00fcme gitmemiz gerekti\u011fi bilgisi, eve gelen ebe taraf\u0131ndan verilmi\u015fti. Direkt s\u0131ra numaras\u0131 falan filan almadan bize s\u00f6ylenen b\u00f6l\u00fcme gittik, bizi kar\u015f\u0131layan hem\u015fire taraf\u0131ndan giri\u015f i\u015flemlerimiz yap\u0131ld\u0131ktan sonra \u00d6zge&#8217;yi hemen (T\u00fcrkiye&#8217;deki do\u011fumdan \u00f6nce g\u00fcna\u015f\u0131r\u0131 ba\u011fland\u0131\u011f\u0131) NST cihaz\u0131na ba\u011flad\u0131lar.<\/p>\n\n\n\n<p>O s\u0131rada Ekin i\u00e7in de unutulmaz bir g\u00fcn olacakt\u0131 o g\u00fcn muhtemelen. Biz kara kara ne yapaca\u011f\u0131m\u0131z\u0131 d\u00fc\u015f\u00fcn\u00fcrken, Ekin&#8217;in okulundan sevdi\u011fi bir arkada\u015f\u0131n\u0131n ailesi do\u011fumun ba\u015flamakta oldu\u011funu duyup Ekin&#8217;i ne kadar laz\u0131msa o kadar s\u00fcre al\u0131p a\u011f\u0131rlamay\u0131 teklif ettiler sa\u011f olsunlar. <\/p>\n\n\n\n<p>Anne babas\u0131n\u0131n apar topar bir yerlere gitmesi, o g\u00fcn\u00fcn sonunda bir karde\u015finin olaca\u011f\u0131 bilgisi, hayat\u0131nda ilk defa evinden ba\u015fka bir yerde yat\u0131ya kalmas\u0131, eminim ki onun ya\u015f\u0131nda birisi i\u00e7in a\u011f\u0131r \u015feyler olabilecekken, onun g\u00f6z\u00fcnde bu i\u015f, \u00e7ok sevdi\u011fi ve iyi anla\u015ft\u0131\u011f\u0131 bir arkada\u015f\u0131n\u0131n evinde bir gece ge\u00e7irmek (<em>logeren<\/em>) ve beraber bolca oyun oynayabilmek f\u0131rsat\u0131na d\u00f6n\u00fc\u015fm\u00fc\u015ft\u00fc bir anda. Bu da ona \u00e7ok ho\u015f gelmi\u015f olacak ki evindeki kadar rahat etmi\u015fti anlatt\u0131klar\u0131ndan ve foto\u011fraflardan anlad\u0131\u011f\u0131m kadar\u0131yla. \u0130\u015fte b\u00f6yle zamanlarda, memleketten uzaktayken etraf\u0131n\u0131zda b\u00f6yle iyi ve d\u00fc\u015f\u00fcnceli insanlar\u0131n olmas\u0131n\u0131n da ne kadar hayati bir \u015fey oldu\u011funu fark ediyor ve buna \u015f\u00fckrediyorsunuz.<\/p>\n\n\n\n<p>Bu s\u0131rada ilk muayenelerde \u00d6zge&#8217;nin tansiyonunun biraz y\u00fcksek oldu\u011funu fark ettiler ve bunun i\u00e7in &#8220;iyi ki gelmi\u015fsiniz&#8221; dediler. Bebe\u011fin sa\u011fl\u0131k durumunun iyi oldu\u011funu fakat y\u00fcksek tansiyonun bebe\u011fi de biraz rahats\u0131z etti\u011fini anlatt\u0131lar. Her halikarda, bu kadar donan\u0131ml\u0131 bir hastanede olmay\u0131, evde do\u011fuma tercih etti\u011fimizi fark ettik.<\/p>\n\n\n\n<p>Daha sonra bir doktor gelerek durumu de\u011ferlendirdi ve bebe\u011fin keseyi biraz ters bir yerden y\u0131rtt\u0131\u011f\u0131n\u0131 ve enfeksiyon riski bulundu\u011funu anlatt\u0131. \u00d6zge&#8217;nin sanc\u0131 s\u0131kl\u0131\u011f\u0131na bak\u0131ld\u0131\u011f\u0131nda do\u011fumun ba\u015flamas\u0131n\u0131n uzun s\u00fcrece\u011fini ve suni sanc\u0131 vermek istedi\u011fini anlatt\u0131. Bu durum \u00d6zge&#8217;nin moralini ilk ba\u015fta biraz bozdu ve bir miktar bekleyip g\u00f6rmeyi tercih etti\u011fini s\u00f6yledi. Fakat tansiyonunun tehlikeli derecede y\u00fcksek olmas\u0131 ve doktorumuzun bu karar\u0131 ciddi ciddi d\u00fc\u015f\u00fcnmemiz gerekti\u011fini s\u00f6ylemesi \u00fczerine do\u011fumu suni sanc\u0131yla ba\u015flatma karar\u0131na raz\u0131 oldu.<\/p>\n\n\n\n<p>Bizi ilk muayene odas\u0131ndan as\u0131l do\u011fum suit&#8217;ine g\u00f6t\u00fcrd\u00fcler. Bu oda ger\u00e7ekten \u00e7ok konforlu, T\u00fcrkiye&#8217;de herhangi bir \u00f6zel hastanenin odas\u0131ndan ay\u0131rt edemeyece\u011finiz geni\u015flikte ve rahatl\u0131kta bir odayd\u0131.<\/p>\n\n\n\n<p>Biz odaya yerle\u015firken \u00d6zge&#8217;ye azar azar suni sanc\u0131 ve bir de preeclampsia ihtimaline kar\u015f\u0131 tansiyon ila\u00e7lar\u0131 vermeye ba\u015flad\u0131lar. Cihazlarla monit\u00f6r etmeye devam ederken odaya gelen bir hem\u015fire kendisini tan\u0131tarak bize g\u00fcnd\u00fcz vardiyas\u0131 boyunca kendisinin yard\u0131mc\u0131 olaca\u011f\u0131n\u0131 s\u00f6yledi. Ama bu hem\u015firenin d\u0131\u015f\u0131nda belki 8-10 farkl\u0131 ki\u015fi daha odaya girip \u00d6zge&#8217;yi muayene ya da kontrol ediyordu. Her giren \u00f6ncelikle kendisini tan\u0131t\u0131yor, i\u015fte ne bileyim yapaca\u011f\u0131 m\u00fcdahaleyi ya da muayeneyi anlat\u0131yor, onay al\u0131yor, ondan sonra i\u015fleme ge\u00e7iyordu.<\/p>\n\n\n\n<p>Bir de durup durup s\u00fcrekli yiyecek i\u00e7ecek servisi yap\u0131l\u0131yordu. \u00d6yle hastane yeme\u011fi demeye de dilim pek varm\u0131yor, baya g\u00fczeldi yemekler. \u00d6zge art\u0131k bir noktadan sonra yiyecekler fazla geldi\u011fi i\u00e7in bana verip duruyordu. Bir devlet hastanesinden hi\u00e7 beklemedi\u011fim kadar iyi bak\u0131l\u0131yordu bize burada.<\/p>\n\n\n\n<div class=\"wp-block-image\"><figure class=\"aligncenter size-large\"><img data-recalc-dims=\"1\" loading=\"lazy\" decoding=\"async\" width=\"750\" height=\"561\" src=\"https:\/\/i0.wp.com\/dogukantunc.com\/wp-content\/uploads\/2022\/11\/IMG_20220709_135608.jpg?resize=750%2C561&#038;ssl=1\" alt=\"\" class=\"wp-image-1603\" srcset=\"https:\/\/i0.wp.com\/dogukantunc.com\/wp-content\/uploads\/2022\/11\/IMG_20220709_135608-scaled.jpg?resize=1024%2C766&amp;ssl=1 1024w, https:\/\/i0.wp.com\/dogukantunc.com\/wp-content\/uploads\/2022\/11\/IMG_20220709_135608-scaled.jpg?resize=300%2C225&amp;ssl=1 300w, https:\/\/i0.wp.com\/dogukantunc.com\/wp-content\/uploads\/2022\/11\/IMG_20220709_135608-scaled.jpg?resize=768%2C575&amp;ssl=1 768w, https:\/\/i0.wp.com\/dogukantunc.com\/wp-content\/uploads\/2022\/11\/IMG_20220709_135608-scaled.jpg?resize=1536%2C1150&amp;ssl=1 1536w, https:\/\/i0.wp.com\/dogukantunc.com\/wp-content\/uploads\/2022\/11\/IMG_20220709_135608-scaled.jpg?resize=2048%2C1533&amp;ssl=1 2048w, https:\/\/i0.wp.com\/dogukantunc.com\/wp-content\/uploads\/2022\/11\/IMG_20220709_135608-scaled.jpg?w=2250&amp;ssl=1 2250w\" sizes=\"auto, (max-width: 750px) 100vw, 750px\" \/><figcaption><em>Ediz&#8217;in do\u011fmas\u0131na hen\u00fcz 6 saat varken<\/em><\/figcaption><\/figure><\/div>\n\n\n\n<p>Ama \u00d6zge&#8217;nin ve bebe\u011fin sa\u011fl\u0131\u011f\u0131 i\u00e7in biraz endi\u015feliydim kendi ad\u0131ma. \u00c7\u00fcnk\u00fc ilk do\u011fum s\u0131ras\u0131nda deneyimlemedi\u011fimiz baz\u0131 s\u0131k\u0131nt\u0131lar meydana gelince insan otomatikman &#8220;bir \u015feyler ters mi gidiyor&#8221; hissine kap\u0131l\u0131yor.<\/p>\n\n\n\n<p>Suni sanc\u0131n\u0131n miktar\u0131 giderek art\u0131r\u0131lmaya ba\u015fland\u0131 ve \u00d6zge de yava\u015f yava\u015f <em>Warrior<\/em> modunu a\u00e7maya ba\u015flad\u0131. Sanc\u0131lar (ilk do\u011fumda d\u0131\u015far\u0131dan anlad\u0131\u011f\u0131m kadar\u0131yla) kendi ba\u015f\u0131na bile zaten olduk\u00e7a kuvvetli iken bu sefer \u00fcst\u00fcne bir de suni sanc\u0131n\u0131n gelmesi, insan\u0131n s\u0131n\u0131rlar\u0131n\u0131 zorluyordur diye tahmin ediyorum. Ben de ilk do\u011fumda oldu\u011fu gibi yan\u0131ndan bir saniye bile ayr\u0131lmad\u0131m ve bir <em>Priest (Healer) <\/em>gibi s\u00fcrekli <em>buff atmaya<\/em>, iyi bir support olmaya \u00e7al\u0131\u015ft\u0131m. Ekin&#8217;in do\u011fumunda iki sanc\u0131 aras\u0131 mandalina ay\u0131klay\u0131p yedirdi\u011fim gibi, \u015fimdi de iki sanc\u0131 aras\u0131 muzunu elmas\u0131n\u0131 b\u00f6l\u00fcp veriyor, su i\u00e7iriyordum. Manevi destek de o anlarda \u00e7ok \u00f6nemli. Onun can\u0131n\u0131 s\u0131kacak \u015feylerin neler oldu\u011funu bildi\u011fim i\u00e7in bunlar\u0131n tam tersini konu\u015fuyor, dikkatini k\u00f6t\u00fc d\u00fc\u015f\u00fcncelerden uzak tutmaya \u00e7al\u0131\u015f\u0131yordum. Sanc\u0131lar geldi\u011fi s\u0131rada tam yan\u0131nda olmam\u0131 istiyor, kolumu iki eliyle birden s\u0131karak g\u00fc\u00e7 al\u0131yordu (biraz fazla g\u00fc\u00e7 alm\u0131\u015f olacak ki kolum ertesi g\u00fcn morarm\u0131\u015ft\u0131).<\/p>\n\n\n\n<p>Bir ara sanc\u0131lar \u00e7ok fazla \u015fiddetlendi ve \u00d6zge art\u0131k baya zorlanmaya ba\u015flad\u0131. O s\u0131rada doktorumuz i\u00e7eri girip &#8220;1-2 saate do\u011fum ger\u00e7ekle\u015fir galiba&#8221; dedi. Orada \u00d6zge&#8217;nin g\u00f6zlerinde umutsuzlu\u011fu g\u00f6rd\u00fcm \u00e7\u00fcnk\u00fc ger\u00e7ekten dayanma g\u00fcc\u00fcn\u00fc t\u00fcketmek \u00fczere gibiydi. Bu sanc\u0131ya 2 saat daha dayanamam dedi\u011fi s\u0131rada beklenmedik bir \u015fey oldu.<\/p>\n\n\n\n<p>Bir anda sessiz bir alarm \u00e7al\u0131nm\u0131\u015f gibi i\u00e7eri 6-7 ki\u015fi birden aceleyle girdi ve bir anda ebesiyle hem\u015firesiyle teyakkuz ortam\u0131 olu\u015ftu. Anla\u015f\u0131lan o ki do\u011fum 1-2 saat de\u011fil 10 dakika uzakl\u0131ktaym\u0131\u015f. Bunu fark eden ebelerden biri di\u011ferlerini \u00e7a\u011f\u0131r\u0131p do\u011fum i\u00e7in pozisyon al\u0131nmas\u0131n\u0131 s\u00f6ylemi\u015f. Derken bizimki biraz sonra \u00d6zge&#8217;nin kuca\u011f\u0131nda etrafa bak\u0131yordu \ud83d\ude42<\/p>\n\n\n\n<div class=\"wp-block-image\"><figure class=\"aligncenter size-full\"><img data-recalc-dims=\"1\" loading=\"lazy\" decoding=\"async\" width=\"589\" height=\"735\" src=\"https:\/\/i0.wp.com\/dogukantunc.com\/wp-content\/uploads\/2022\/11\/IMG_20220709_205507.jpg?resize=589%2C735&#038;ssl=1\" alt=\"\" class=\"wp-image-1564\" srcset=\"https:\/\/i0.wp.com\/dogukantunc.com\/wp-content\/uploads\/2022\/11\/IMG_20220709_205507.jpg?w=589&amp;ssl=1 589w, https:\/\/i0.wp.com\/dogukantunc.com\/wp-content\/uploads\/2022\/11\/IMG_20220709_205507.jpg?resize=240%2C300&amp;ssl=1 240w\" sizes=\"auto, (max-width: 589px) 100vw, 589px\" \/><figcaption><em>30 saniyelik bir Ediz \ud83d\ude42<\/em><\/figcaption><\/figure><\/div>\n\n\n\n<p>\u00d6zetle, \u00f6\u011flen ortas\u0131 hastaneye gelmemizden (yine Ekin&#8217;de oldu\u011fu gibi) 8 saat kadar sonra 3150 gram Ediz&#8217;ci\u011fimizi kuca\u011f\u0131m\u0131za alm\u0131\u015ft\u0131k. \u0130lk vitalleri iyi g\u00f6z\u00fckmekle birlikte epey yorgun g\u00f6r\u00fcn\u00fcyordu, y\u00fcksek ihtimalle do\u011fum hengamesinden o da nasibini alm\u0131\u015f gibiydi.<\/p>\n\n\n\n<p>Tabi ki g\u00f6bek ba\u011f\u0131n\u0131 Ekin&#8217;de oldu\u011fu gibi yine ben kesmeyi rica ettim hem\u015firelerden, sa\u011f olsunlar bana bu \u015ferefi lay\u0131k g\u00f6rd\u00fcler ve hatta \u015fa\u015f\u0131rd\u0131lar ve ho\u015flar\u0131na bile gitti. Bir \u00e7ocu\u011fun g\u00f6bek ba\u011f\u0131n\u0131n kesildi\u011fi an, art\u0131k anne karn\u0131ndan ayr\u0131l\u0131p aram\u0131za kat\u0131ld\u0131\u011f\u0131 an olarak d\u00fc\u015f\u00fcn\u00fclebilir ya; ben bu k\u00fc\u00e7\u00fck mucizenin daha bir ortas\u0131nda yer almay\u0131 ve onu ya\u015famay\u0131 istemi\u015fimdir hep. A\u00e7\u0131k\u00e7as\u0131 biraz da merak\u0131m vard\u0131r b\u00f6yle olaylara, \u00f6yle kan tutan ya da canl\u0131 dokuyu kesme d\u00fc\u015f\u00fcncesinden irrite olan biri olsayd\u0131m biraz zor bir achievement olurdu bu benim i\u00e7in. Ama \u00e7ocuklar\u0131m\u0131n g\u00f6bek ba\u011f\u0131n\u0131 kesen ki\u015fi olmak, beni \u00e7ok mutlu eden ve d\u00fc\u015f\u00fcnd\u00fck\u00e7e gururland\u0131\u011f\u0131m bir \u015fey.  Bu her iki \u00f6zel an\u0131n da foto\u011fraflar\u0131 bende mevcut.<\/p>\n\n\n\n<p>Tam o s\u0131ralarda, Ekin yavrum da arkada\u015f\u0131n\u0131n evinde, b\u00fct\u00fcn g\u00fcn ko\u015fturup oynamaktan yorgun bir \u015fekilde arkada\u015f\u0131yla beraber uykuya dalm\u0131\u015ft\u0131. O s\u0131rada art\u0131k bir abla oldu\u011fundan hen\u00fcz haberi yoktu \ud83d\ude42<\/p>\n\n\n\n<p>Ediz&#8217;i g\u00fczel g\u00fczel giydirip, boyunu kilosunu \u00f6l\u00e7\u00fcp be\u015fi\u011fine koydular ve &#8220;biz sizi biraz ba\u015f ba\u015fa b\u0131rakal\u0131m&#8221; diyerek odadan \u00e7\u0131kt\u0131lar. Bir anda 20 ki\u015finin oldu\u011fu oda bo\u015fald\u0131 ve \u00fc\u00e7\u00fcm\u00fcz birbirimize bakarken bulduk kendimizi. Bu ilk ba\u015f ba\u015fa kalma ve bebe\u011fini kuca\u011f\u0131na alma an\u0131 ger\u00e7ekten insan\u0131n bebe\u011fiyle ba\u011f\u0131n\u0131n ilk olu\u015fmaya ba\u015flad\u0131\u011f\u0131 an ve tabiri caizse belli bir efsunu, bir gizemi var.<\/p>\n\n\n\n<p>Dahas\u0131, ertesi sabah Ekin karde\u015fini ziyarete geldi ve d\u00f6rt ki\u015filik ailemizle ilk foto\u011fraf\u0131m\u0131z\u0131 \u00e7ekildik hastane odas\u0131nda. \u0130kisini yan yana g\u00f6r\u00fcnce, Ekin&#8217;in do\u011fdu\u011fu g\u00fcn g\u00f6z\u00fcm\u00fcn \u00f6n\u00fcne geldi ve bebek dedi\u011fin \u015feyin ne kadar h\u0131zl\u0131, ne kadar siz fark\u0131na bile varmadan b\u00fcy\u00fcd\u00fc\u011f\u00fcn\u00fc hat\u0131rlad\u0131m.<\/p>\n\n\n\n<div class=\"wp-block-image\"><figure class=\"aligncenter size-large\"><img data-recalc-dims=\"1\" loading=\"lazy\" decoding=\"async\" width=\"750\" height=\"561\" src=\"https:\/\/i0.wp.com\/dogukantunc.com\/wp-content\/uploads\/2022\/08\/IMG_20220710_115611-1.jpg?resize=750%2C561&#038;ssl=1\" alt=\"\" class=\"wp-image-1435\" srcset=\"https:\/\/i0.wp.com\/dogukantunc.com\/wp-content\/uploads\/2022\/08\/IMG_20220710_115611-1-scaled.jpg?resize=1024%2C766&amp;ssl=1 1024w, https:\/\/i0.wp.com\/dogukantunc.com\/wp-content\/uploads\/2022\/08\/IMG_20220710_115611-1-scaled.jpg?resize=300%2C225&amp;ssl=1 300w, https:\/\/i0.wp.com\/dogukantunc.com\/wp-content\/uploads\/2022\/08\/IMG_20220710_115611-1-scaled.jpg?resize=768%2C575&amp;ssl=1 768w, https:\/\/i0.wp.com\/dogukantunc.com\/wp-content\/uploads\/2022\/08\/IMG_20220710_115611-1-scaled.jpg?resize=1536%2C1150&amp;ssl=1 1536w, https:\/\/i0.wp.com\/dogukantunc.com\/wp-content\/uploads\/2022\/08\/IMG_20220710_115611-1-scaled.jpg?resize=2048%2C1533&amp;ssl=1 2048w, https:\/\/i0.wp.com\/dogukantunc.com\/wp-content\/uploads\/2022\/08\/IMG_20220710_115611-1-scaled.jpg?w=2250&amp;ssl=1 2250w\" sizes=\"auto, (max-width: 750px) 100vw, 750px\" \/><figcaption>Karde\u015fini kuca\u011f\u0131nda kendisi tutmak istedi<\/figcaption><\/figure><\/div>\n\n\n\n<p>\u0130\u015fte b\u00f6ylece ailemizin yeni ferdi aram\u0131za sa\u011fl\u0131kl\u0131 bir \u015fekilde kat\u0131ld\u0131 ve yeni bir insan\u0131n daha hayat\u0131 b\u00f6yle g\u00f6zlerimizin \u00f6n\u00fcnde ba\u015flad\u0131 \ud83d\ude42<\/p>\n\n\n\n<h2 class=\"wp-block-heading\">Medium Care<\/h2>\n\n\n\n<p>Ediz&#8217;le ilk gecelerimiz, uykusuz oldu\u011fu kadar da endi\u015feliydi. Ekin&#8217;deki kadar acemi ve deneyimsiz olmasak da, do\u011fum ve \u00f6ncesinde meydana gelen min\u00f6r komplikasyonlar, \u00d6zge&#8217;nin hala tansiyonunun d\u00fc\u015fmemi\u015f olmas\u0131, bebe\u011fin sa\u011fl\u0131k durumunda her \u015feyin yolunda olup olmad\u0131\u011f\u0131n\u0131 anlama \u00e7abas\u0131, bizi uyan\u0131k tutuyordu. \u015eimdi ufak da olsa bir \u015feyler ters gidince insan teyakkuz durumuna ge\u00e7iyor ister istemez.<\/p>\n\n\n\n<p>Nitekim, ikinci gece sabaha kar\u015f\u0131 Ediz&#8217;in normalden h\u0131zl\u0131 nefes ald\u0131\u011f\u0131n\u0131 fark ederek hem\u015fireyi \u00e7a\u011f\u0131rmamdan sonra, bebekte bir enfeksiyon olabilece\u011fini s\u00f6yleyerek hemen n\u00f6bet\u00e7i doktoru \u00e7a\u011f\u0131rd\u0131lar.<\/p>\n\n\n\n<p>Pazar g\u00fcn\u00fc yap\u0131lan tetkiklerden sonra Ediz&#8217;in kan\u0131nda ger\u00e7ekten de bir enfeksiyon oldu\u011funu g\u00f6rd\u00fcler. Ediz&#8217;i Medium Care olarak adland\u0131r\u0131lan bak\u0131m \u00fcnitesine almalar\u0131 gerekti\u011fini s\u00f6ylediler. Bu s\u0131rada yan\u0131nda sadece 1 ki\u015fi kalabilece\u011fi i\u00e7in bu ki\u015finin anne olmas\u0131n\u0131n daha mant\u0131kl\u0131 oldu\u011funu d\u00fc\u015f\u00fcnd\u00fcler.<\/p>\n\n\n\n<p>Bu s\u0131rada Ekin&#8217;in de evini, yata\u011f\u0131n\u0131 ve bizi \u00f6zledi\u011fini d\u00fc\u015f\u00fcnerek ve ona da \u00e7ok fazla bu olaylar\u0131 hissettirmemek, boyundan b\u00fcy\u00fck kayg\u0131lar\u0131 ona ya\u015fatmamak ad\u0131na, ben de onunla beraber eve ge\u00e7meyi uygun buldum. B\u00f6ylece anne babal\u0131k m\u00fccadelemiz burada iki farkl\u0131 cepheye ayr\u0131lmak zorunda kald\u0131.<\/p>\n\n\n\n<p>Neyse ki Ediz&#8217;inki s\u0131radan antibiyotiklerle iyile\u015febilecek t\u00fcrden bir enfeksiyondu, bu y\u00fczden sadece g\u00f6zetim ama\u00e7l\u0131 birka\u00e7 g\u00fcn hastanede kalmas\u0131n\u0131n iyi olaca\u011f\u0131n\u0131 s\u00f6ylediler. E\u011fer enfeksiyon iyile\u015firse, \u015furup antibiyotik ile evde devam edebilece\u011fimizi s\u00f6ylediler.<\/p>\n\n\n\n<p>\u00c7ok \u015f\u00fck\u00fcr ki bu s\u00fcre\u00e7 bir haftadan fazla s\u00fcrmedi, dikkatli tedavi ve annesinin yan\u0131nda olup onunla bizzat ilgilenmesi Ediz&#8217;i h\u0131zl\u0131ca iyile\u015ftirdi. Ben de tabi ki o s\u0131rada babal\u0131k izninde oldu\u011fum i\u00e7in Ekin&#8217;i okula b\u0131rakt\u0131ktan sonra hemen hastaneye gidiyor, evden ihtiyac\u0131 olan \u015feyleri \u00d6zge&#8217;ye g\u00f6t\u00fcr\u00fcyor, d\u0131\u015far\u0131dan havadisleri veriyor ve bebe\u011fimle \u00f6zlem gideriyordum. Ben de asl\u0131nda \u00e7akt\u0131rmasam da, iki farkl\u0131 cepheyi idare etmeye \u00e7al\u0131\u015fmaktan peri\u015fan oluyordum ama Ediz&#8217;in sa\u011fl\u0131\u011f\u0131na kavu\u015fuyor olmas\u0131, gereken t\u00fcm motivasyonu bana sa\u011fl\u0131yordu. \u00d6zge&#8217;nin de benden a\u015fa\u011f\u0131 kal\u0131r yan\u0131 yoktu, yoruldu\u011fu; evini, yata\u011f\u0131n\u0131 \u00f6zledi\u011fi \u00e7ok belliydi. Ama i\u015fte i\u015f sa\u011fl\u0131k, hele ki bir yenido\u011fan\u0131n sa\u011fl\u0131\u011f\u0131 olunca bunlar\u0131n o an g\u00f6z\u00fcn\u00fczde herhangi bir \u00f6nemi olmuyor.<\/p>\n\n\n\n<p>Ediz&#8217;le bu s\u00fcre boyunca 8-10 tane farkl\u0131 doktor, 10-15 farkl\u0131 hem\u015fire ilgilendi ve hepsi de anl\u0131k vitallerini s\u00fcrekli yak\u0131ndan izlediler. Bebe\u011fin solunumu ya da kalp at\u0131\u015f\u0131 normalin alt\u0131na ya da \u00fcst\u00fcne 10 saniyeli\u011fine bile \u00e7\u0131ksa an\u0131nda odaya birisi dal\u0131p kontrol ediyordu. Sa\u011fl\u0131k personelinin kulland\u0131\u011f\u0131 ve detaylar\u0131n\u0131 tam anlayamad\u0131\u011f\u0131m m\u00fcthi\u015f bir sinyalizasyon sistemi vard\u0131 g\u00f6r\u00fcn\u00fc\u015fe g\u00f6re.<\/p>\n\n\n\n<p>O s\u0131rada g\u00fczel de bir \u015fey oldu ve Ediz ve \u00d6zge hen\u00fcz hastanedeyken, \u00d6zge&#8217;nin annesi ve babas\u0131 u\u00e7akla Eindhoven&#8217;a indiler. Ediz&#8217;in taburcu olmas\u0131ndan 1 g\u00fcn \u00f6nce hep beraber (Ekin de dahil) onlara s\u00fcrpriz bir ziyaret yapt\u0131k. \u00d6zellikle \u00d6zge&#8217;ye \u00e7ok b\u00fcy\u00fck moral oldu bu. Zaten ertesi g\u00fcn de arabayla onlar\u0131 al\u0131p eve getirdim ve evde bir hareket, bir ne\u015fe, bir bayram havas\u0131 esti.<\/p>\n\n\n\n<div class=\"wp-block-image\"><figure class=\"aligncenter size-large\"><img data-recalc-dims=\"1\" loading=\"lazy\" decoding=\"async\" width=\"750\" height=\"563\" src=\"https:\/\/i0.wp.com\/dogukantunc.com\/wp-content\/uploads\/2022\/11\/IMG_20220712_193702.jpg?resize=750%2C563&#038;ssl=1\" alt=\"\" class=\"wp-image-1605\" srcset=\"https:\/\/i0.wp.com\/dogukantunc.com\/wp-content\/uploads\/2022\/11\/IMG_20220712_193702-scaled.jpg?resize=1024%2C768&amp;ssl=1 1024w, https:\/\/i0.wp.com\/dogukantunc.com\/wp-content\/uploads\/2022\/11\/IMG_20220712_193702-scaled.jpg?resize=300%2C225&amp;ssl=1 300w, https:\/\/i0.wp.com\/dogukantunc.com\/wp-content\/uploads\/2022\/11\/IMG_20220712_193702-scaled.jpg?resize=768%2C576&amp;ssl=1 768w, https:\/\/i0.wp.com\/dogukantunc.com\/wp-content\/uploads\/2022\/11\/IMG_20220712_193702-scaled.jpg?resize=1536%2C1152&amp;ssl=1 1536w, https:\/\/i0.wp.com\/dogukantunc.com\/wp-content\/uploads\/2022\/11\/IMG_20220712_193702-scaled.jpg?resize=2048%2C1536&amp;ssl=1 2048w, https:\/\/i0.wp.com\/dogukantunc.com\/wp-content\/uploads\/2022\/11\/IMG_20220712_193702-scaled.jpg?w=2250&amp;ssl=1 2250w\" sizes=\"auto, (max-width: 750px) 100vw, 750px\" \/><figcaption><em>Ekin&#8217;den bir MMC ziyareti hat\u0131ras\u0131 \ud83d\ude42<\/em><\/figcaption><\/figure><\/div>\n\n\n\n<p>Ediz&#8217;e hastaneden taburcu olurken yaz\u0131lan antibiyoti\u011fi eczaneden alarak, eve geldikten sonra d\u00fczenli verdik. Ediz \u015fu anda 4. ay\u0131n\u0131 tamamlad\u0131 ve sa\u011fl\u0131\u011f\u0131, kilosu gayet iyi. <\/p>\n\n\n\n<p>Bu s\u00fcre\u00e7 i\u00e7erisinde Ediz&#8217;in annanesi, dedesi ve babaannesi Hollanda&#8217;ya gelerek onu ziyaret ettiler, yeni torunlar\u0131n\u0131 sevip kucaklaman\u0131n mutlulu\u011funu ya\u015fad\u0131lar, hem de bizlerle ve \u00f6zellikle Ekin&#8217;le de \u00f6zlem giderdiler. <\/p>\n\n\n\n<div class=\"wp-block-image\"><figure class=\"aligncenter size-large\"><img data-recalc-dims=\"1\" loading=\"lazy\" decoding=\"async\" width=\"750\" height=\"1000\" src=\"https:\/\/i0.wp.com\/dogukantunc.com\/wp-content\/uploads\/2022\/11\/IMG_20220930_183818.jpg?resize=750%2C1000&#038;ssl=1\" alt=\"\" class=\"wp-image-1644\" srcset=\"https:\/\/i0.wp.com\/dogukantunc.com\/wp-content\/uploads\/2022\/11\/IMG_20220930_183818.jpg?resize=768%2C1024&amp;ssl=1 768w, https:\/\/i0.wp.com\/dogukantunc.com\/wp-content\/uploads\/2022\/11\/IMG_20220930_183818.jpg?resize=225%2C300&amp;ssl=1 225w, https:\/\/i0.wp.com\/dogukantunc.com\/wp-content\/uploads\/2022\/11\/IMG_20220930_183818.jpg?resize=1152%2C1536&amp;ssl=1 1152w, https:\/\/i0.wp.com\/dogukantunc.com\/wp-content\/uploads\/2022\/11\/IMG_20220930_183818.jpg?w=1450&amp;ssl=1 1450w\" sizes=\"auto, (max-width: 750px) 100vw, 750px\" \/><figcaption><em><em>Ne mutlu ki, her ziyaret muhakkak birimizin do\u011fum g\u00fcn\u00fcne denk geliyor<\/em><\/em><\/figcaption><\/figure><\/div>\n\n\n\n<p>\u00d6zellikle de \u00d6zge&#8217;nin ailesinin Hollanda&#8217;ya ta\u015f\u0131nd\u0131\u011f\u0131m\u0131zdan beri bizi ziyarete ilk geli\u015finin b\u00f6yle g\u00fczel bir olay vesilesiyle olmas\u0131, bizi de onlar\u0131 da \u00e7ok mutlu etti.<\/p>\n\n\n\n<div class=\"wp-block-image\"><figure class=\"aligncenter size-large\"><img data-recalc-dims=\"1\" loading=\"lazy\" decoding=\"async\" width=\"750\" height=\"561\" src=\"https:\/\/i0.wp.com\/dogukantunc.com\/wp-content\/uploads\/2022\/11\/IMG_20220718_204027.jpg?resize=750%2C561&#038;ssl=1\" alt=\"\" class=\"wp-image-1645\" srcset=\"https:\/\/i0.wp.com\/dogukantunc.com\/wp-content\/uploads\/2022\/11\/IMG_20220718_204027-scaled.jpg?resize=1024%2C766&amp;ssl=1 1024w, https:\/\/i0.wp.com\/dogukantunc.com\/wp-content\/uploads\/2022\/11\/IMG_20220718_204027-scaled.jpg?resize=300%2C225&amp;ssl=1 300w, https:\/\/i0.wp.com\/dogukantunc.com\/wp-content\/uploads\/2022\/11\/IMG_20220718_204027-scaled.jpg?resize=768%2C575&amp;ssl=1 768w, https:\/\/i0.wp.com\/dogukantunc.com\/wp-content\/uploads\/2022\/11\/IMG_20220718_204027-scaled.jpg?resize=1536%2C1150&amp;ssl=1 1536w, https:\/\/i0.wp.com\/dogukantunc.com\/wp-content\/uploads\/2022\/11\/IMG_20220718_204027-scaled.jpg?resize=2048%2C1533&amp;ssl=1 2048w, https:\/\/i0.wp.com\/dogukantunc.com\/wp-content\/uploads\/2022\/11\/IMG_20220718_204027-scaled.jpg?w=2250&amp;ssl=1 2250w\" sizes=\"auto, (max-width: 750px) 100vw, 750px\" \/><figcaption><em>Ediz d\u0131\u015f\u0131nda herkes hayat\u0131ndan memnun gibi<\/em><\/figcaption><\/figure><\/div>\n\n\n\n<p>Neticede bu sene i\u00e7in yaz tatiline T\u00fcrkiye&#8217;ye gidemeyecek oldu\u011fumuz i\u00e7in, b\u00f6yle bir g\u00f6r\u00fc\u015fme ve \u00f6zlem giderme form\u00fcl\u00fc \u00fcrettik. Sa\u011f olsun onlar da kalkt\u0131lar geldiler, bizi mutlu ettiler.<\/p>\n\n\n\n<h2 class=\"wp-block-heading\">Do\u011fum Sonras\u0131 \u0130\u015flemler, Sa\u011fl\u0131k Hizmeti ve Kraamzorg<\/h2>\n\n\n\n<p>Merak edenler i\u00e7in hemen bilgi vereyim; Hollanda ve di\u011fer AB \u00fclkelerinde, bir \u00e7ocuk o \u00fclkede do\u011fdu diye vatanda\u015fl\u0131k alm\u0131yor. Ediz \u015fu an T\u00fcrkiye vatanda\u015f\u0131 olmas\u0131n\u0131n yan\u0131nda, bizimle ayn\u0131 stat\u00fcde oturum iznine sahip. Yani vatanda\u015fl\u0131k al\u0131m\u0131 entegrasyon s\u00fcreci sonras\u0131nda oluyor ama anne baban\u0131n vatanda\u015fl\u0131k almas\u0131 sonras\u0131 \u00e7ocuklar da kolayla\u015ft\u0131r\u0131lm\u0131\u015f \u015fekilde vatanda\u015fl\u0131k alabiliyor 13 ya\u015f\u0131na kadar. Onun haricinde Ediz&#8217;in n\u00fcfus kay\u0131t i\u015flemleri i\u00e7in \u00f6ncelikle Veldhoven belediyesine do\u011fum belgeleriyle ba\u015fvurup <em>Burgerservicenummer<\/em> adl\u0131 numaray\u0131 ald\u0131k, ard\u0131ndan Rotterdam&#8217;daki T\u00fcrk konsoloslu\u011funa giderek do\u011fum beyan\u0131nda bulunduk, n\u00fcfus c\u00fczdan\u0131 ve pasaport ba\u015fvurusu yapt\u0131k. Bir s\u00fcre sonra da IND taraf\u0131ndan oturum kart\u0131 geldi, Expat Center&#8217;a giderek bunu ald\u0131k. Ama t\u00fcm bu i\u015flerin tamamlanmas\u0131 maalesef 3-4 ay\u0131 bulabiliyor ve baz\u0131 i\u015flemler i\u00e7in (\u00f6rne\u011fin oturum kart\u0131n\u0131n al\u0131nmas\u0131) \u00e7ocu\u011fun kendisinin ya da annesinin de orada bulunmas\u0131 gerekebiliyor. Lojistik olarak yorucu ama yapacak bir \u015fey yok.<\/p>\n\n\n\n<p>Do\u011fumdan sonra bebe\u011fin sa\u011fl\u0131\u011f\u0131n\u0131n kontrol\u00fc i\u00e7in, yine her mahallede olan <em>Consultatiebureau<\/em> ad\u0131nda bir bebek\/\u00e7ocuk sa\u011fl\u0131k merkezine giderek uzman doktora dan\u0131\u015f\u0131yorsunuz. Do\u011fumdan sonraki ay sizi arayarak randevu olu\u015fturman\u0131z\u0131 istiyorlar ve rutin muayeneler d\u0131\u015f\u0131nda ilk a\u015f\u0131lar\u0131 i\u00e7in de \u00e7a\u011f\u0131rabiliyorlar. Ayr\u0131ca bir s\u0131k\u0131nt\u0131n\u0131z, ne bileyim beslenmesi ya da di\u011fer konularda bir sorunuz oldu\u011funda randevusuz gelip h\u0131zl\u0131ca doktora dan\u0131\u015fabildi\u011finiz <em>vrijlopende<\/em> g\u00fcnleri oluyor.<\/p>\n\n\n\n<p>E\u011fer bebe\u011finiz hastalanacak olursa ise yine GP&#8217;nize dan\u0131\u015fmak kayd\u0131yla oradan ya hastaneye ya da consultatiebureau&#8217;ya y\u00f6nlendiriliyorsunuz. GP bir \u00e7ocuk doktoru olmad\u0131\u011f\u0131 i\u00e7in do\u011fal olarak baz\u0131 \u015feyleri (krem, burun spreyi vs.) kendisi tavsiye etse de bilgisinin yetmedi\u011fi noktada sizi as\u0131l \u00e7ocuk doktorunun oldu\u011fu b\u00fcro&#8217;ya ya da olay ciddiyse hastaneye y\u00f6nlendirebiliyor. Biz \u015fimdiye kadar Ediz&#8217;i bir kez GP&#8217;ye g\u00f6stermek durumunda kald\u0131k ve onun yazd\u0131\u011f\u0131 basit ila\u00e7larla tedavisini evde yapt\u0131k.<\/p>\n\n\n\n<p>Kraamzorg ise, Hollanda ve baz\u0131 \u0130skandinav \u00fclkelerinde verilen \u00e7ok g\u00fczel bir hizmet. <em>Kraamzorg<\/em>, yani &#8220;Maternity Care&#8221; ya da &#8220;Do\u011fum Sonras\u0131 Bak\u0131m Hizmeti&#8221;, do\u011fum yapan herkese sunulan, anne ve bebe\u011fin birbirine ilk adaptasyon s\u00fcrecinde kritik bir rol oynayan \u00fccretsiz bir hizmet.<\/p>\n\n\n\n<p>Hamileli\u011finiz s\u0131ras\u0131nda bu hizmetten faydalanmak istedi\u011finizi belirterek ba\u015fvuruyorsunuz ve do\u011fumdan sonra evinize bir s\u00fcre boyunca profesyonel bebek\/anne bak\u0131m hem\u015firesi geliyor. Anne ve bebe\u011fin durumunu kontrol ediyor, e\u011fer evinizde yap\u0131lmas\u0131 gereken ve bebekle ilgilendi\u011finiz i\u00e7in yapamad\u0131\u011f\u0131n\u0131z i\u015fler varsa onlar\u0131 hallediyor, size bilgi veriyor, bebe\u011fi y\u0131kamaktan tutun da annenin tansiyonunu \u00f6l\u00e7meye\/ila\u00e7lar\u0131n\u0131 takip etmeye kadar bir\u00e7ok konuda size el ayak oluyor. <\/p>\n\n\n\n<p>\u015eimdi bizim durumumuzda hem \u00d6zge&#8217;nin ailesinin yan\u0131m\u0131zda olmas\u0131, hem de Ediz&#8217;in bizim ikinci \u00e7ocu\u011fumuz olmas\u0131 itibariyle Kraamzorg&#8217;un bize \u00e7ok b\u00fcy\u00fck bir faydas\u0131 olmayaca\u011f\u0131n\u0131, hatta evde kalabal\u0131k edece\u011fini d\u00fc\u015f\u00fcnm\u00fc\u015ft\u00fck, fakat kendisi sahada ayak basmad\u0131k yer b\u0131rakmayan s\u00fcper \u00e7al\u0131\u015fkan ve bilgili bir teyze \u00e7\u0131kt\u0131. Bize daha \u00f6nceki bebek bak\u0131m deneyimlerimizden farkl\u0131 olarak bir s\u00fcr\u00fc bilgi verdi, \u00d6zge&#8217;ye moral olmas\u0131 i\u00e7in sohbet etti, bebe\u011fi y\u0131kamaya yard\u0131mc\u0131 oldu, Ekin&#8217;le bile ilgilendi bizim me\u015fgul oldu\u011fumuz zamanlarda. Hatta bir ara s\u00fcp\u00fcrgeyi tak\u0131p evi s\u00fcp\u00fcr\u00fcyordu bakt\u0131k, \u00e7ar\u015faflar\u0131 de\u011fi\u015ftirip kirlileri makineye at\u0131yor falan. \u00d6yle \u0130svi\u00e7re \u00e7ak\u0131s\u0131 gibi insanlar yani.<\/p>\n\n\n\n<p>Hele ki misal (\u00f6rne\u011fi \u00e7evremizde \u00e7ok\u00e7a var) single mom olanlar i\u00e7in nas\u0131l faydal\u0131 oluyordur kim bilir. Bu hizmet sadece ilk haftalarda al\u0131nabilen \u00fccretsiz bir hizmet ama mesela gerekli durumda <a href=\"https:\/\/www.lunavi.nl\/contact\/veelgestelde-vragen\/kan-ik-meer-uren-kraamzorg-bijkopen\" target=\"_blank\" rel=\"noreferrer noopener\">parayla da almaya devam edebiliyorsunuz<\/a>. Kimi kimsesi olmayan, yard\u0131mc\u0131 olacak e\u015fi dostu bulunmayan i\u00e7in kritik bir hizmet. \u0130\u015fte mesela bebek sahibi olma konusunda ba\u015fta bahsetti\u011fim \u00f6nemli desteklerden biri bu.<\/p>\n\n\n\n<h2 class=\"wp-block-heading\">Ebeveyn \u0130zinleri<\/h2>\n\n\n\n<p>Hollanda&#8217;da \u00fccretli babal\u0131k izni 1 hafta (idi, Ediz do\u011fduktan hemen sonra bunun 3 haftaya \u00e7\u0131kar\u0131ld\u0131\u011f\u0131n\u0131 \u00f6\u011frendim maalesef :D), bunun haricinde yar\u0131m g\u00fcn de belediyede kay\u0131t kuyut i\u015fleri i\u00e7in verilen bir s\u00fcre var. Bunu zaten standart kullan\u0131yorsunuz. Ard\u0131ndan, bebe\u011fin ilk 6 ay\u0131nda kullanabilece\u011finiz bir 5 hafta izin hakk\u0131n\u0131z daha var, burada \u00fccretinizin %70&#8217;ini devlet size \u00f6d\u00fcyor. Ben ilk ba\u015fta bu izni kullanmay\u0131 d\u00fc\u015f\u00fcnm\u00fc\u015ft\u00fcm ama daha sonradan hibrit \u00e7al\u0131\u015fma modeli sayesinde \u00e7ok da ihtiya\u00e7 olmad\u0131\u011f\u0131n\u0131 fark ettim, zaten ofise haftan\u0131n 2, maksimum 3 g\u00fcn\u00fc gidiyordum. Bu y\u00fczden mecbur kalmad\u0131k\u00e7a bu izni kullanmamay\u0131 se\u00e7tim.<\/p>\n\n\n\n<p>\u00d6zge&#8217;nin durumunda ise, o zaten hamileli\u011finin son d\u00f6neminde, \u00e7al\u0131\u015ft\u0131\u011f\u0131 i\u015fyerinden belirsiz s\u00fcreli bir ara verdi\u011fi i\u00e7in herhangi bir izin durumu s\u00f6z konusu de\u011fildi. Ama normal \u015fartlarda anneler, hamileli\u011fin son d\u00f6nemi ve do\u011fum sonras\u0131 kullan\u0131lmak \u00fczere toplam minimum 16 hafta izin alabiliyorlar. Tabi ki anneler i\u00e7in de bu izin s\u00fcresini i\u015fyeri ile konu\u015farak \u00fccretsiz izinlerle uzatmak m\u00fcmk\u00fcn.<\/p>\n\n\n\n<h2 class=\"wp-block-heading\">\u0130\u015fin Maddi Boyutu, Sa\u011fl\u0131k ve \u00c7ocuk Bak\u0131m Hizmetleri<\/h2>\n\n\n\n<p>Tabi Ekin ile Ediz&#8217;in do\u011fumu aras\u0131ndaki kar\u015f\u0131la\u015ft\u0131rmada \u00e7arp\u0131c\u0131 noktalardan biri de, iki \u00fclkede &#8220;iyi&#8221; standartlarda bir sa\u011fl\u0131k hizmeti almak i\u00e7in cebimizden \u00e7\u0131kan para. Do\u011frusunu s\u00f6ylemek gerekirse T\u00fcrkiye&#8217;de \u00f6zel bir doktorun muayenehanesi taraf\u0131ndan takip edilmek ve\/veya do\u011fumunu \u00f6zel bir hastanede ger\u00e7ekle\u015ftirmek isteyen standart bir beyaz yakal\u0131, bir maa\u015f\u0131 kadar bir paray\u0131 bebe\u011fin ve annenin kontrolleri art\u0131 do\u011fum s\u0131ras\u0131nda harcamak durumunda. Ekstra durumlardan bahsetmiyorum, \u00f6rne\u011fin bizim durumumuzda oldu\u011fu gibi fazladan uygulanan tedaviler ve hastanede kal\u0131nan s\u00fcrenin artmas\u0131, muhtemelen T\u00fcrkiye&#8217;de olsak bize ekstra fatura edilebilirdi. Yani Ekin&#8217;in do\u011fumunda k\u00f6t\u00fc bir hizmet ald\u0131k demem m\u00fcmk\u00fcn de\u011fil, ama bu hizmeti kar\u0131 koca asgari \u00fccretle ge\u00e7inen bir ailenin almas\u0131 s\u00f6z konusu de\u011fildi muhtemelen.<\/p>\n\n\n\n<p>Hollanda&#8217;da ise, bebe\u011fin embriyo an\u0131ndan do\u011fumuna kadarki ve hatta do\u011fumundan sonraki sa\u011fl\u0131k kontrolleri vesaire i\u00e7in cebimizden \u00e7\u0131kan miktar 3 haneli bir rakama ula\u015fmam\u0131\u015ft\u0131r. Akl\u0131ma gelen \u00f6dedi\u011fimiz \u00fccretler, hamilelik s\u0131ras\u0131nda yap\u0131lan baz\u0131 opsiyonel tetkikler, Kraamzorg hizmetinin kat\u0131l\u0131m ad\u0131 alt\u0131nda \u00e7ok ufak bir y\u00fczdesi ve benim hastanede yedi\u011fim yeme\u011fin \u00fccreti kadard\u0131 (sigorta sadece annenin yediklerini kar\u015f\u0131l\u0131yor). Ama bunlar\u0131n yek\u00fcn\u00fc az \u00f6nce s\u00f6yledi\u011fim gibi 100 Euro&#8217;yu ge\u00e7memi\u015f gibi g\u00f6r\u00fcn\u00fcyor.<\/p>\n\n\n\n<p>Bunun yan\u0131nda al\u0131nan hizmetin niteli\u011fine bakacak olursak, tabi bu k\u0131s\u0131m bir\u00e7ok ki\u015fi taraf\u0131ndan farkl\u0131 de\u011ferlendiriliyor ama benim kendi \u015fahsi fikrim Hollanda&#8217;daki as\u0131l ger\u00e7ek sa\u011fl\u0131k sisteminin (GP&#8217;yi atlatmay\u0131 ba\u015farabilirseniz ula\u015ft\u0131\u011f\u0131n\u0131z k\u0131s\u0131m) s\u0131nav\u0131 ge\u00e7ti\u011fi \u015feklinde. Gerek sa\u011fl\u0131k personelinin ilgi alakas\u0131, gerek fasilitelerin kalitesi bence T\u00fcrkiye&#8217;de \u00f6zel sa\u011fl\u0131k hizmeti ile e\u015fde\u011fer kalibredeydi. Ve bunun \u00fcst\u00fcne, i\u00e7inizde \u015fu rahatl\u0131k oluyor: &#8220;bu hizmetten paras\u0131 olan olmayan herkes e\u015fit bir \u015fekilde faydalanabiliyor&#8221;. Bu, benim gibi; <strong>bireylerin de\u011fil genel bir kom\u00fcnitenin refah\u0131n\u0131n<\/strong> bir toplumun genel mutlulu\u011fu ve huzurunda belirleyici etken oldu\u011funa inanan biri i\u00e7in \u00f6nemli bir de\u011fer. Ayr\u0131ca sa\u011fl\u0131k hizmetlerinin kapitalize olmam\u0131\u015f olmas\u0131 da sizin ald\u0131\u011f\u0131n\u0131z sa\u011fl\u0131k hizmetinden emin olman\u0131z\u0131 sa\u011fl\u0131yor \u00e7\u00fcnk\u00fc i\u015fin ucunda &#8220;para&#8221; de\u011fil ger\u00e7ekten sadece hizmetin kendisi ve daha az etik &#8220;dilemma&#8221; var. T\u00fcm bu noktalar nedeniyle, sosyal devlet ve &#8220;universal health care&#8221; mant\u0131\u011f\u0131 benim kafamdaki &#8220;kollektif refah&#8221; idealleri ve felsefesi ile bire bir \u00f6rt\u00fc\u015f\u00fcyor. B\u00f6yle d\u00fc\u015f\u00fcnmeyen, daha bireysel bir bak\u0131\u015f a\u00e7\u0131s\u0131nda olanlar genelde bu sistemi ele\u015ftirip, T\u00fcrkiye&#8217;de paras\u0131yla ne kadar g\u00fczel, kaliteli bir sa\u011fl\u0131k hizmeti alabildiklerine de\u011finerek Hollanda sa\u011fl\u0131k sistemini ele\u015ftireceklerdir, bu da herkesin kendi g\u00f6r\u00fc\u015f\u00fc der ge\u00e7erim.<\/p>\n\n\n\n<p>Yani mesela T\u00fcrkiye&#8217;de e\u011fer \u00f6zel sa\u011fl\u0131k hizmeti almadan, tamamen devletin imkanlar\u0131yla bu s\u00fcre\u00e7ten ge\u00e7seniz nas\u0131l bir do\u011fum deneyimi ya\u015fard\u0131n\u0131z, bu da benim g\u00f6rmedi\u011fim, bilmedi\u011fim bir k\u0131s\u0131m o y\u00fczden bir kar\u015f\u0131la\u015ft\u0131rma, bir sonu\u00e7 \u00e7\u0131karmam do\u011fru olmaz. E\u011fer bu case&#8217;i bilen duyan varsa bu yazd\u0131klar\u0131mla kar\u015f\u0131la\u015ft\u0131rarak bir sonuca vars\u0131n diye buraya a\u00e7\u0131k bir alan b\u0131rakay\u0131m.<\/p>\n\n\n\n<p>Bak\u0131m hizmetlerine gelecek olursak, Hollanda&#8217;da son d\u00f6nemde duydu\u011funuz \u00fczere \u00f6zellikle i\u015fte \u00e7ocuk bak\u0131m\u0131, \u00f6\u011fretmen, sa\u011fl\u0131k \u00e7al\u0131\u015fan\u0131 gibi alanlarda ciddi personel s\u0131k\u0131nt\u0131s\u0131 olmas\u0131ndan dolay\u0131, kre\u015f gibi hizmetlere ula\u015f\u0131m eskiye g\u00f6re zorla\u015ft\u0131. Bu y\u00fczden \u00f6rne\u011fin \u00e7ocu\u011funuzu kre\u015fe vermek istiyorsan\u0131z epey \u00f6nceden s\u0131raya girmeniz gerekiyor. \u00d6rne\u011fin Ediz&#8217;i 3 ay sonra kre\u015fe vermek istesek bu epey zorlu bir s\u00fcre\u00e7 olabilirdi ama bizim durumumuzda zaten 1 sene kadar evde \u00d6zge ile kalacaklar\u0131n\u0131 \u00f6ng\u00f6rd\u00fc\u011f\u00fcm\u00fcz i\u00e7in erkenden kre\u015f s\u0131ralar\u0131na yaz\u0131larak hangisinde yer a\u00e7\u0131l\u0131rsa buraya erken kay\u0131t yapt\u0131rmay\u0131 hedefledik. Bu da bir &#8220;duruma adaptasyon&#8221; stratejisi denebilir zira paray\u0131 veren d\u00fcd\u00fc\u011f\u00fc \u00e7alar kaidesi her zaman ge\u00e7erli olmuyor anlatt\u0131\u011f\u0131m gibi. Ama \u00f6\u011freniyoruz ki kre\u015f yerine farkl\u0131 bir s\u00fcr\u00fc alternatif varm\u0131\u015f (gastouder veya eve oppas gelmesi gibi) ve insanlar art\u0131k bunlar\u0131 daha \u00e7ok tercih etmeye ba\u015flam\u0131\u015f. Bunlar da duruma adapte olmak i\u00e7in se\u00e7ilebilecek yollar.<\/p>\n\n\n\n<h2 class=\"wp-block-heading\">Art\u0131k D\u00f6rt Ki\u015fiyiz \ud83d\ude42<\/h2>\n\n\n\n<p>\u015eahs\u0131m ad\u0131na d\u00f6rt ki\u015filik bir ailede b\u00fcy\u00fcm\u00fc\u015f birisi olarak, bir karde\u015fe sahip olman\u0131n her zaman bir ki\u015fiye anne-babas\u0131 taraf\u0131ndan e\u015fsiz bir hediye oldu\u011funu d\u00fc\u015f\u00fcnm\u00fc\u015f\u00fcmd\u00fcr. Zahmetli, ama \u00e7ok k\u0131ymetli bir hediye. Karde\u015fimle \u00e7ocuklu\u011fumuz boyunca evimiz, zaman zaman kafes d\u00f6v\u00fc\u015flerini aratmayacak vah\u015fette kavgalara ve kaosa sahne olsa da, herhalde o olmasa a\u015f\u0131r\u0131 derecede s\u0131k\u0131l\u0131r ve bug\u00fcn sahip oldu\u011fum bir\u00e7ok bilgiyi ve erdemi, hayatta ya \u00e7ok ge\u00e7 \u00f6\u011frenir ya da hi\u00e7 \u00f6\u011frenemezdim. O y\u00fczden g\u00fcn\u00fcm\u00fcz \u015fartlar\u0131nda bunu ba\u015farmak biraz zor olsa da, bence bir ailenin ideal ki\u015fi say\u0131s\u0131 4 ki\u015fidir. Tek \u00e7ocuk olarak b\u00fcy\u00fcyen \u00d6zge bile bunu s\u00f6yler durur hep. \u00c7ocukken annesine babas\u0131na hep \u015funu sorarm\u0131\u015f: &#8220;bir asans\u00f6r bile 4 ki\u015filik, biz neden 3 ki\u015fiyiz?&#8221;<\/p>\n\n\n\n<p>\u00d6zge&#8217;nin ailesi bile yeri geldi\u011finde bu konudaki pi\u015fmanl\u0131klar\u0131n\u0131 dile getirince, bu bize bir uyan\u0131\u015f gibi oldu, i\u015fte d\u00f6rt ki\u015fi olmaya giden \u00e7etin yolu g\u00f6ze almam\u0131zdaki en b\u00fcy\u00fck etkenlerden biri buydu diyebilirim.<\/p>\n\n\n\n<p>Ekin de bir karde\u015fe olan \u00f6zlemini zaman zaman (hatta son bir senede daha da s\u0131k) dile getirip durunca dedik ki biz ona ayn\u0131 \u00f6zlemi ya\u015fatmayal\u0131m, ayn\u0131 pi\u015fmanl\u0131\u011f\u0131 ileride dile getirmeyelim, bir karde\u015fe sahip olmak ger\u00e7ekten bir hediye ve biz ona bu olduk\u00e7a zahmetli ama bir o kadar k\u0131ymetli hediyeyi vermeyi uygun g\u00f6rd\u00fck. O da karde\u015finin geli\u015fini, onun i\u00e7in her ne kadar karma\u015f\u0131k bir s\u00fcre\u00e7 olsa da \u015fampiyon gibi kar\u015f\u0131lad\u0131 ve karde\u015finin do\u011fum an\u0131ndan \u015fu zamana kadarki s\u00fcre\u00e7te ya\u015fad\u0131klar\u0131n\u0131 ya\u015f\u0131ndan beklenmeyecek b\u00fcy\u00fckl\u00fckte bir olgunluk ve adaptasyonla kar\u015f\u0131lad\u0131. Bir karde\u015fi oldu\u011fu i\u00e7in ne kadar mutlu oldu\u011funu g\u00f6rd\u00fck\u00e7e, onun nas\u0131l \u00fczerine titredi\u011fini, onu ne kadar \u00e7ok sevdi\u011fini g\u00f6rd\u00fck\u00e7e i\u00e7imiz umut ve sevgiyle doluyor ve ne kadar do\u011fru bir karar verdi\u011fimizi hissediyoruz.<\/p>\n\n\n\n<div class=\"wp-block-image\"><figure class=\"aligncenter size-large\"><img data-recalc-dims=\"1\" loading=\"lazy\" decoding=\"async\" width=\"750\" height=\"1000\" src=\"https:\/\/i0.wp.com\/dogukantunc.com\/wp-content\/uploads\/2022\/11\/IMG_20220807_091722.jpg?resize=750%2C1000&#038;ssl=1\" alt=\"\" class=\"wp-image-1607\" srcset=\"https:\/\/i0.wp.com\/dogukantunc.com\/wp-content\/uploads\/2022\/11\/IMG_20220807_091722.jpg?resize=768%2C1024&amp;ssl=1 768w, https:\/\/i0.wp.com\/dogukantunc.com\/wp-content\/uploads\/2022\/11\/IMG_20220807_091722.jpg?resize=225%2C300&amp;ssl=1 225w, https:\/\/i0.wp.com\/dogukantunc.com\/wp-content\/uploads\/2022\/11\/IMG_20220807_091722.jpg?w=781&amp;ssl=1 781w\" sizes=\"auto, (max-width: 750px) 100vw, 750px\" \/><\/figure><\/div>\n\n\n\n<p>Az \u00f6nce anlatt\u0131\u011f\u0131m gibi, ilk \u00fc\u00e7 ay ger\u00e7ekten ne siz sorun ne ben anlatay\u0131m, o derece yorucuydu ve \u00d6zge&#8217;nin bu konudaki anlatacaklar\u0131 benimkine k\u0131yasla kat be kat b\u00fcy\u00fckt\u00fcr muhtemelen. Geceleri \u00e7o\u011funlukla ben ertesi g\u00fcn i\u015fe giderken zombi gibi gitmeyeyim diye beni uyand\u0131rm\u0131yor yaz\u0131k, ben de m\u00fcmk\u00fcn oldu\u011funca g\u00fcnd\u00fczleri Ediz&#8217;in ya da geriye kalan di\u011fer i\u015flerin y\u00fck\u00fcn\u00fc alabildi\u011fim kadar s\u0131rtlan\u0131yorum. Bunlar tabi bir yandan, Ekin&#8217;in ihtiya\u00e7lar\u0131n\u0131 g\u00f6zard\u0131 etmemeye \u00e7al\u0131\u015farak ve onun herhangi bir sebepten k\u0131skan\u00e7l\u0131k hissetmemesine \u00e7abalayarak yap\u0131l\u0131yor. Yani evin dinamikleri \u015fu s\u0131ra h\u0131zla de\u011fi\u015fiyor ve bunun korumas\u0131 hassas bir denge oldu\u011fu daha \u015fimdiden belli. Kald\u0131 ki bu \u00e7ocuklar\u0131n ikisi de b\u00fcy\u00fcy\u00fcnce kim bilir ne kadar zorla\u015facak bu dengeleri korumak.<\/p>\n\n\n\n<p>Ama t\u00fcm zorluklar\u0131na ra\u011fmen gelecekte buna pi\u015fman olmayaca\u011f\u0131m\u0131za o kadar eminim ki. \u0130nsan \u00f6mr\u00fc dedi\u011fin ge\u00e7ip giderken geriye p\u0131rlanta gibi, birbirini seven ve g\u00f6zeten iki evlat b\u0131rakmak, onlar\u0131 ortaya \u00e7\u0131kar\u0131p, maddi manevi t\u00fcm her \u015feyini onlara aktarmak, insan\u0131n ya\u015fama amac\u0131n\u0131n bu oldu\u011funu d\u00fc\u015f\u00fcnd\u00fcr\u00fcyor.<\/p>\n\n\n\n<div class=\"wp-block-image\"><figure class=\"aligncenter size-large\"><img data-recalc-dims=\"1\" loading=\"lazy\" decoding=\"async\" width=\"750\" height=\"374\" src=\"https:\/\/i0.wp.com\/dogukantunc.com\/wp-content\/uploads\/2022\/11\/dsdsd.jpg?resize=750%2C374&#038;ssl=1\" alt=\"\" class=\"wp-image-1584\" srcset=\"https:\/\/i0.wp.com\/dogukantunc.com\/wp-content\/uploads\/2022\/11\/dsdsd.jpg?resize=1024%2C511&amp;ssl=1 1024w, https:\/\/i0.wp.com\/dogukantunc.com\/wp-content\/uploads\/2022\/11\/dsdsd.jpg?resize=300%2C150&amp;ssl=1 300w, https:\/\/i0.wp.com\/dogukantunc.com\/wp-content\/uploads\/2022\/11\/dsdsd.jpg?resize=768%2C383&amp;ssl=1 768w, https:\/\/i0.wp.com\/dogukantunc.com\/wp-content\/uploads\/2022\/11\/dsdsd.jpg?resize=1536%2C766&amp;ssl=1 1536w, https:\/\/i0.wp.com\/dogukantunc.com\/wp-content\/uploads\/2022\/11\/dsdsd.jpg?resize=2048%2C1021&amp;ssl=1 2048w\" sizes=\"auto, (max-width: 750px) 100vw, 750px\" \/><figcaption>5 y\u0131l aradan sonra farkl\u0131 bir \u00fclkede ayn\u0131 sticker&#8217;\u0131 bulup arabama yap\u0131\u015ft\u0131rd\u0131m<\/figcaption><\/figure><\/div>\n\n\n\n<p>\u0130\u015fte b\u00f6yle, uzun s\u00fcredir yaz\u0131 yazmasam da geri d\u00f6n\u00fc\u015f\u00fcm san\u0131rsam aradan ge\u00e7en s\u00fcreye de\u011fmi\u015ftir diye d\u00fc\u015f\u00fcn\u00fcyorum ve okuyucuyla payla\u015faca\u011f\u0131m sevincin boyutu da ge\u00e7en s\u00fcreyle do\u011fru orant\u0131l\u0131 olmu\u015f gibi. Bu yaz\u0131n\u0131n ard\u0131ndan da yine hayat\u0131m\u0131zda olan di\u011fer b\u00fcy\u00fck olaylar\u0131 da aktarmaya ve bu vesileyle bu olaylar s\u0131ras\u0131nda edindi\u011fim bilgi ve deneyimleri siz okuyucuyla payla\u015fmaya \u00e7al\u0131\u015f\u0131yor olaca\u011f\u0131m.<\/p>\n\n\n\n<p>Bir yaz\u0131n\u0131n daha sonuna gelmi\u015f bulunuyoruz efem. Updated Tun\u00e7 ailesi olarak sizleri de en i\u00e7ten duygular\u0131m\u0131zla selamlar\u0131z.<\/p>\n\n\n\n<p>Dar\u0131s\u0131 t\u00fcm +1 ki\u015fi olmay\u0131 arzulayanlar\u0131n ba\u015f\u0131na!<\/p>\n\n\n\n<div class=\"wp-block-image\"><figure class=\"aligncenter size-large\"><img data-recalc-dims=\"1\" loading=\"lazy\" decoding=\"async\" width=\"576\" height=\"1024\" src=\"https:\/\/i0.wp.com\/dogukantunc.com\/wp-content\/uploads\/2022\/11\/IMG_20221109_124550-COLLAGE.jpg?resize=576%2C1024&#038;ssl=1\" alt=\"\" class=\"wp-image-1608\" srcset=\"https:\/\/i0.wp.com\/dogukantunc.com\/wp-content\/uploads\/2022\/11\/IMG_20221109_124550-COLLAGE.jpg?resize=576%2C1024&amp;ssl=1 576w, https:\/\/i0.wp.com\/dogukantunc.com\/wp-content\/uploads\/2022\/11\/IMG_20221109_124550-COLLAGE.jpg?resize=169%2C300&amp;ssl=1 169w, https:\/\/i0.wp.com\/dogukantunc.com\/wp-content\/uploads\/2022\/11\/IMG_20221109_124550-COLLAGE.jpg?resize=768%2C1365&amp;ssl=1 768w, https:\/\/i0.wp.com\/dogukantunc.com\/wp-content\/uploads\/2022\/11\/IMG_20221109_124550-COLLAGE.jpg?resize=864%2C1536&amp;ssl=1 864w, https:\/\/i0.wp.com\/dogukantunc.com\/wp-content\/uploads\/2022\/11\/IMG_20221109_124550-COLLAGE.jpg?w=1088&amp;ssl=1 1088w\" sizes=\"auto, (max-width: 576px) 100vw, 576px\" \/><\/figure><\/div>\n","protected":false},"excerpt":{"rendered":"<p>Merhaba, uzunca bir s\u00fcredir bir yaz\u0131 (herhangi bir yaz\u0131) yazam\u0131yorum maalesef. Bu s\u0131rada hayat\u0131mda olup biten ve aktarmaya de\u011fer bir s\u00fcr\u00fc \u015fey birikti ve benim de iki se\u00e7ene\u011fim vard\u0131: birincisi bunlar\u0131 tek bir dev yaz\u0131ya s\u0131\u011fd\u0131rmaya \u00e7al\u0131\u015f\u0131p okunmas\u0131 imkans\u0131z bir yumak haline getirmek, ikincisi ise ger\u00e7ekten kendi \u00f6zel b\u00f6l\u00fcm\u00fcn\u00fc hak<\/p>\n","protected":false},"author":2,"featured_media":1572,"comment_status":"open","ping_status":"open","sticky":false,"template":"","format":"standard","meta":{"_jetpack_memberships_contains_paid_content":false,"footnotes":""},"categories":[9,8],"tags":[20,64,15,36,66],"class_list":["post-1547","post","type-post","status-publish","format-standard","has-post-thumbnail","hentry","category-fatherhood","category-hayat","tag-cocuk","tag-ebeveynlik","tag-hayat","tag-lifeevent","tag-saglik"],"jetpack_featured_media_url":"https:\/\/i0.wp.com\/dogukantunc.com\/wp-content\/uploads\/2022\/11\/IMG_20220712_104005-scaled.jpg?fit=2560%2C1920&ssl=1","jetpack_sharing_enabled":true,"_links":{"self":[{"href":"https:\/\/dogukantunc.com\/index.php?rest_route=\/wp\/v2\/posts\/1547","targetHints":{"allow":["GET"]}}],"collection":[{"href":"https:\/\/dogukantunc.com\/index.php?rest_route=\/wp\/v2\/posts"}],"about":[{"href":"https:\/\/dogukantunc.com\/index.php?rest_route=\/wp\/v2\/types\/post"}],"author":[{"embeddable":true,"href":"https:\/\/dogukantunc.com\/index.php?rest_route=\/wp\/v2\/users\/2"}],"replies":[{"embeddable":true,"href":"https:\/\/dogukantunc.com\/index.php?rest_route=%2Fwp%2Fv2%2Fcomments&post=1547"}],"version-history":[{"count":51,"href":"https:\/\/dogukantunc.com\/index.php?rest_route=\/wp\/v2\/posts\/1547\/revisions"}],"predecessor-version":[{"id":1647,"href":"https:\/\/dogukantunc.com\/index.php?rest_route=\/wp\/v2\/posts\/1547\/revisions\/1647"}],"wp:featuredmedia":[{"embeddable":true,"href":"https:\/\/dogukantunc.com\/index.php?rest_route=\/wp\/v2\/media\/1572"}],"wp:attachment":[{"href":"https:\/\/dogukantunc.com\/index.php?rest_route=%2Fwp%2Fv2%2Fmedia&parent=1547"}],"wp:term":[{"taxonomy":"category","embeddable":true,"href":"https:\/\/dogukantunc.com\/index.php?rest_route=%2Fwp%2Fv2%2Fcategories&post=1547"},{"taxonomy":"post_tag","embeddable":true,"href":"https:\/\/dogukantunc.com\/index.php?rest_route=%2Fwp%2Fv2%2Ftags&post=1547"}],"curies":[{"name":"wp","href":"https:\/\/api.w.org\/{rel}","templated":true}]}}