{"id":1889,"date":"2024-01-18T22:16:03","date_gmt":"2024-01-18T21:16:03","guid":{"rendered":"https:\/\/dogukantunc.com\/?p=1889"},"modified":"2024-03-12T01:12:46","modified_gmt":"2024-03-12T00:12:46","slug":"2023-retro-hollandada-4-yil-enerji-donusumu-ve-diger-icraatler","status":"publish","type":"post","link":"https:\/\/dogukantunc.com\/?p=1889","title":{"rendered":"2023 Retro: Hollanda&#8217;da 4 y\u0131l, Enerji D\u00f6n\u00fc\u015f\u00fcm\u00fc ve Di\u011fer \u0130craatler"},"content":{"rendered":"\n<p>Sene bitimlerinde, aylard\u0131r k\u00f6\u015fede duran blog&#8217;umu a\u00e7\u0131p bir \u015feyler karalama d\u00fcrt\u00fcm nedense canlan\u0131r, bunun temelde, kapanan y\u0131la bir g\u00f6z atma arzusundan kaynakland\u0131\u011f\u0131n\u0131 d\u00fc\u015f\u00fcn\u00fcrd\u00fcm, ama muhakkak Aral\u0131k ay\u0131n\u0131n hosting hizmetimin yenilenme d\u00f6nemi olmas\u0131n\u0131n &#8211; ve bunca paray\u0131 veriyorum, bari aktif kullanay\u0131m hissinin- de tetikleyici bir etkisi oldu\u011funu d\u00fc\u015f\u00fcn\u00fcyorum. (Spoiler: Hosting her ge\u00e7en sene giderek daha da pahal\u0131 bir hizmet haline gelmekte).<\/p>\n\n\n\n<p>Tabi \u015faka bir yana, yeni y\u0131l her y\u0131l kapan\u0131\u015f yaz\u0131mda da tekrarlad\u0131\u011f\u0131m gibi, T\u00fcrkiye&#8217;deki hayat\u0131m\u0131z\u0131 b\u0131rak\u0131p Hollanda&#8217;ya ta\u015f\u0131nmam\u0131z\u0131n, hatta ASML&#8217;de i\u015fe ba\u015flay\u0131\u015f\u0131m\u0131n, bununla beraber bir s\u00fcr\u00fc olay\u0131n da otomatik olarak sene-i devriyesi oluyor. Zaten bakt\u0131m da, bu &#8220;ge\u00e7mi\u015f y\u0131l retrosu&#8221; i\u015fini iyiden iyiye gelenek haline getirmem daha \u00e7ok Hollanda&#8217;ya ta\u015f\u0131nd\u0131ktan sonra ba\u015flad\u0131 galiba. \u0130nsan al\u0131\u015ft\u0131\u011f\u0131, bildi\u011fi \u015feyi b\u0131rak\u0131p bir s\u00fcr\u00fc de\u011fi\u015fimden ge\u00e7ince, geriye bak\u0131p &#8220;ben napt\u0131m, neler geldi ba\u015f\u0131ma, ne badireler atlatt\u0131m&#8221; sorusunu daha \u00e7ok sorma e\u011filimi g\u00f6steriyor. Bir de bunu web sayfam \u00fczerinden bir yaz\u0131yla yaparak, o sene olan biten ilgin\u00e7likleri okuyucuyla payla\u015fm\u0131\u015f olmay\u0131 hedefliyorum.<\/p>\n\n\n\n<h2 class=\"wp-block-heading\">Neredeydik, Neredeyiz<\/h2>\n\n\n\n<p>Ocak 2020. \u0130stifam\u0131 vermi\u015fim ili\u015fi\u011fi kesmi\u015fim. Ankara Kentpark AVM&#8217;deki Samsonite&#8217;ta \u015f\u00f6yle b\u00fcy\u00fck sa\u011flam bir bavul bak\u0131yorum. Vizem haz\u0131rlanm\u0131\u015f, biletlerim al\u0131nm\u0131\u015f. Art\u0131k g\u00fcn say\u0131yorum. Sonra sabah\u0131n k\u00f6r\u00fcnde u\u00e7a\u011fa tek ba\u015f\u0131ma bini\u015fim. Eindhoven&#8217;a ini\u015fim. O so\u011fuk ve nemli havay\u0131 ilk i\u00e7ime \u00e7ekti\u011fim an.<\/p>\n\n\n\n<p>Bu anlar, ya\u015fad\u0131\u011f\u0131m s\u00fcre boyunca \u00e7ok net hat\u0131rlayaca\u011f\u0131m ve \u00e7ok \u00f6zel an\u0131lar olacak.<\/p>\n\n\n<div class=\"wp-block-image\">\n<figure class=\"aligncenter size-large\"><img data-recalc-dims=\"1\" loading=\"lazy\" decoding=\"async\" width=\"576\" height=\"1024\" src=\"https:\/\/i0.wp.com\/dogukantunc.com\/wp-content\/uploads\/2024\/01\/image-6.png?resize=576%2C1024&#038;ssl=1\" alt=\"\" class=\"wp-image-1942\" srcset=\"https:\/\/i0.wp.com\/dogukantunc.com\/wp-content\/uploads\/2024\/01\/image-6.png?resize=576%2C1024&amp;ssl=1 576w, https:\/\/i0.wp.com\/dogukantunc.com\/wp-content\/uploads\/2024\/01\/image-6.png?resize=169%2C300&amp;ssl=1 169w, https:\/\/i0.wp.com\/dogukantunc.com\/wp-content\/uploads\/2024\/01\/image-6.png?resize=768%2C1365&amp;ssl=1 768w, https:\/\/i0.wp.com\/dogukantunc.com\/wp-content\/uploads\/2024\/01\/image-6.png?resize=864%2C1536&amp;ssl=1 864w, https:\/\/i0.wp.com\/dogukantunc.com\/wp-content\/uploads\/2024\/01\/image-6.png?w=1073&amp;ssl=1 1073w\" sizes=\"auto, (max-width: 576px) 100vw, 576px\" \/><figcaption class=\"wp-element-caption\"><em>4 sene \u00f6nce, Ankara&#8217;daki son yeni y\u0131l\u0131m\u0131zda \u00d6zge&#8217;nin bana ald\u0131\u011f\u0131 s\u00fcper kullan\u0131\u015fl\u0131 hediye (ve bug\u00fcn hala kullan\u0131yorum)<\/em><\/figcaption><\/figure><\/div>\n\n\n<p>4 sene yine her zaman dedi\u011fim gibi; bir a\u00e7\u0131dan bakarsan uzun bir s\u00fcre, bir a\u00e7\u0131dan da k\u00fc\u00e7\u00fck bir zaman dilimi. O zamana s\u0131\u011fd\u0131rd\u0131klar\u0131nla \u00f6l\u00e7\u00fclebilecek bir kavram bence.<\/p>\n\n\n\n<p>Ama d\u00fc\u015f\u00fcn\u00fcnce biz de bu 4 seneye epey bir \u015fey s\u0131\u011fd\u0131rd\u0131k, kim bilir belki bundan \u00f6nceki hayat\u0131m\u0131zda 15 y\u0131lda vuku bulan de\u011fi\u015fimi 4 seneye s\u0131\u011fd\u0131rd\u0131k. Hayat\u0131m\u0131z tepeden t\u0131rna\u011fa de\u011fi\u015fti bakt\u0131\u011f\u0131m\u0131zda, her sene daha de\u011fi\u015fik \u015feyler \u00f6\u011frendik, her sene daha bir farkl\u0131 deneyimler edindik. Ailemizin her bir ferdinin hayat\u0131ndaki pivot noktalar\u0131, ya\u015fad\u0131\u011f\u0131m\u0131z ev, gitti\u011fimiz okul, i\u015fyerimiz, ve tabi ki ailemizdeki ki\u015fi say\u0131s\u0131 de\u011fi\u015fti.<\/p>\n\n\n\n<p>Ama 2023, \u00f6nceki 3 y\u0131la g\u00f6re bu de\u011fi\u015fikliklerin biraz daha azald\u0131\u011f\u0131, stabilitenin biraz daha hayat\u0131m\u0131za girdi\u011fi bir y\u0131l oldu. Tabi yeni evimize, evde yeni ayaklanm\u0131\u015f bir haydutla hayata, yeni bir dile al\u0131\u015fmak da az i\u015f de\u011fildi. Ekin bile bir s\u00fcr\u00fc \u015fey \u00f6\u011frendi, \u00e7ok \u015feyle ba\u015fa \u00e7\u0131kt\u0131, \u00e7ok g\u00fczel adapte oldu. Onunla ne kadar gurur duysak az.<\/p>\n\n\n\n<p>Ediz bile \u00e7ok b\u00fcy\u00fcd\u00fc bu 1 senede -ki zaten bebek dedi\u011fin 1 sene gibi k\u0131sa bir s\u00fcrede b\u00fcy\u00fcy\u00fc\u015f\u00fcn\u00fc en net g\u00f6zlemleyebildi\u011fin canl\u0131- o da ele avuca gelmeye, aram\u0131zda y\u00fcr\u00fcmeye ba\u015flad\u0131. Art\u0131k ablas\u0131yla aras\u0131ndaki ba\u011f da materyalize olmaya ba\u015flad\u0131 ki, izlerken insan\u0131n i\u00e7ini tarifsiz g\u00fczel duygularla dolduran g\u00f6r\u00fcnt\u00fcler ortaya \u00e7\u0131kmaya ba\u015flad\u0131.<\/p>\n\n\n<div class=\"wp-block-image\">\n<figure class=\"aligncenter size-large\"><img data-recalc-dims=\"1\" loading=\"lazy\" decoding=\"async\" width=\"750\" height=\"1000\" src=\"https:\/\/i0.wp.com\/dogukantunc.com\/wp-content\/uploads\/2023\/12\/image-10.png?resize=750%2C1000&#038;ssl=1\" alt=\"\" class=\"wp-image-1909\" srcset=\"https:\/\/i0.wp.com\/dogukantunc.com\/wp-content\/uploads\/2023\/12\/image-10.png?resize=768%2C1024&amp;ssl=1 768w, https:\/\/i0.wp.com\/dogukantunc.com\/wp-content\/uploads\/2023\/12\/image-10.png?resize=225%2C300&amp;ssl=1 225w, https:\/\/i0.wp.com\/dogukantunc.com\/wp-content\/uploads\/2023\/12\/image-10.png?resize=1152%2C1536&amp;ssl=1 1152w, https:\/\/i0.wp.com\/dogukantunc.com\/wp-content\/uploads\/2023\/12\/image-10.png?w=1430&amp;ssl=1 1430w\" sizes=\"auto, (max-width: 750px) 100vw, 750px\" \/><\/figure><\/div>\n\n\n<p><\/p>\n\n\n\n<p>Ortaya \u00e7\u0131kard\u0131\u011f\u0131n\u0131z iki canl\u0131n\u0131n aralar\u0131ndaki etkile\u015fimi izleyip keyiflenmemek m\u00fcmk\u00fcn de\u011fil. Daha ileride neler yapacaklar\u0131n\u0131, ba\u015f\u0131m\u0131za ne \u00e7oraplar \u00f6receklerini d\u00fc\u015f\u00fcn\u00fcp meraklan\u0131yoruz \u00d6zge&#8217;yle.<\/p>\n\n\n\n<h2 class=\"wp-block-heading\">Ediz&#8217;in Kre\u015fe Ba\u015flay\u0131\u015f\u0131 ve Hastal\u0131klar<\/h2>\n\n\n\n<p>Bu senenin hem Ediz hem ailenin geri kalan\u0131 i\u00e7in en \u00f6nemli olaylar\u0131ndan biri, art\u0131k Ediz&#8217;in kre\u015fe gitmeye ba\u015flamas\u0131yd\u0131. \u00d6zge&#8217;nin bir noktada eninde sonunda \u00e7al\u0131\u015fmaya d\u00f6nece\u011fini d\u00fc\u015f\u00fcnerek, daha neredeyse Ediz do\u011fmadan <em>Korein <\/em>i\u00e7in s\u0131raya girmi\u015ftik. <\/p>\n\n\n\n<p>Hollanda ve di\u011fer civar Avrupa \u00fclkelerinde hizmet ya da e\u011fitimli personel gereksinimi olan sekt\u00f6rlerde bitmek t\u00fckenmek bilmeyen bir <em>personel a\u00e7\u0131\u011f\u0131<\/em> var son senelerde, duymayan kalmam\u0131\u015ft\u0131r herhalde. Bir \u015fekilde Corona&#8217;dan sonra daha bir belirgin hale geldi, art\u0131k insanlar \u00e7al\u0131\u015fmaktan m\u0131 vazge\u00e7ti noldu bilmiyorum \u00f6z\u00fcndeki sebebi. Ama neticede bu da \u00f6rne\u011fin kre\u015f hizmeti i\u00e7in normalden daha uzun bekleme s\u0131ralar\u0131 anlam\u0131na geliyor.<\/p>\n\n\n\n<p>Ama biz Ekin de halen okul sonras\u0131 aktivite ve oyun i\u00e7in gitti\u011fi kurum olan Korein&#8217;e, Ediz i\u00e7in taa \u00e7ok evvelden (1 sene kadar) yazarak s\u0131ra ald\u0131\u011f\u0131m\u0131z i\u00e7in s\u0131k\u0131nt\u0131 beklemiyorduk ve art\u0131k yava\u015f yava\u015f vadesi yakla\u015fmaya ba\u015flad\u0131\u011f\u0131nda firmaya bu durumu hat\u0131rlatt\u0131k, ama maalesef firmadan bize kontenjan ile ilgili olumsuz yan\u0131t geldi. Evet bu t\u00fcr hizmetlerde s\u0131ra \u00e7ok, ama bu kadar uzun bir s\u0131ra olma ihtimali de olamaz diye d\u00fc\u015f\u00fcnd\u00fck. \u00d6zge firmaya net ve biraz ayar\u015finas bir mail d\u00f6\u015fedikten sonra Ediz&#8217;e bir yer ayarlad\u0131lar. Y\u00fcksek ihtimalle kendi taraflar\u0131nda yap\u0131lan bir hata ya da unutkanl\u0131k buna sebep oldu ama neyse ki bunu kendi i\u00e7lerinde \u00e7\u00f6zebildiler. Ediz&#8217;in kre\u015fe gidememesi bizim i\u00e7in b\u00fcy\u00fck bir sorun olurdu a\u00e7\u0131k\u00e7as\u0131. \u0130\u015fyerimde yeni do\u011fan \u00e7ocu\u011funa kre\u015f bulamad\u0131\u011f\u0131 i\u00e7in i\u015fe d\u00f6nemeyen ve iznini uzatmak zorunda kalan bir arkada\u015f\u0131m var an itibariyle. <\/p>\n\n\n\n<p>Bir de Ediz&#8217;in biraz h\u0131zl\u0131 ve biraz ayars\u0131zca &#8220;ayaklanmas\u0131&#8221; ona ev d\u0131\u015f\u0131nda enerjisini atabilece\u011fi, farkl\u0131 aktiviteler yapabilece\u011fi bir ortam sunma gereklili\u011fini art\u0131rd\u0131.<\/p>\n\n\n<div class=\"wp-block-image\">\n<figure class=\"aligncenter size-large\"><img data-recalc-dims=\"1\" loading=\"lazy\" decoding=\"async\" width=\"750\" height=\"1000\" src=\"https:\/\/i0.wp.com\/dogukantunc.com\/wp-content\/uploads\/2024\/01\/image-17.png?resize=750%2C1000&#038;ssl=1\" alt=\"\" class=\"wp-image-1969\" srcset=\"https:\/\/i0.wp.com\/dogukantunc.com\/wp-content\/uploads\/2024\/01\/image-17.png?resize=768%2C1024&amp;ssl=1 768w, https:\/\/i0.wp.com\/dogukantunc.com\/wp-content\/uploads\/2024\/01\/image-17.png?resize=225%2C300&amp;ssl=1 225w, https:\/\/i0.wp.com\/dogukantunc.com\/wp-content\/uploads\/2024\/01\/image-17.png?resize=1152%2C1536&amp;ssl=1 1152w, https:\/\/i0.wp.com\/dogukantunc.com\/wp-content\/uploads\/2024\/01\/image-17.png?w=1430&amp;ssl=1 1430w\" sizes=\"auto, (max-width: 750px) 100vw, 750px\" \/><figcaption class=\"wp-element-caption\"><em>Ediz Tun\u00e7, 14 ayl\u0131kken (kre\u015fe ihtiyac\u0131m\u0131z oldu\u011funun g\u00f6stergesi)<\/em><\/figcaption><\/figure><\/div>\n\n\n<p>Neyse ki sorunlar halloldu ve Ediz 18 Eyl\u00fcl 2023 g\u00fcn\u00fc kre\u015fe ad\u0131m att\u0131. Bu da bizim i\u00e7in \u00e7ok b\u00fcy\u00fck bir mihenk noktas\u0131 \u00e7\u00fcnk\u00fc 1 y\u0131l\u0131 a\u015fk\u0131n s\u00fcredir %100 oran\u0131nda \u00fcstlendi\u011fimiz \u00e7ocuk bak\u0131m i\u015fini (harici bir yard\u0131m almadan), nihayet birileriyle payla\u015fma f\u0131rsat\u0131 bulduk. Ediz&#8217;in do\u011fumundan itibaren ge\u00e7en 1 sene, ikimiz i\u00e7in de olduk\u00e7a yorucu ve zor bir seneydi. Benden daha \u00e7ok da \u00d6zge i\u00e7in biraz nefes almak anlam\u0131na geliyordu bu olay.<\/p>\n\n\n\n<p>Tabi ki bu sene Ediz&#8217;in de kre\u015fe ba\u015flamas\u0131, Ekin&#8217;in zaten okulu derken, evde \u00e7e\u015fit \u00e7e\u015fit patojen festivali ba\u015flad\u0131. \u00d6zellikle y\u0131l\u0131n sonlar\u0131na do\u011fru bi \u00fcst \u00fcste ate\u015fli hastal\u0131klar, nurtopu gibi bir koronavir\u00fcs, hemen arkas\u0131ndan daha kendimize gelemeden vuran grip, devam\u0131nda sin\u00fczit, \u00f6ks\u00fcr\u00fck, kusmuk derken \u015f\u00f6yle g\u00fczel bi Mega-Kill yedik&#8230;<\/p>\n\n\n<div class=\"wp-block-image\">\n<figure class=\"aligncenter size-full\"><img data-recalc-dims=\"1\" loading=\"lazy\" decoding=\"async\" width=\"639\" height=\"425\" src=\"https:\/\/i0.wp.com\/dogukantunc.com\/wp-content\/uploads\/2024\/01\/image-8.png?resize=639%2C425&#038;ssl=1\" alt=\"\" class=\"wp-image-1947\" srcset=\"https:\/\/i0.wp.com\/dogukantunc.com\/wp-content\/uploads\/2024\/01\/image-8.png?w=639&amp;ssl=1 639w, https:\/\/i0.wp.com\/dogukantunc.com\/wp-content\/uploads\/2024\/01\/image-8.png?resize=300%2C200&amp;ssl=1 300w, https:\/\/i0.wp.com\/dogukantunc.com\/wp-content\/uploads\/2024\/01\/image-8.png?resize=360%2C240&amp;ssl=1 360w\" sizes=\"auto, (max-width: 639px) 100vw, 639px\" \/><\/figure><\/div>\n\n\n<p>\u015eu an hepimizde 3-4 haftad\u0131r ge\u00e7meyen, art\u0131k v\u00fccudumuzun bir par\u00e7as\u0131 haline gelen \u00f6ks\u00fcr\u00fck mevcut. Ama okudu\u011fum kadar\u0131yla bu sene \u00e7ok fazla ki\u015fide bu ge\u00e7meyen \u00f6ks\u00fcr\u00fck durumu varm\u0131\u015f, hatta \u00f6yle ki, Dude With Sign bile bu konuyu pankart\u0131na ta\u015f\u0131d\u0131 ge\u00e7en g\u00fcn.<\/p>\n\n\n<div class=\"wp-block-image\">\n<figure class=\"aligncenter size-large\"><img data-recalc-dims=\"1\" loading=\"lazy\" decoding=\"async\" width=\"750\" height=\"840\" src=\"https:\/\/i0.wp.com\/dogukantunc.com\/wp-content\/uploads\/2024\/01\/WhatsApp-Gorsel-2024-01-06-saat-09.53.31_a38857ee.jpg?resize=750%2C840&#038;ssl=1\" alt=\"\" class=\"wp-image-1944\" srcset=\"https:\/\/i0.wp.com\/dogukantunc.com\/wp-content\/uploads\/2024\/01\/WhatsApp-Gorsel-2024-01-06-saat-09.53.31_a38857ee.jpg?resize=914%2C1024&amp;ssl=1 914w, https:\/\/i0.wp.com\/dogukantunc.com\/wp-content\/uploads\/2024\/01\/WhatsApp-Gorsel-2024-01-06-saat-09.53.31_a38857ee.jpg?resize=268%2C300&amp;ssl=1 268w, https:\/\/i0.wp.com\/dogukantunc.com\/wp-content\/uploads\/2024\/01\/WhatsApp-Gorsel-2024-01-06-saat-09.53.31_a38857ee.jpg?resize=768%2C860&amp;ssl=1 768w, https:\/\/i0.wp.com\/dogukantunc.com\/wp-content\/uploads\/2024\/01\/WhatsApp-Gorsel-2024-01-06-saat-09.53.31_a38857ee.jpg?w=1080&amp;ssl=1 1080w\" sizes=\"auto, (max-width: 750px) 100vw, 750px\" \/><figcaption class=\"wp-element-caption\"><em>Biri kre\u015fe biri okula giden bebelerin olsa anlard\u0131n neden oldu\u011funu dude&#8230;<\/em><\/figcaption><\/figure><\/div>\n\n\n<p>S\u00f6ylenene g\u00f6re 1-2 sene d\u0131\u015far\u0131 \u00e7\u0131kmad\u0131k, patojenlere maruz kalmad\u0131k diye olmu\u015f, antikorlar g\u00fcncelli\u011fini yitirmi\u015f. Valla bilemiyorum, bu herhalde \u015fimdiye kadarki en bol hastal\u0131kl\u0131 k\u0131\u015ft\u0131 benim i\u00e7in. Hi\u00e7 bu kadar \u00fcst \u00fcste hasta olmam\u0131\u015f\u0131md\u0131r. Bo\u011faz a\u011fr\u0131m 1 ayd\u0131r ge\u00e7medi, art\u0131k kronik faranjite \u00e7evirdi muhtemelen. Zaten Covid de 2 sene \u00f6nceki haline g\u00f6re \u00e7ok daha geli\u015ftirmi\u015f kendini kerata, daha a\u011f\u0131r ge\u00e7irdim bunu maalesef, ci\u011ferlerim bu kadar k\u00f6t\u00fc etkilenmemi\u015fti o zaman. Stamina falan v\u00fccudu terk etti, 2 kat merdiven \u00e7\u0131k\u0131p nefes nefese kal\u0131yorum hala. Bilmiyorum ne zaman ge\u00e7er tam olarak.<\/p>\n\n\n\n<p>Bir de hani hasta olunca bi k\u00f6\u015feye \u00e7ekilip huzurla dinlenerek iyile\u015fme rutini maalesef \u00e7ocuklu bir evde \u00e7ok m\u00fcmk\u00fcn olmuyor. \u00d6zgeyle s\u0131rayla d\u00fc\u015f\u00fcyoruz ve hangimiz d\u00fc\u015ft\u00fcyse di\u011feri i\u00e7in 1v2 az\u0131l\u0131 bir combat ba\u015fl\u0131yor. Bu da iyile\u015fme s\u00fcrecini en az\u0131ndan ebeveynler i\u00e7in iki kat\u0131na \u00e7\u0131kar\u0131yor. \u0130cab\u0131nda kendi hastal\u0131\u011f\u0131n\u0131 unutup \u00e7ocuklar\u0131n hastal\u0131\u011f\u0131na \u00e7are bulmaya \u00e7al\u0131\u015f\u0131rken ya da evde durmaktan (tatil d\u00f6nemi) s\u0131k\u0131lan bebeleri e\u011flerken buluyorsun kendini.<\/p>\n\n\n<div class=\"wp-block-image\">\n<figure class=\"aligncenter size-full\"><img data-recalc-dims=\"1\" loading=\"lazy\" decoding=\"async\" width=\"438\" height=\"302\" src=\"https:\/\/i0.wp.com\/dogukantunc.com\/wp-content\/uploads\/2024\/01\/image-9.png?resize=438%2C302&#038;ssl=1\" alt=\"\" class=\"wp-image-1948\" srcset=\"https:\/\/i0.wp.com\/dogukantunc.com\/wp-content\/uploads\/2024\/01\/image-9.png?w=438&amp;ssl=1 438w, https:\/\/i0.wp.com\/dogukantunc.com\/wp-content\/uploads\/2024\/01\/image-9.png?resize=300%2C207&amp;ssl=1 300w\" sizes=\"auto, (max-width: 438px) 100vw, 438px\" \/><figcaption class=\"wp-element-caption\"><em>Hastal\u0131k durumlar\u0131n\u0131 metanetle kar\u015f\u0131lamaya \u00e7al\u0131\u015f\u0131rken bendeniz<\/em><\/figcaption><\/figure><\/div>\n\n\n<p>Yine de bir \u015fekilde atlatt\u0131k\/atlat\u0131yoruz ve hayat\u0131m\u0131za devam ediyoruz. Ediz kre\u015fe olduk\u00e7a al\u0131\u015ft\u0131, Ekin \u00fc\u00e7\u00fcnc\u00fc (asl\u0131nda bizim sisteme g\u00f6re 1.) s\u0131n\u0131fta, hayat\u0131ndan pek memnun, okumay\u0131, yazmay\u0131 \u00f6\u011freniyor. Art\u0131k b\u00fcy\u00fcd\u00fcm havalar\u0131nda. <\/p>\n\n\n<div class=\"wp-block-image\">\n<figure class=\"aligncenter size-large\"><img data-recalc-dims=\"1\" loading=\"lazy\" decoding=\"async\" width=\"750\" height=\"563\" src=\"https:\/\/i0.wp.com\/dogukantunc.com\/wp-content\/uploads\/2024\/01\/image-18.png?resize=750%2C563&#038;ssl=1\" alt=\"\" class=\"wp-image-1972\" srcset=\"https:\/\/i0.wp.com\/dogukantunc.com\/wp-content\/uploads\/2024\/01\/image-18.png?resize=1024%2C768&amp;ssl=1 1024w, https:\/\/i0.wp.com\/dogukantunc.com\/wp-content\/uploads\/2024\/01\/image-18.png?resize=300%2C225&amp;ssl=1 300w, https:\/\/i0.wp.com\/dogukantunc.com\/wp-content\/uploads\/2024\/01\/image-18.png?resize=768%2C576&amp;ssl=1 768w, https:\/\/i0.wp.com\/dogukantunc.com\/wp-content\/uploads\/2024\/01\/image-18.png?resize=1536%2C1152&amp;ssl=1 1536w, https:\/\/i0.wp.com\/dogukantunc.com\/wp-content\/uploads\/2024\/01\/image-18.png?resize=2048%2C1536&amp;ssl=1 2048w, https:\/\/i0.wp.com\/dogukantunc.com\/wp-content\/uploads\/2024\/01\/image-18.png?w=2250&amp;ssl=1 2250w\" sizes=\"auto, (max-width: 750px) 100vw, 750px\" \/><\/figure><\/div>\n\n\n<p>Hat\u0131rl\u0131yorum onun ya\u015flar\u0131nda ben de kendimi art\u0131k b\u00fcy\u00fcd\u00fcm, adam oldum triplerinde bulurdum s\u0131kl\u0131kla. \u00d6zellikle ilkokul ikinci s\u0131n\u0131fa ge\u00e7ti\u011fimde &#8220;off ne bi\u00e7im b\u00fcy\u00fcd\u00fcm ya resmen 8 ya\u015f\u0131nday\u0131m&#8221; diye d\u00fc\u015f\u00fcnm\u00fc\u015ft\u00fcm kendi kendime. \u00c7ocuk zihni \u00e7ok g\u00fczel ve saf bir zihin.<\/p>\n\n\n\n<p>Ekin&#8217;in okul hayat\u0131 olduk\u00e7a iyi gidiyor. Okulu seviyor, okuma yazmay\u0131 \u00f6\u011frenmeye \u00e7ok hevesli, arkada\u015flar\u0131yla ve \u00f6\u011fretmenleriyle aras\u0131 iyi. Bizi bu anlamda hi\u00e7 \u00fczm\u00fcyor tatl\u0131 b\u00f6ce\u011fim (onun da ba\u015fka marifetleri var&#8230;).<\/p>\n\n\n\n<h2 class=\"wp-block-heading\">Renovasyon, Ye\u015fil Enerji D\u00f6n\u00fc\u015f\u00fcm\u00fc, Ustal\u0131k D\u00f6nemi<\/h2>\n\n\n\n<p>2022, Ukrayna&#8217;da ba\u015flayan sava\u015fla beraber bildi\u011finiz \u00fczere enerji g\u00fcvenli\u011fi ve do\u011falgaz fiyatlar\u0131 a\u00e7\u0131s\u0131ndan t\u00fcm Avrupa&#8217;da s\u0131k\u0131nt\u0131l\u0131 bir y\u0131ld\u0131. Ard\u0131ndan gelen s\u00fcre\u00e7te herkes \u00f6yle ya da b\u00f6yle kendince \u00f6nlemler almaya \u00e7al\u0131\u015ft\u0131. O y\u00fczden ben de enine boyuna d\u00fc\u015f\u00fcnerek ve dikkatle planlayarak, evimizi enerji verimli ve s\u00fcrd\u00fcr\u00fclebilir bir ev haline getirmek, Energy Label&#8217;da da en az 2 kademe atlamak i\u00e7in bu y\u0131l epey bir proje hayata ge\u00e7irdim.<\/p>\n\n\n\n<p>\u00d6ncelikle \u015eubat ay\u0131nda \u00f6n kap\u0131m\u0131z ve baz\u0131 pencereler de\u011fi\u015fti. Burada \u015f\u00f6yle enteresan bir detay vermek isterim. 2022 yaz aylar\u0131nda eski do\u011framalara sahip bir \u00f6n kap\u0131 ve baz\u0131 pencerelerimizi de\u011fi\u015ftirmek i\u00e7in, Eindhoven&#8217;da pek k\u00fc\u00e7\u00fck olmayan bir pencere firmas\u0131na gittik, fiyat ald\u0131k. Ard\u0131ndan \u00f6l\u00e7\u00fcler al\u0131nd\u0131 vesaire sipari\u015f verdik ama montaj tarihini 7 (evet yedi) ay sonras\u0131na verdikleri i\u00e7in k\u0131\u015f\u0131n ortas\u0131na denk geldi bu tadilat. Yani normalde asl\u0131nda A\u011fustos civar\u0131 gibi uygulanmas\u0131n\u0131 hedeflemi\u015ftik. Dolay\u0131s\u0131yla \u015eubat&#8217;\u0131n ortas\u0131nda kap\u0131s\u0131z penceresiz 1 g\u00fcn ge\u00e7irdi \u00e7ocuk \u00e7oluk. Evin i\u00e7indeki toz toprak da cabas\u0131.<\/p>\n\n\n\n<p>Ama neticede g\u00fczel bir \u00f6n kap\u0131m\u0131z ve iyi yal\u0131t\u0131ml\u0131 pencerelerimiz oldu.<\/p>\n\n\n\n<figure class=\"wp-block-image size-large\"><img data-recalc-dims=\"1\" loading=\"lazy\" decoding=\"async\" width=\"750\" height=\"283\" src=\"https:\/\/i0.wp.com\/dogukantunc.com\/wp-content\/uploads\/2023\/12\/image-4.png?resize=750%2C283&#038;ssl=1\" alt=\"\" class=\"wp-image-1901\" srcset=\"https:\/\/i0.wp.com\/dogukantunc.com\/wp-content\/uploads\/2023\/12\/image-4.png?resize=1024%2C387&amp;ssl=1 1024w, https:\/\/i0.wp.com\/dogukantunc.com\/wp-content\/uploads\/2023\/12\/image-4.png?resize=300%2C113&amp;ssl=1 300w, https:\/\/i0.wp.com\/dogukantunc.com\/wp-content\/uploads\/2023\/12\/image-4.png?resize=768%2C290&amp;ssl=1 768w, https:\/\/i0.wp.com\/dogukantunc.com\/wp-content\/uploads\/2023\/12\/image-4.png?resize=1536%2C581&amp;ssl=1 1536w, https:\/\/i0.wp.com\/dogukantunc.com\/wp-content\/uploads\/2023\/12\/image-4.png?resize=2048%2C775&amp;ssl=1 2048w, https:\/\/i0.wp.com\/dogukantunc.com\/wp-content\/uploads\/2023\/12\/image-4.png?w=2250&amp;ssl=1 2250w\" sizes=\"auto, (max-width: 750px) 100vw, 750px\" \/><\/figure>\n\n\n\n<p>Sa\u011fdaki daha k\u00fc\u00e7\u00fck olan kap\u0131, saya\u00e7lar\u0131n bulundu\u011fu dolap. En sa\u011fdaki k\u00fc\u00e7\u00fck gri kutu ise bir teslimat kutusu. Bunu da bir kom\u015fudan g\u00f6rd\u00fcm ve \u00e7ok ak\u0131ll\u0131ca geldi, hemen ben de al\u0131p takt\u0131m. E\u011fer evde de\u011filseniz ve bir teslimat i\u00e7in geldilerse, paketi getiren ki\u015fi bu kutuyu a\u00e7\u0131p i\u00e7ine paketinizi b\u0131rak\u0131p \u00fcst\u00fcndeki kilite bas\u0131yor. Siz gelip anahtarla kilidi a\u00e7\u0131p paketinizi al\u0131yorsunuz.<\/p>\n\n\n\n<p>Bu i\u015flerin hemen ard\u0131ndan son zamanlar\u0131n popi konular\u0131ndan biri ile ilgili bir proje ba\u015flatt\u0131m: Hibrit Is\u0131 Pompas\u0131.<\/p>\n\n\n\n<p>Evi sat\u0131n ald\u0131\u011f\u0131m\u0131zda eski bir do\u011falgaz kombisi tak\u0131l\u0131yd\u0131. Bunu de\u011fi\u015ftirmek zaten zaruriydi. O s\u0131ralarda da hala bir\u00e7ok ki\u015fi \u0131s\u0131 pompas\u0131n\u0131 konu\u015fsa da, \u00e7evremdekilerle konu\u015ftu\u011fumda bu \u00fcr\u00fcn\u00fcn verimlili\u011fi ve standart bir gaz kombisine k\u0131yasla ne kadar rand\u0131manl\u0131 \u0131s\u0131nma sa\u011flayabildi\u011fi ile ilgili karars\u0131zlard\u0131. Bendeniz direkt ara\u015ft\u0131rmaya ve fiyat almaya ba\u015flad\u0131m bile. Karars\u0131zl\u0131k hallerini pek sevmem.<\/p>\n\n\n\n<p>Zaten evimizin \u00e7at\u0131s\u0131na \u00f6nceki y\u0131l evi al\u0131r almaz 9 adet g\u00fcne\u015f paneli takt\u0131rm\u0131\u015ft\u0131m. Bunlar da zaten bizim normal \u015fartlarda t\u00fcketti\u011fimizin \u00fczerinde bir \u00fcretim kapasitesine sahip. Bunu da bilerek bu \u015fekilde se\u00e7mi\u015ftim zaten, elektrikli araba, \u0131s\u0131 pompas\u0131, i\u015fte ne bileyim do\u011falgazl\u0131 ocak yerine elektrikli ocak gibi d\u00f6n\u00fc\u015f\u00fcmler i\u00e7in ek bir kapasite olsun diye. Ama\u00e7 en nihayetinde gaz sayac\u0131n\u0131 kald\u0131rtmak benim i\u00e7in.<\/p>\n\n\n<div class=\"wp-block-image\">\n<figure class=\"aligncenter size-full\"><img data-recalc-dims=\"1\" loading=\"lazy\" decoding=\"async\" width=\"750\" height=\"606\" src=\"https:\/\/i0.wp.com\/dogukantunc.com\/wp-content\/uploads\/2024\/01\/image-20.png?resize=750%2C606&#038;ssl=1\" alt=\"\" class=\"wp-image-1986\" srcset=\"https:\/\/i0.wp.com\/dogukantunc.com\/wp-content\/uploads\/2024\/01\/image-20.png?w=969&amp;ssl=1 969w, https:\/\/i0.wp.com\/dogukantunc.com\/wp-content\/uploads\/2024\/01\/image-20.png?resize=300%2C242&amp;ssl=1 300w, https:\/\/i0.wp.com\/dogukantunc.com\/wp-content\/uploads\/2024\/01\/image-20.png?resize=768%2C621&amp;ssl=1 768w\" sizes=\"auto, (max-width: 750px) 100vw, 750px\" \/><figcaption class=\"wp-element-caption\"><em>2023 \u015eubat ve Mart aral\u0131\u011f\u0131nda \u00e7at\u0131daki tadilat nedeniyle s\u00f6k\u00fclen paneller nedeniyle \u00fcretim durmu\u015ftu<\/em><\/figcaption><\/figure><\/div>\n\n\n<p>Neticede bu ekstra \u00fcretilen enerjiyle do\u011falgaz yerine elektrikle evi daha ekonomik ve daha s\u00fcrd\u00fcr\u00fclebilir \u015fekilde \u0131s\u0131tmak akl\u0131ma yatt\u0131. Econic diye bir firma ile bir s\u00fcre g\u00f6r\u00fc\u015ft\u00fcm. Farkl\u0131 marka ve modellerin kombinasyonlar\u0131yla ilgili fikir ald\u0131m. Sonu\u00e7ta hesab\u0131 kitab\u0131 yapt\u0131\u011f\u0131mda bu yat\u0131r\u0131m\u0131n makul bir s\u00fcrede kendini \u00f6deyece\u011fi a\u00e7\u0131kt\u0131. Ayr\u0131ca gaz fiyatlar\u0131ndaki dalgalanmalardan ve sonlu bir kayna\u011fa muhta\u00e7 ya\u015famaktan muafiyet de cabas\u0131. Bilmeyenler i\u00e7in, bu t\u00fcr yat\u0131r\u0131mlara Hollanda&#8217;da b\u00fcy\u00fck oranda da devlet \u00f6dene\u011fi (Subsidie) bulunuyor. Evinizin enerji verimlili\u011fi i\u00e7in yapt\u0131\u011f\u0131n\u0131z her \u00f6demenin geri al\u0131nabilir bir k\u0131sm\u0131 var. \u00d6rne\u011fin g\u00fcne\u015f panelleri i\u00e7in yapt\u0131\u011f\u0131m yat\u0131r\u0131m\u0131n b\u00fcy\u00fck k\u0131sm\u0131n\u0131 devletten geri alm\u0131\u015ft\u0131m. Ayn\u0131s\u0131 \u0131s\u0131 pompas\u0131 ya da di\u011fer yat\u0131r\u0131mlar i\u00e7in ge\u00e7erli.<\/p>\n\n\n\n<figure class=\"wp-block-image size-large\"><img data-recalc-dims=\"1\" loading=\"lazy\" decoding=\"async\" width=\"750\" height=\"563\" src=\"https:\/\/i0.wp.com\/dogukantunc.com\/wp-content\/uploads\/2023\/12\/image-5.png?resize=750%2C563&#038;ssl=1\" alt=\"\" class=\"wp-image-1903\" srcset=\"https:\/\/i0.wp.com\/dogukantunc.com\/wp-content\/uploads\/2023\/12\/image-5.png?resize=1024%2C768&amp;ssl=1 1024w, https:\/\/i0.wp.com\/dogukantunc.com\/wp-content\/uploads\/2023\/12\/image-5.png?resize=300%2C225&amp;ssl=1 300w, https:\/\/i0.wp.com\/dogukantunc.com\/wp-content\/uploads\/2023\/12\/image-5.png?resize=768%2C576&amp;ssl=1 768w, https:\/\/i0.wp.com\/dogukantunc.com\/wp-content\/uploads\/2023\/12\/image-5.png?resize=1536%2C1152&amp;ssl=1 1536w, https:\/\/i0.wp.com\/dogukantunc.com\/wp-content\/uploads\/2023\/12\/image-5.png?resize=2048%2C1536&amp;ssl=1 2048w, https:\/\/i0.wp.com\/dogukantunc.com\/wp-content\/uploads\/2023\/12\/image-5.png?w=2250&amp;ssl=1 2250w\" sizes=\"auto, (max-width: 750px) 100vw, 750px\" \/><\/figure>\n\n\n\n<p>Is\u0131 pompas\u0131 \u00e7ok g\u00fczel oldu, endi\u015felerimin aksine hemen hemen s\u0131f\u0131r g\u00fcr\u00fclt\u00fc ile tertemiz bir \u015fekilde t\u00fcm evi \u0131s\u0131tabiliyor. Mesela ya\u011fl\u0131 bir radyat\u00f6rle bir oday\u0131 \u0131s\u0131tabilece\u011finiz enerjiyle t\u00fcm evi \u0131s\u0131t\u0131yor. <\/p>\n\n\n\n<p>\u00c7al\u0131\u015fma verimlili\u011fi Hollanda gibi a\u015f\u0131r\u0131 u\u00e7ta s\u0131cakl\u0131klar\u0131n nadiren g\u00f6r\u00fcld\u00fc\u011f\u00fc bir iklim i\u00e7in de ideal. Ha, olur da s\u0131cakl\u0131k anormal d\u00fc\u015ferse, (verimlili\u011finin art\u0131k %100&#8217;\u00fcn alt\u0131na d\u00fc\u015ft\u00fc\u011f\u00fc -8\/-10 C gibi s\u0131cakl\u0131klarda) gaz kombisi t\u0131k diye g\u00f6revi devral\u0131p evi \u0131s\u0131tmaya devam ediyor, onun d\u0131\u015f\u0131nda %100 elektrikle \u0131s\u0131nm\u0131\u015f oluyorsunuz. Bu do\u011falgaz backup kombisini elektrikli kombi ile ileride de\u011fi\u015ftirmek de m\u00fcmk\u00fcn. O zaman art\u0131k kendinizi gaz grid&#8217;inden koparm\u0131\u015f oluyorsunuz.<\/p>\n\n\n\n<p>Tabi \u0131s\u0131 pompas\u0131 gibi bir cihaz i\u00e7in evinizin yal\u0131t\u0131m\u0131n\u0131n da daha kuvvetli olmas\u0131 gerekiyor. Bu y\u00fczden de \u00f6n kap\u0131dan tut pencerelere, d\u0131\u015f cephe yal\u0131t\u0131m\u0131ndan \u00e7at\u0131 izolasyonuna kadar bir s\u00fcr\u00fc kalemde de paralelde iyile\u015ftirme yapmak gerekiyor. Biz neyse ki bir iki kalemi halletmi\u015f bulunuyorduk zaten. Ama o esnada da hala d\u0131\u015f cephe i\u00e7in &#8220;duvar aras\u0131 bo\u015fluk izolasyonu&#8221; (Spouwmuurisolatie) firmas\u0131 bak\u0131yordum.<\/p>\n\n\n\n<p>Ben bu izolasyon i\u00e7in de bir firmadan teklif ald\u0131m, \u0131s\u0131 pompas\u0131 tak\u0131ld\u0131ktan 1 ay sonra da duvar aras\u0131 izolasyon k\u00f6p\u00fc\u011f\u00fc s\u0131k\u0131lmas\u0131 i\u00e7in geldiler.<\/p>\n\n\n\n<p>Hollanda&#8217;da evlerin en d\u0131\u015f\u0131ndaki tu\u011flalar ile i\u00e7 duvar\u0131 aras\u0131nda bir bo\u015fluk bulunuyor, bu da san\u0131r\u0131m zaman\u0131nda do\u011fal bir \u0131s\u0131 yal\u0131t\u0131m metodu olarak uygulanm\u0131\u015f, baz\u0131lar\u0131nda ta\u015f y\u00fcn\u00fc koymu\u015flar, ama sa\u011fl\u0131\u011fa zararl\u0131 oldu\u011fu anla\u015f\u0131l\u0131nca bu uygulama geri \u00e7ekilmi\u015f. \u015eimdilerde bu bo\u015flu\u011fu \u0131s\u0131 yal\u0131t\u0131m\u0131 a\u00e7\u0131s\u0131ndan efektif bir k\u00f6p\u00fck malzeme ile doldurmak yayg\u0131n.<\/p>\n\n\n\n<figure class=\"wp-block-image size-large\"><img data-recalc-dims=\"1\" loading=\"lazy\" decoding=\"async\" width=\"750\" height=\"455\" src=\"https:\/\/i0.wp.com\/dogukantunc.com\/wp-content\/uploads\/2024\/01\/image-11.png?resize=750%2C455&#038;ssl=1\" alt=\"\" class=\"wp-image-1952\" srcset=\"https:\/\/i0.wp.com\/dogukantunc.com\/wp-content\/uploads\/2024\/01\/image-11.png?resize=1024%2C621&amp;ssl=1 1024w, https:\/\/i0.wp.com\/dogukantunc.com\/wp-content\/uploads\/2024\/01\/image-11.png?resize=300%2C182&amp;ssl=1 300w, https:\/\/i0.wp.com\/dogukantunc.com\/wp-content\/uploads\/2024\/01\/image-11.png?resize=768%2C465&amp;ssl=1 768w, https:\/\/i0.wp.com\/dogukantunc.com\/wp-content\/uploads\/2024\/01\/image-11.png?w=1500&amp;ssl=1 1500w\" sizes=\"auto, (max-width: 750px) 100vw, 750px\" \/><\/figure>\n\n\n\n<p>\u0130zolasyon i\u015fi de izlemesi \u00e7ok e\u011flenceli bir \u015fey, evin d\u0131\u015f cephesinde d\u00fczenli aral\u0131klarla bir s\u00fcr\u00fc delik a\u00e7\u0131p buradan bu \u00f6zel k\u00f6p\u00fc\u011f\u00fc i\u00e7eri bas\u0131yorlar. Bu t\u00fcm duvar i\u00e7ine yay\u0131larak bir yal\u0131t\u0131m katman\u0131 olu\u015fturuyor. Hatta at\u0131yorum evin i\u00e7inde duvara a\u00e7\u0131lan b\u00fcy\u00fck bir havaland\u0131rma deli\u011fi falan varsa ge\u00e7mi\u015f olsun, oras\u0131 da k\u00f6p\u00fckle doluyor. O y\u00fczden k\u00f6p\u00fc\u011f\u00fc basmadan \u00f6nce her deli\u011fin kapanmas\u0131 gerek. Bizim bir tane havaland\u0131rma nozulu o \u015fekilde doldu, materyal donduktan sonra elle tekrar kazmak zorunda kald\u0131m haha.<\/p>\n\n\n\n<p>Bu icraatle beraber enerji d\u00f6n\u00fc\u015f\u00fcm\u00fc yat\u0131r\u0131mlar\u0131m\u0131z en az\u0131ndan bu senelik sona erdi. \u0130leride \u00e7at\u0131 izolasyonunu yenileme ile tekrar devam edece\u011fiz muhtemelen. Ama \u015fu an i\u00e7in eve yapt\u0131\u011f\u0131m yat\u0131r\u0131mlardan ziyadesiyle memnunum ve gelece\u011fe y\u00f6nelik b\u00fcy\u00fck bir ad\u0131m oldu\u011funu d\u00fc\u015f\u00fcn\u00fcyorum. \u00d6rne\u011fin ge\u00e7en seneki Aral\u0131k ay\u0131 enerji (gaz + elektrik) faturam\u0131zla bu senekine bak\u0131nca ne demek istedi\u011fimi daha iyi anlayabilirsiniz.<\/p>\n\n\n<div class=\"wp-block-image\">\n<figure class=\"aligncenter size-large\"><img data-recalc-dims=\"1\" loading=\"lazy\" decoding=\"async\" width=\"750\" height=\"482\" src=\"https:\/\/i0.wp.com\/dogukantunc.com\/wp-content\/uploads\/2024\/01\/image.png?resize=750%2C482&#038;ssl=1\" alt=\"\" class=\"wp-image-1915\" srcset=\"https:\/\/i0.wp.com\/dogukantunc.com\/wp-content\/uploads\/2024\/01\/image.png?resize=1024%2C658&amp;ssl=1 1024w, https:\/\/i0.wp.com\/dogukantunc.com\/wp-content\/uploads\/2024\/01\/image.png?resize=300%2C193&amp;ssl=1 300w, https:\/\/i0.wp.com\/dogukantunc.com\/wp-content\/uploads\/2024\/01\/image.png?resize=768%2C493&amp;ssl=1 768w, https:\/\/i0.wp.com\/dogukantunc.com\/wp-content\/uploads\/2024\/01\/image.png?w=1124&amp;ssl=1 1124w\" sizes=\"auto, (max-width: 750px) 100vw, 750px\" \/><figcaption class=\"wp-element-caption\">Elektrik ve gaz harcamalar\u0131n\u0131n ge\u00e7en y\u0131la g\u00f6re kar\u015f\u0131la\u015ft\u0131rmas\u0131<\/figcaption><\/figure><\/div>\n\n\n<p>Tabi ge\u00e7en seneki birim fiyatlar \u015fimdiye g\u00f6re biraz daha y\u00fcksekti, ama yine de t\u00fcketim miktarlar\u0131na bak\u0131nca da hibrit \u0131s\u0131 pompas\u0131n\u0131n verimlili\u011fi g\u00f6r\u00fcl\u00fcyor. G\u00fcne\u015f panelleri y\u0131ll\u0131k 3.2 MWh civar\u0131 bir \u00fcretimle a\u015fa\u011f\u0131 yukar\u0131 k\u0131\u015f\u0131n harcad\u0131\u011f\u0131m elektri\u011fi \u00e7\u0131kar\u0131yor. Ho\u015f, <a rel=\"noreferrer noopener\" href=\"https:\/\/www.rijksoverheid.nl\/onderwerpen\/energie-thuis\/plan-kabinet-afbouw-salderingsregeling-zonnepanelen\" data-type=\"link\" data-id=\"https:\/\/www.rijksoverheid.nl\/onderwerpen\/energie-thuis\/plan-kabinet-afbouw-salderingsregeling-zonnepanelen\" target=\"_blank\">saldering yak\u0131nda kald\u0131r\u0131lacak<\/a> olsa da bir \u015fekilde bu enerjiyi depolama veya \u015febekeye geri satma yoluyla hala k\u00e2ra ge\u00e7mek m\u00fcmk\u00fcn.<\/p>\n\n\n\n<blockquote class=\"wp-block-quote is-layout-flow wp-block-quote-is-layout-flow\">\n<p>G\u00fcne\u015f paneli merakl\u0131lar\u0131 i\u00e7in \u00f6zetleyeyim: &#8220;Saldering&#8221; ya da di\u011fer ad\u0131yla &#8220;Net Metering&#8221; uygulamas\u0131 g\u00fcne\u015f enerjisi kullanan evlerin, bir fatura d\u00f6nemi (1 y\u0131l) boyunca \u00fcretti\u011fi ve \u015febekeye g\u00f6nderdi\u011fi t\u00fcm elektrikten, yine ayn\u0131 d\u00f6nemde kulland\u0131\u011f\u0131 elektri\u011fin d\u00fc\u015f\u00fclmesi (mahsupla\u015fma) metodu. Hollanda&#8217;da \u015fu anda bu uygulama aktif, yani \u00f6rne\u011fin ben hangi zamanda ne kadar enerji \u00fcretti\u011fimden ba\u011f\u0131ms\u0131z 1 sene boyunca \u015febekeye yollad\u0131\u011f\u0131m elektrikten, salt t\u00fcketimimi d\u00fc\u015f\u00fcnce \u00e7\u0131kan mebla\u011f\u0131 \u00f6d\u00fcyorum asl\u0131nda sadece.<\/p>\n\n\n\n<p>Bu durum g\u00fcne\u015f paneli olan ki\u015filer i\u00e7in \u00e7ok avantajl\u0131 olsa da, \u015febekeye getirilen ekstra y\u00fck nedeniyle ve bunun maliyetini hem g\u00fcne\u015f paneli olan hem olmayan vatanda\u015f \u00f6dedi\u011fi i\u00e7in adil olmad\u0131\u011f\u0131 kan\u0131s\u0131na var\u0131ld\u0131 ve uygulaman\u0131n kald\u0131r\u0131lmas\u0131 i\u00e7in mecliste bir \u00f6nerge \u00e7\u0131kt\u0131. Senato&#8217;dan da onay al\u0131rsa, Net Metering Scheme, 2025&#8217;ten ba\u015flayarak azala azala bitecek. 2031&#8217;den sonra mahsupla\u015fma m\u00fcmk\u00fcn olmasa da, yerine enerji depolama \u00e7\u00f6z\u00fcmleri (ak\u00fc) i\u00e7in yine devlet \u00f6denekleri, ya da normalde ald\u0131\u011f\u0131n\u0131zdan daha d\u00fc\u015f\u00fck bir rate&#8217;te (vergisiz) \u015febekeye bu enerjiyi yollay\u0131p paras\u0131n\u0131 almak m\u00fcmk\u00fcn olacak.<\/p>\n<\/blockquote>\n\n\n\n<p>Bu icraatleri ger\u00e7ekle\u015ftirdikten sonra, evin Energy Label&#8217;\u0131n\u0131 tekrar \u00f6l\u00e7t\u00fcrmek i\u00e7in bir uzman \u00e7a\u011f\u0131rd\u0131m. Bu uzman gelip yap\u0131lan i\u015flerin belgelerine, evin i\u00e7ine d\u0131\u015f\u0131na sa\u011f\u0131na soluna bakt\u0131ktan sonra bir rapor sunuyor. Bu raporun bir kopyas\u0131 da hatta belediyeye g\u00f6nderiliyor ve veritaban\u0131na yaz\u0131l\u0131yor. Biz evi sat\u0131n ald\u0131\u011f\u0131m\u0131zda Energy Label&#8217;\u0131 C idi.<\/p>\n\n\n<div class=\"wp-block-image\">\n<figure class=\"aligncenter size-large is-resized\"><img data-recalc-dims=\"1\" loading=\"lazy\" decoding=\"async\" width=\"750\" height=\"746\" src=\"https:\/\/i0.wp.com\/dogukantunc.com\/wp-content\/uploads\/2024\/03\/image-2.png?resize=750%2C746&#038;ssl=1\" alt=\"\" class=\"wp-image-2088\" style=\"aspect-ratio:1.0049067713444553;width:484px;height:auto\" srcset=\"https:\/\/i0.wp.com\/dogukantunc.com\/wp-content\/uploads\/2024\/03\/image-2.png?resize=1024%2C1019&amp;ssl=1 1024w, https:\/\/i0.wp.com\/dogukantunc.com\/wp-content\/uploads\/2024\/03\/image-2.png?resize=300%2C300&amp;ssl=1 300w, https:\/\/i0.wp.com\/dogukantunc.com\/wp-content\/uploads\/2024\/03\/image-2.png?resize=150%2C150&amp;ssl=1 150w, https:\/\/i0.wp.com\/dogukantunc.com\/wp-content\/uploads\/2024\/03\/image-2.png?resize=768%2C764&amp;ssl=1 768w, https:\/\/i0.wp.com\/dogukantunc.com\/wp-content\/uploads\/2024\/03\/image-2.png?w=1291&amp;ssl=1 1291w\" sizes=\"auto, (max-width: 750px) 100vw, 750px\" \/><\/figure><\/div>\n\n\n<p>Bu icraatleri ger\u00e7ekle\u015ftirdikten sonra gelen raporda bunun A+ seviyesine \u00e7\u0131kt\u0131\u011f\u0131 yaz\u0131yordu.<\/p>\n\n\n<div class=\"wp-block-image\">\n<figure class=\"aligncenter size-large is-resized\"><img data-recalc-dims=\"1\" loading=\"lazy\" decoding=\"async\" width=\"750\" height=\"745\" src=\"https:\/\/i0.wp.com\/dogukantunc.com\/wp-content\/uploads\/2024\/03\/image-1.png?resize=750%2C745&#038;ssl=1\" alt=\"\" class=\"wp-image-2087\" style=\"aspect-ratio:1.0068829891838742;width:509px;height:auto\" srcset=\"https:\/\/i0.wp.com\/dogukantunc.com\/wp-content\/uploads\/2024\/03\/image-1.png?resize=1024%2C1017&amp;ssl=1 1024w, https:\/\/i0.wp.com\/dogukantunc.com\/wp-content\/uploads\/2024\/03\/image-1.png?resize=300%2C298&amp;ssl=1 300w, https:\/\/i0.wp.com\/dogukantunc.com\/wp-content\/uploads\/2024\/03\/image-1.png?resize=150%2C150&amp;ssl=1 150w, https:\/\/i0.wp.com\/dogukantunc.com\/wp-content\/uploads\/2024\/03\/image-1.png?resize=768%2C763&amp;ssl=1 768w, https:\/\/i0.wp.com\/dogukantunc.com\/wp-content\/uploads\/2024\/03\/image-1.png?w=1304&amp;ssl=1 1304w\" sizes=\"auto, (max-width: 750px) 100vw, 750px\" \/><\/figure><\/div>\n\n\n<p>Bu durum sadece ka\u011f\u0131t \u00fczerinde bir fig\u00fcr de\u011fil, size bir finansal getirisi de var. Ev kredisini \u00e7ekti\u011fimiz bankaya bu durumu bildirdi\u011fimizde, yasa gere\u011fi ev kredisinin faizinde indirim uygulad\u0131lar. Yani ayl\u0131k krediye \u00f6dedi\u011fimiz mebla\u011fda indirim oldu. Ne kadar g\u00fczel de\u011fil mi.<\/p>\n\n\n\n<h2 class=\"wp-block-heading\">Ustal\u0131k D\u00f6nemi \u0130craatlerimiz<\/h2>\n\n\n\n<p>Bunlar\u0131n d\u0131\u015f\u0131nda ben kendim de evde bir dizi tadilata giri\u015ftim, arka\/\u00f6n kap\u0131ya hareket sens\u00f6r\u00fc ve g\u00fcvenlik kameras\u0131 tak\u0131lmas\u0131, eskiyen hava nozullar\u0131n\u0131n yenilenmesi, kirli \u00e7at\u0131 oluklar\u0131n\u0131n temizlenmesi, \u0131s\u0131tma sisteminin ve radyat\u00f6rlerin bak\u0131m\u0131 (bu baya 2-3 ay s\u00fcren ve \u00e7ok yorucu bir \u00e7abayd\u0131), \u00fc\u00e7 kata da 1 Gbit Wi-Fi Access Point \u00e7ekilmesi, k\u00fc\u00e7\u00fck elektrik\/s\u0131hhi tesisat iyile\u015ftirmeleri gibi. Backlog&#8217;um neredeyse hi\u00e7 bo\u015f kalmad\u0131 b\u00fct\u00fcn sene, her haftasonu ba\u015fka bir icraat, her haftasonu bir Praxis (yap\u0131 market) ziyareti. Sonu\u00e7 olarak yap\u0131lan i\u015flerin hepsi evimiz i\u00e7in. Ve netice itibariyle ev yeni yap\u0131lm\u0131\u015f bir ev olmad\u0131\u011f\u0131 ve b\u00fcy\u00fck bir bah\u00e7esi oldu\u011fu i\u00e7in <em>maintenance cost<\/em>&#8216;unu ba\u015ftan kabul edeceksiniz.<\/p>\n\n\n\n<p>Bunun bir g\u00f6stergesi olarak, toolkit&#8217;im son 1-2 senede o kadar b\u00fcy\u00fcd\u00fc ki. Yaprak \u00fcfleme makinas\u0131, elektrikli dal buday\u0131c\u0131, a\u011fa\u00e7 testeresi, t\u00fcrl\u00fc t\u00fcrl\u00fc alyen, makine ya\u011flar\u0131, elektrik te\u00e7hizat\u0131, s\u0131hhi tesisat gere\u00e7leri vesaire.<\/p>\n\n\n<div class=\"wp-block-image\">\n<figure class=\"aligncenter size-large\"><img data-recalc-dims=\"1\" loading=\"lazy\" decoding=\"async\" width=\"750\" height=\"1012\" src=\"https:\/\/i0.wp.com\/dogukantunc.com\/wp-content\/uploads\/2024\/01\/image-21.png?resize=750%2C1012&#038;ssl=1\" alt=\"\" class=\"wp-image-1988\" srcset=\"https:\/\/i0.wp.com\/dogukantunc.com\/wp-content\/uploads\/2024\/01\/image-21.png?resize=759%2C1024&amp;ssl=1 759w, https:\/\/i0.wp.com\/dogukantunc.com\/wp-content\/uploads\/2024\/01\/image-21.png?resize=222%2C300&amp;ssl=1 222w, https:\/\/i0.wp.com\/dogukantunc.com\/wp-content\/uploads\/2024\/01\/image-21.png?resize=768%2C1037&amp;ssl=1 768w, https:\/\/i0.wp.com\/dogukantunc.com\/wp-content\/uploads\/2024\/01\/image-21.png?resize=1138%2C1536&amp;ssl=1 1138w, https:\/\/i0.wp.com\/dogukantunc.com\/wp-content\/uploads\/2024\/01\/image-21.png?w=1413&amp;ssl=1 1413w\" sizes=\"auto, (max-width: 750px) 100vw, 750px\" \/><figcaption class=\"wp-element-caption\"><em>Bah\u00e7edeki A\u011fa\u00e7lar\u0131 Islah Etme \u00c7al\u0131\u015fmas\u0131<\/em><\/figcaption><\/figure><\/div>\n\n\n<p>Bir de parkelerin temizlenip z\u0131mpara\/cilalanmas\u0131 i\u015fine giri\u015ftim ve bunun i\u00e7in de bir z\u0131mpara cihaz\u0131 ald\u0131m ama daha sonradan bu i\u015fin beni ve k\u00fc\u00e7\u00fck el z\u0131mparam\u0131 a\u015ft\u0131\u011f\u0131n\u0131 fark edip bir firma arac\u0131l\u0131\u011f\u0131yla sistre cila i\u00e7in anla\u015ft\u0131m.<\/p>\n\n\n<div class=\"wp-block-image\">\n<figure class=\"aligncenter size-large\"><img data-recalc-dims=\"1\" loading=\"lazy\" decoding=\"async\" width=\"750\" height=\"563\" src=\"https:\/\/i0.wp.com\/dogukantunc.com\/wp-content\/uploads\/2023\/12\/image-9.png?resize=750%2C563&#038;ssl=1\" alt=\"\" class=\"wp-image-1908\" srcset=\"https:\/\/i0.wp.com\/dogukantunc.com\/wp-content\/uploads\/2023\/12\/image-9.png?resize=1024%2C768&amp;ssl=1 1024w, https:\/\/i0.wp.com\/dogukantunc.com\/wp-content\/uploads\/2023\/12\/image-9.png?resize=300%2C225&amp;ssl=1 300w, https:\/\/i0.wp.com\/dogukantunc.com\/wp-content\/uploads\/2023\/12\/image-9.png?resize=768%2C576&amp;ssl=1 768w, https:\/\/i0.wp.com\/dogukantunc.com\/wp-content\/uploads\/2023\/12\/image-9.png?resize=1536%2C1152&amp;ssl=1 1536w, https:\/\/i0.wp.com\/dogukantunc.com\/wp-content\/uploads\/2023\/12\/image-9.png?resize=2048%2C1536&amp;ssl=1 2048w, https:\/\/i0.wp.com\/dogukantunc.com\/wp-content\/uploads\/2023\/12\/image-9.png?w=2250&amp;ssl=1 2250w\" sizes=\"auto, (max-width: 750px) 100vw, 750px\" \/><figcaption class=\"wp-element-caption\"><em>\u0130zlemesi ASMR denebilecek bir aktivite<\/em><\/figcaption><\/figure><\/div>\n\n\n<p>\u015eimdi s\u0131rada bas\u0131n\u00e7l\u0131 su makinesi kiralay\u0131p bah\u00e7edeki ta\u015flar\u0131 ve karolar\u0131 temizleme giri\u015fimim var. Bu da insan\u0131 \u00e7ok tatmin eden bir temizlik bi\u00e7imi. Yosun, zamanla ta\u015flar\u0131n \u00fcst\u00fcn\u00fcn siyah renk almas\u0131na sebep oluyor. Bas\u0131n\u00e7l\u0131 suyla bir ge\u00e7iyorsunuz bembeyaz bir ta\u015f ortaya \u00e7\u0131k\u0131yor. Tatmin edici.<\/p>\n\n\n\n<p>D\u00fc\u015f\u00fcn\u00fcyorum, bundan 6-7 sene b\u00f6yle \u015feylerle hi\u00e7 u\u011fra\u015fmazd\u0131m, ustas\u0131n\u0131 arard\u0131m gelir yapard\u0131. Ama ne zaman insan\u0131n kendi evi oluyor, o zaman biraz bu i\u015fleri \u00f6\u011frenmek arzusu i\u00e7ine giriyor. Esas\u0131nda elimin ilk ger\u00e7ek anlamda tornavida \u00e7eki\u00e7 tuttu\u011fu yer askerlikti. Bu noktadan sonra bu i\u015fleri pek\u00e2la yapabildi\u011fimi fark etmemle beraber bunun daha b\u00fcy\u00fck bir keyif oldu\u011funu \u00f6\u011frenmem benim ellerimi daha s\u0131k bu i\u015flere bula\u015ft\u0131rmaya te\u015fvik etti. Tabi bunlar\u0131n \u00fczerine Hollanda&#8217;da tadilat i\u015flerinin T\u00fcrkiye&#8217;ye g\u00f6re \u00e7ok daha maliyetli olmas\u0131 da var. Maliyeti de ge\u00e7tim, basit bir elektrik tesisat\u0131 i\u015fi i\u00e7in bir teknisyen bulmak, ondan makul bir s\u00fcreye randevu almak, i\u015fi d\u00fczg\u00fcn g\u00fczel yapmas\u0131 gibi parametreler de var. O nedenle kesinlikle beni a\u015fan i\u015fler (\u00f6zel alet edevat, ekspertiz veya tek ba\u015f\u0131na yap\u0131lmas\u0131 fazla uzun s\u00fcrecek i\u015fler) d\u0131\u015f\u0131nda muhakkak kendim en az\u0131ndan deniyorum. Koca evi kendim boyad\u0131m neticesinde, kolay olmad\u0131 veya m\u00fckemmel bir i\u015f\u00e7ilik \u00e7\u0131kmad\u0131, ama makul \u00f6l\u00e7\u00fcde iyi bir i\u015f yapt\u0131\u011f\u0131m\u0131 d\u00fc\u015f\u00fcn\u00fcyorum. \u0130kincide \u00e7ok daha m\u00fckemmele yak\u0131n yapabilece\u011fim de ayr\u0131 bir konu.<\/p>\n\n\n\n<h2 class=\"wp-block-heading\">Vaardigheid In De Nederlandse Taal<\/h2>\n\n\n\n<p>Bakt\u0131\u011f\u0131mda, 2023 dil \u00f6\u011frenimi a\u00e7\u0131s\u0131ndan da s\u0131\u00e7rama ya\u015fad\u0131\u011f\u0131m bir y\u0131l oldu. Dil \u00f6\u011frenmeye olan motivasyonum zaten genel olarak y\u00fcksek. Kendi kendime epey bir \u015fey \u00f6\u011frendim fakat seviyeme uygun g\u00fczel bir kurs bulmakta zorlan\u0131yordum. Her \u015feyden \u00f6nce uzaktan kurs mant\u0131\u011f\u0131n\u0131 hi\u00e7 sevmedi\u011fim i\u00e7in fiziksel bir lokasyonda ger\u00e7ekle\u015fecek bir kurs en b\u00fcy\u00fck ihtiyac\u0131md\u0131.<\/p>\n\n\n\n<p>Bakt\u0131m kurs bulam\u0131yorum, ben de bu senenin ba\u015flar\u0131nda <a href=\"https:\/\/www.colanguage.com\/\">coLanguage<\/a> diye bir hizmet \u00fczerinden bir \u00f6\u011fretmen bularak oradan uzaktan bire bir konu\u015fma kursuna ba\u015flad\u0131m. Birka\u00e7 ay \u00e7ok iyi gitti bu kurs, \u00e7ok iyi bir hoca (Elvira) buldu\u011fumu d\u00fc\u015f\u00fcn\u00fcyorum bu hizmet \u00fczerinden. Bana Hollanda dilinin inceliklerini canl\u0131 konu\u015fma \u00fczerinden \u00f6\u011freterek b\u00fcy\u00fck bir ilerleme kaydetmemi sa\u011flad\u0131, ve benim uzaktan kurs \u00f6nyarg\u0131m\u0131 da biraz azaltt\u0131.<\/p>\n\n\n\n<p>Ama hala bir yandan \u015f\u00f6yle iyi bir kurs aray\u0131\u015f\u0131ma devam ediyordum, ki nihayetinde 6 ay \u00f6nce ba\u015fvurdu\u011fum ve seviye tespit s\u0131nav\u0131na girdi\u011fim Taalkracht&#8217;tan, May\u0131s itibariyle bir gruba yerle\u015ftirildi\u011fim haberini ald\u0131m. Bu ger\u00e7ekten bu sene ba\u015f\u0131ma gelen \u00f6nemli ve g\u00fczel olaylardan biri. Hem evimize epey yak\u0131n bir lokasyonda hem iyi ve deneyimli bir \u00f6\u011fretmenle, hem de \u00fccretsiz olan bu kurs, benim dil geli\u015fimimde ihtiya\u00e7 duydu\u011fum f\u0131rlatma rampas\u0131n\u0131n ta kendisiydi. Bu kursa hala devam ediyorum ve olduk\u00e7a memnunum.<\/p>\n\n\n<div class=\"wp-block-image\">\n<figure class=\"aligncenter size-large\"><img data-recalc-dims=\"1\" loading=\"lazy\" decoding=\"async\" width=\"750\" height=\"559\" src=\"https:\/\/i0.wp.com\/dogukantunc.com\/wp-content\/uploads\/2023\/12\/image-7.png?resize=750%2C559&#038;ssl=1\" alt=\"\" class=\"wp-image-1905\" srcset=\"https:\/\/i0.wp.com\/dogukantunc.com\/wp-content\/uploads\/2023\/12\/image-7.png?resize=1024%2C763&amp;ssl=1 1024w, https:\/\/i0.wp.com\/dogukantunc.com\/wp-content\/uploads\/2023\/12\/image-7.png?resize=300%2C223&amp;ssl=1 300w, https:\/\/i0.wp.com\/dogukantunc.com\/wp-content\/uploads\/2023\/12\/image-7.png?resize=768%2C572&amp;ssl=1 768w, https:\/\/i0.wp.com\/dogukantunc.com\/wp-content\/uploads\/2023\/12\/image-7.png?resize=1536%2C1144&amp;ssl=1 1536w, https:\/\/i0.wp.com\/dogukantunc.com\/wp-content\/uploads\/2023\/12\/image-7.png?resize=2048%2C1525&amp;ssl=1 2048w, https:\/\/i0.wp.com\/dogukantunc.com\/wp-content\/uploads\/2023\/12\/image-7.png?w=2250&amp;ssl=1 2250w\" sizes=\"auto, (max-width: 750px) 100vw, 750px\" \/><figcaption class=\"wp-element-caption\"><em>Een gezellig momentje&#8230;<\/em><\/figcaption><\/figure><\/div>\n\n\n<p>G\u00f6zleriniz inek \u00f6\u011frenci g\u00f6rs\u00fcn. Lisans boyunca \u015f\u00f6yle ders \u00e7al\u0131\u015fm\u0131\u015fl\u0131\u011f\u0131n var m\u0131 derseniz belki bir, belki iki kez. Ama insan do\u011fal olarak merak etti\u011fi \u015feyleri daha bir hevesle, kendili\u011finden bir gazla \u00f6\u011freniyor.<\/p>\n\n\n\n<blockquote class=\"wp-block-quote is-layout-flow wp-block-quote-is-layout-flow\">\n<p>Askerde de ba\u015f\u0131ma benzer bir olay gelmi\u015ftir, beni gayri ihtiyari (Excel biliyorum diye) se\u00e7tikleri k\u0131s\u0131mda yapt\u0131\u011f\u0131m i\u015flerden nefret ediyordum, \u00e7ay getir g\u00f6t\u00fcr, bilgisayarda veri gir falan gibi. Hani askere gelmi\u015fim ama veri giriyorum, \u00e7ay g\u00f6t\u00fcr\u00fcyorum. Bu mu yani askerlik diye d\u00fc\u015f\u00fcn\u00fcyordum. Bakt\u0131lar ben rahat durmuyorum ve s\u00fcrekli \u015fikayet ediyorum, bana dediler, iyi kendine bir k\u0131s\u0131m se\u00e7. Ben de Silah Bak\u0131m k\u0131sm\u0131n\u0131 se\u00e7tim. O g\u00fcnden sonra g\u00f6zler bir nefer g\u00f6rd\u00fc; gerekirse istirahat\u0131mdan feragat edip, k\u00e2h bak\u0131m tablas\u0131n\u0131 a\u00e7\u0131p t\u00fcm t\u00fcfekleri s\u00f6k\u00fcp temizleyip topluyorum, k\u00e2h elimde vileda kademeyi siliyorum, k\u00e2h elimde \u00e7eki\u00e7 mur\u00e7 fayans k\u0131r\u0131yorum. Ve bu k\u0131sa d\u00f6nem askerli\u011fi &#8220;\u00dcst\u00fcn Hizmet Belgesi&#8221; ile tamamlad\u0131m bu s\u00fcre\u00e7 sonunda. Beni do\u011fru yere koy, Tuncay \u015eanl\u0131 gibi \u00e7al\u0131\u015f\u0131r\u0131m. Yabanc\u0131 dil de benim i\u00e7in \u00f6yle, yeni bir dil \u00f6\u011frenmek, onu uygun yerde kullanmak, farkl\u0131 bir d\u00fcnya ile ileti\u015fim kurabilmek bana keyif veriyor.<\/p>\n<\/blockquote>\n\n\n\n<p>Seviyem A2&#8217;den B1&#8217;e do\u011fru sark\u0131yor \u015fu an tahminimce, ama hala bazen konu\u015fulanlar\u0131 anlamakta zorluk \u00e7ekiyorum ne hikmetse. Nedense bir\u00e7ok ki\u015finin zorland\u0131\u011f\u0131 k\u0131s\u0131m konu\u015fma, ama ben g\u00f6rece \u00e7ok rahat konu\u015fabiliyorken, kar\u015f\u0131daki ki\u015fiyi anlamakta zorlan\u0131yorum. Ya kulaklar\u0131mda ya da beynimde bir <em>hardware bug<\/em> var muhtemelen. O y\u00fczden bol bol Dutch televizyas\u0131 izlemek, podcast&#8217;ler, m\u00fcmk\u00fcn oldu\u011funca insanlarla diyalo\u011fa girmek gibi y\u00f6ntemlerle bu becerimi de ileri ta\u015f\u0131maya \u00e7al\u0131\u015f\u0131yorum. Sonu\u00e7ta kar\u015f\u0131dakinin s\u00f6yledi\u011fini anlamad\u0131\u011f\u0131n\u0131z s\u00fcrece konu\u015fabiliyor olman\u0131n pek anlam\u0131 yok.<\/p>\n\n\n\n<p>Hani bu dil \u00f6\u011freniminde <em>sin\u00fczoidal <\/em>bir ilerleyi\u015f vard\u0131r ya. Biraz ilerlersiniz biraz geriledi\u011finizi hissedersiniz, bazen yerinizde sayars\u0131n\u0131z, bazen bir at\u0131l\u0131m ya\u015fars\u0131n\u0131z falan. Bunlar\u0131n sizi durdurmas\u0131na izin vermemek laz\u0131m. Ha bu arada Inburgeringsexamen grubundaki t\u00fcm dil s\u0131navlar\u0131n\u0131 (KNM hari\u00e7 4 s\u0131nav\u0131) da verdi\u011fimi eklemek isterim bu sene. Sadece KNM kald\u0131, onu en sona b\u0131rakt\u0131m. Sonu\u00e7ta 1 senemiz kald\u0131, bu s\u0131navlar\u0131 \u015fimdiden haz\u0131rlay\u0131p kenara koydum.<\/p>\n\n\n\n<figure class=\"wp-block-image size-large\"><img data-recalc-dims=\"1\" loading=\"lazy\" decoding=\"async\" width=\"750\" height=\"570\" src=\"https:\/\/i0.wp.com\/dogukantunc.com\/wp-content\/uploads\/2024\/01\/image-13.png?resize=750%2C570&#038;ssl=1\" alt=\"\" class=\"wp-image-1954\" srcset=\"https:\/\/i0.wp.com\/dogukantunc.com\/wp-content\/uploads\/2024\/01\/image-13.png?resize=1024%2C778&amp;ssl=1 1024w, https:\/\/i0.wp.com\/dogukantunc.com\/wp-content\/uploads\/2024\/01\/image-13.png?resize=300%2C228&amp;ssl=1 300w, https:\/\/i0.wp.com\/dogukantunc.com\/wp-content\/uploads\/2024\/01\/image-13.png?resize=768%2C584&amp;ssl=1 768w, https:\/\/i0.wp.com\/dogukantunc.com\/wp-content\/uploads\/2024\/01\/image-13.png?w=1383&amp;ssl=1 1383w\" sizes=\"auto, (max-width: 750px) 100vw, 750px\" \/><\/figure>\n\n\n\n<blockquote class=\"wp-block-quote is-layout-flow wp-block-quote-is-layout-flow\">\n<p>Not: Halihaz\u0131rda bir i\u015fi olan bizim gibi Kennismigrant&#8217;lar, ONA s\u0131nav\u0131ndan muaf.<\/p>\n<\/blockquote>\n\n\n\n<p>Dar\u0131s\u0131 t\u00fcm nat\u00fcralize olmay\u0131 ama\u00e7layan expatlar\u0131n ba\u015f\u0131na.<\/p>\n\n\n\n<h2 class=\"wp-block-heading\">Yaz Tatili<\/h2>\n\n\n\n<p>Bu sene bir \u00e7\u0131lg\u0131nl\u0131k yapal\u0131m, haz\u0131r \u00d6zge de \u00e7al\u0131\u015fm\u0131yorken ve Ediz&#8217;le zaten \u00e7ok fazla sa\u011fa sola gezme imkan\u0131 bulam\u0131yorken, toplu bir izin kullan\u0131p (5 bu\u00e7uk hafta kadar) t\u00fcm A\u011fustos&#8217;u K\u00fc\u00e7\u00fckkuyu&#8217;da ge\u00e7irelim dedik. \u00d6zge&#8217;lerin yazl\u0131\u011f\u0131n\u0131n yak\u0131n\u0131nda bir de ev kiralad\u0131k, Ankara&#8217;daki aile bireylerinin de farkl\u0131 zaman dilimlerinde bu eve gelip kalmas\u0131 neticesinde tek destinasyonda bir\u00e7ok ki\u015fiyle g\u00f6r\u00fc\u015fme, vakit ge\u00e7irme imkan\u0131m\u0131z oldu. \u00d6zellikle Ekin i\u00e7in harika bir yaz tatiliydi, bir o evde bir bu evde kald\u0131, t\u00fcm aile fertleri ve akrabalarla bol bol vakit ge\u00e7irdi, bolca (ama \u00e7ok bolca) y\u00fczd\u00fc ve bir o kadar da dondurma yedi. Ediz de tabi ki iki evi de da\u011f\u0131tma pe\u015findeydi, ona da ho\u015f bir de\u011fi\u015fiklik oldu. Hayat\u0131mda ilk defa \u00c7anakkale&#8217;yi g\u00f6rd\u00fcm, Edremit oto sanayi&#8217;yi ziyaret ettim, hakiki bir 5 haftal\u0131k yo\u011funla\u015ft\u0131r\u0131lm\u0131\u015f T\u00fcrkiye paketi oldu benim i\u00e7in.<\/p>\n\n\n<div class=\"wp-block-image\">\n<figure class=\"aligncenter size-large\"><img data-recalc-dims=\"1\" loading=\"lazy\" decoding=\"async\" width=\"750\" height=\"1000\" src=\"https:\/\/i0.wp.com\/dogukantunc.com\/wp-content\/uploads\/2024\/01\/image-16.png?resize=750%2C1000&#038;ssl=1\" alt=\"\" class=\"wp-image-1958\" srcset=\"https:\/\/i0.wp.com\/dogukantunc.com\/wp-content\/uploads\/2024\/01\/image-16.png?resize=768%2C1024&amp;ssl=1 768w, https:\/\/i0.wp.com\/dogukantunc.com\/wp-content\/uploads\/2024\/01\/image-16.png?resize=225%2C300&amp;ssl=1 225w, https:\/\/i0.wp.com\/dogukantunc.com\/wp-content\/uploads\/2024\/01\/image-16.png?resize=1152%2C1536&amp;ssl=1 1152w, https:\/\/i0.wp.com\/dogukantunc.com\/wp-content\/uploads\/2024\/01\/image-16.png?w=1430&amp;ssl=1 1430w\" sizes=\"auto, (max-width: 750px) 100vw, 750px\" \/><figcaption class=\"wp-element-caption\"><em>Reis yar\u0131n denizden alaca\u011f\u0131 mahs\u00fbl\u00fc d\u00fc\u015f\u00fcn\u00fcyor&#8230;<\/em><\/figcaption><\/figure><\/div>\n\n\n<p>Burada \u015funu s\u00f6ylemek zorunday\u0131m ki, T\u00fcrkiye&#8217;yi \u00e7o\u011funlukla oradaki tan\u0131d\u0131\u011f\u0131m insanlar\u0131 ve an\u0131lar\u0131m\u0131n ge\u00e7ti\u011fi yerleri g\u00f6rme nedeniyle \u00f6zledi\u011fimi fark ettim, belki bir de iklimi. Onun d\u0131\u015f\u0131nda T\u00fcrkiye benim i\u00e7in bir yer ya da ya\u015fam anlam\u0131nda art\u0131k fazla bir \u00f6zlem ifade etmiyor. Bu 5 haftal\u0131k tatil bunu tekrar, iyice anlamama sebep oldu. Sizde g\u00fczel an\u0131lar canland\u0131ran \u015feylerden geriye kalanlar, eski travmalar\u0131n\u0131z\u0131 ve baz\u0131 kararlar\u0131 neden ald\u0131\u011f\u0131n\u0131z\u0131 size hat\u0131rlatarak bir kez daha h\u00fcz\u00fcnle kar\u0131\u015f\u0131k bir \u00f6fkeye itiyor sizi. \u00dcz\u00fclerek s\u00f6ylemeliyim ki T\u00fcrk insan\u0131 son zamanlarda ya\u015fad\u0131\u011f\u0131 ekonomik \u00e7alkant\u0131lar\u0131n da neticesi olarak daha da h\u0131r\u00e7\u0131nla\u015fm\u0131\u015f, birbirine daha da mesafeli hale gelmi\u015f. Birden fazla kez doland\u0131r\u0131lmaya \u00e7al\u0131\u015f\u0131ld\u0131m, eski &#8220;s\u0131rama kaynak olan m\u0131 var \u015fu an&#8221; anksiyetelerim hortlad\u0131, etrafta \u00e7\u00f6p g\u00f6rmekten i\u00e7im \u015fi\u015fti, trafikte zaten ya sab\u0131r \u00e7ekerek ilerledim hep. Adeta sim\u00fclasyonda ben de sim\u00fclasyonun bir par\u00e7as\u0131 olmak i\u00e7in \u00e7aba sarf ettim. Ama bu 5 haftan\u0131n sonunda yorulmu\u015f ve yerimi d\u00fczenimi \u00f6zlemi\u015f buldum kendimi. &#8220;gurulu d\u00f6zenimiz var y\u00f6\u011fenim&#8221; dedikleri buymu\u015f demek. Sim\u00fclasyondaki herkese samimiyetimle bol sab\u0131r diliyorum.<\/p>\n\n\n\n<p>Tabi T\u00fcrkiye konusu a\u00e7\u0131lm\u0131\u015fken, bu sene olan olaylar aras\u0131nda bir de b\u00fcy\u00fck bir facia vard\u0131 maalesef. Sanki ge\u00e7ti\u011fimiz 2-3 senede \u00fclkenin ba\u015f\u0131na gelenler, pandemisi, ekonomik krizi \u015fusu busu yetmiyormu\u015f gibi bir de do\u011fa ana vurdu \u00fcst\u00fcne. Benim kendi akrabalar\u0131m\u0131n dahi aralar\u0131nda oldu\u011fu bir\u00e7ok insan hayat\u0131n\u0131 yitirdi, bir\u00e7o\u011fu evsiz kald\u0131, buradan ne yapabiliriz diye d\u00f6rt d\u00f6nerek kimin neye ihtiyac\u0131 varsa elimizden ne geliyorsa g\u00f6ndermeye \u00e7al\u0131\u015ft\u0131k. Ama b\u00f6yle bir yaray\u0131 sarmak o kadar kolay bir i\u015f de\u011fil, bunu ancak orada olup bu faciay\u0131 ya\u015fayanlar bilebilir. Hollanda&#8217;dan epey y\u00fcksek miktarlarda para topland\u0131, hatta ASML bire bir matching ba\u011f\u0131\u015f kampanyas\u0131 ba\u015flatt\u0131, Karsu televizyonda b\u00fcy\u00fck bir kampanya y\u00fcr\u00fctt\u00fc ve buradan da epey bir para\/malzeme topland\u0131. Tek arzumuz bu yaralar\u0131n hem uzun hem k\u0131sa vadede bir an \u00f6nce iyile\u015fmesi. Bu olay, bana \u00e7ocukken ya\u015fad\u0131\u011f\u0131m 19 A\u011fustos depremini ve bunun bana ya\u015fatt\u0131\u011f\u0131 kal\u0131c\u0131 yaralar\u0131 hat\u0131rlatt\u0131. 19 A\u011fustos ve \u00f6zellikle de arkas\u0131ndan gelen 12 Kas\u0131m depreminde ya\u015fad\u0131\u011f\u0131m korkular\u0131 tekrar hat\u0131rlad\u0131m. \u0130nsan\u0131n ger\u00e7ekten do\u011fa kar\u015f\u0131s\u0131ndaki en \u00e7aresiz anlar\u0131ndan birisi. Umar\u0131m depremin T\u00fcrkiye&#8217;nin ac\u0131 bir ger\u00e7e\u011fi oldu\u011funun fark\u0131na bir an \u00f6nce var\u0131l\u0131r ve olabildi\u011fince bu \u00fclkeyi ve insanlar\u0131n\u0131 depremden koruman\u0131n yollar\u0131 uygulamaya konulur.<\/p>\n\n\n\n<h2 class=\"wp-block-heading\">Marathon Eindhoven 2023<\/h2>\n\n\n\n<p>Bu sene ba\u015fka bir b\u00fcy\u00fck achievement ise hayat\u0131mda ilk defa Yar\u0131 Maraton ko\u015fmu\u015f olmam. Her sene 10k ko\u015fmaktan s\u0131k\u0131lm\u0131\u015f ve yeni bir challenge ararken bir anl\u0131k gazla kaydoldu\u011fum Marathon Eindhoven 21.1 kilometre ko\u015fusunu makul bir s\u00fcrede bitirerek kendim i\u00e7in \u00f6nemli bir limiti zorlad\u0131\u011f\u0131m\u0131 g\u00fczel bir ba\u015far\u0131ya imza att\u0131\u011f\u0131m\u0131 hissediyorum. Ekin&#8217;ci\u011fim de bu sene ilk defa bir ko\u015fuya kat\u0131larak (Mini Maraton 1.2 km) hayat\u0131ndaki ilk spor madalyas\u0131n\u0131 kazand\u0131 \ud83d\ude42<\/p>\n\n\n\n<div class=\"wp-block-jetpack-tiled-gallery aligncenter is-style-rectangular\"><div class=\"tiled-gallery__gallery\"><div class=\"tiled-gallery__row\"><div class=\"tiled-gallery__col\" style=\"flex-basis:54.23867%\"><figure class=\"tiled-gallery__item\"><img decoding=\"async\" srcset=\"https:\/\/i2.wp.com\/dogukantunc.com\/wp-content\/uploads\/2024\/01\/IMG_20231008_194439-1-1024x766.jpg?strip=info&#038;w=600&#038;ssl=1 600w,https:\/\/i2.wp.com\/dogukantunc.com\/wp-content\/uploads\/2024\/01\/IMG_20231008_194439-1-1024x766.jpg?strip=info&#038;w=900&#038;ssl=1 900w,https:\/\/i2.wp.com\/dogukantunc.com\/wp-content\/uploads\/2024\/01\/IMG_20231008_194439-1-1024x766.jpg?strip=info&#038;w=1200&#038;ssl=1 1200w,https:\/\/i2.wp.com\/dogukantunc.com\/wp-content\/uploads\/2024\/01\/IMG_20231008_194439-1-1024x766.jpg?strip=info&#038;w=1500&#038;ssl=1 1500w,https:\/\/i2.wp.com\/dogukantunc.com\/wp-content\/uploads\/2024\/01\/IMG_20231008_194439-1-1024x766.jpg?strip=info&#038;w=1800&#038;ssl=1 1800w,https:\/\/i2.wp.com\/dogukantunc.com\/wp-content\/uploads\/2024\/01\/IMG_20231008_194439-1-1024x766.jpg?strip=info&#038;w=2000&#038;ssl=1 2000w\" alt=\"\" data-height=\"1916\" data-id=\"1923\" data-link=\"https:\/\/dogukantunc.com\/?attachment_id=1923\" data-url=\"https:\/\/dogukantunc.com\/wp-content\/uploads\/2024\/01\/IMG_20231008_194439-1-1024x766.jpg\" data-width=\"2560\" src=\"https:\/\/i2.wp.com\/dogukantunc.com\/wp-content\/uploads\/2024\/01\/IMG_20231008_194439-1-1024x766.jpg?ssl=1\" data-amp-layout=\"responsive\" \/><\/figure><\/div><div class=\"tiled-gallery__col\" style=\"flex-basis:22.88051%\"><figure class=\"tiled-gallery__item\"><img decoding=\"async\" srcset=\"https:\/\/i2.wp.com\/dogukantunc.com\/wp-content\/uploads\/2024\/01\/1696791680293-576x1024.jpg?strip=info&#038;w=600&#038;ssl=1 600w,https:\/\/i2.wp.com\/dogukantunc.com\/wp-content\/uploads\/2024\/01\/1696791680293-576x1024.jpg?strip=info&#038;w=750&#038;ssl=1 750w\" alt=\"\" data-height=\"1334\" data-id=\"1920\" data-link=\"https:\/\/dogukantunc.com\/?attachment_id=1920\" data-url=\"https:\/\/dogukantunc.com\/wp-content\/uploads\/2024\/01\/1696791680293-576x1024.jpg\" data-width=\"750\" src=\"https:\/\/i2.wp.com\/dogukantunc.com\/wp-content\/uploads\/2024\/01\/1696791680293-576x1024.jpg?ssl=1\" data-amp-layout=\"responsive\" \/><\/figure><\/div><div class=\"tiled-gallery__col\" style=\"flex-basis:22.88082%\"><figure class=\"tiled-gallery__item\"><img decoding=\"async\" srcset=\"https:\/\/i0.wp.com\/dogukantunc.com\/wp-content\/uploads\/2024\/01\/1696753131540-576x1024.jpg?strip=info&#038;w=600&#038;ssl=1 600w,https:\/\/i0.wp.com\/dogukantunc.com\/wp-content\/uploads\/2024\/01\/1696753131540-576x1024.jpg?strip=info&#038;w=899&#038;ssl=1 899w\" alt=\"\" data-height=\"1599\" data-id=\"1921\" data-link=\"https:\/\/dogukantunc.com\/?attachment_id=1921\" data-url=\"https:\/\/dogukantunc.com\/wp-content\/uploads\/2024\/01\/1696753131540-576x1024.jpg\" data-width=\"899\" src=\"https:\/\/i0.wp.com\/dogukantunc.com\/wp-content\/uploads\/2024\/01\/1696753131540-576x1024.jpg?ssl=1\" data-amp-layout=\"responsive\" \/><\/figure><\/div><\/div><\/div><\/div>\n\n\n\n<p>Hatta bu sene kom\u015fular\u0131m\u0131z falan bizi deste\u011fe gelmi\u015f hep, Ekin de t\u00fcm s\u0131n\u0131f\u0131yla beraber ko\u015ftular. Hem verimli, hem de \u00e7ok e\u011flenceli bir etkinlikti. <\/p>\n\n\n\n<p>Ko\u015funun kendisi zor ge\u00e7ti \u00e7\u00fcnk\u00fc hedefledi\u011fim kadar haz\u0131rland\u0131\u011f\u0131m\u0131 s\u00f6yleyemem. Hatta bir ara dizimden dolay\u0131 ko\u015famayaca\u011f\u0131m\u0131 d\u00fc\u015f\u00fcnmeye ba\u015flam\u0131\u015ft\u0131m. \u015eirket doktoruna gidip yard\u0131m istedim falan. Ama neticede, insan yapabilece\u011fine inan\u0131nca sonras\u0131 bir \u015fekilde geliyor. Bu, kli\u015fe bir c\u00fcmle gibi kula\u011fa gelse de, bu t\u00fcr &#8220;\u00e7el\u0131nc&#8221;lar\u0131n temel handikap\u0131 kafada ba\u015fl\u0131yor. E\u011fer o i\u015fin sonunu g\u00f6rebilece\u011finizi kafan\u0131zda canland\u0131rabiliyorsan\u0131z, ve &#8220;haydi bitiriyoruz&#8221; diyerek i\u015fe giri\u015fiyorsan\u0131z, y\u00fcksek ihtimalle o i\u015fi bitiriyorsunuz.<\/p>\n\n\n<div class=\"wp-block-image\">\n<figure class=\"aligncenter size-large\"><img data-recalc-dims=\"1\" loading=\"lazy\" decoding=\"async\" width=\"473\" height=\"1024\" src=\"https:\/\/i0.wp.com\/dogukantunc.com\/wp-content\/uploads\/2024\/01\/image-27.png?resize=473%2C1024&#038;ssl=1\" alt=\"\" class=\"wp-image-2002\" srcset=\"https:\/\/i0.wp.com\/dogukantunc.com\/wp-content\/uploads\/2024\/01\/image-27.png?resize=473%2C1024&amp;ssl=1 473w, https:\/\/i0.wp.com\/dogukantunc.com\/wp-content\/uploads\/2024\/01\/image-27.png?resize=139%2C300&amp;ssl=1 139w, https:\/\/i0.wp.com\/dogukantunc.com\/wp-content\/uploads\/2024\/01\/image-27.png?resize=768%2C1662&amp;ssl=1 768w, https:\/\/i0.wp.com\/dogukantunc.com\/wp-content\/uploads\/2024\/01\/image-27.png?resize=710%2C1536&amp;ssl=1 710w, https:\/\/i0.wp.com\/dogukantunc.com\/wp-content\/uploads\/2024\/01\/image-27.png?w=881&amp;ssl=1 881w\" sizes=\"auto, (max-width: 473px) 100vw, 473px\" \/><\/figure><\/div>\n\n\n<p>10 km pace&#8217;imin epey alt\u0131nda ko\u015fsam da kazas\u0131z belas\u0131z sakatl\u0131ks\u0131z bitirdim. Ko\u015fudan sonra telef olmu\u015ftum ama kendimi b\u00f6yle a\u015ft\u0131\u011f\u0131m i\u00e7in de a\u015f\u0131r\u0131 derecede mutluydum.<\/p>\n\n\n\n<p>Art\u0131k 10 km ko\u015fma gibi bir \u015fey benim i\u00e7in bitti. E\u011fer ko\u015facaksam yar\u0131 maraton.<\/p>\n\n\n\n<h2 class=\"wp-block-heading\">Hollanda&#8217;daki \u0130lk Sahne Deneyimi<\/h2>\n\n\n\n<p>Bu sene ayn\u0131 zamanda m\u00fczik anlam\u0131nda s\u00fcrpriz bir hediye getirdi bana. Ankara&#8217;da Lemur Satan ile beraber sahneledi\u011fimiz We Will Rock You m\u00fczikalinden tan\u0131\u015ft\u0131\u011f\u0131m\u0131z Mine ile, onlar\u0131n Maastricht&#8217;te kurdu\u011fu rock gruplar\u0131na (Extra Medium) acil davulcu aran\u0131yordu. 1 hafta sonra konserleri oldu\u011funu, davulcular\u0131n\u0131n konserde \u00e7alamayaca\u011f\u0131n\u0131 ve onlarla beraber sahneye \u00e7\u0131k\u0131p \u00e7\u0131kamayaca\u011f\u0131m\u0131 sordu Mine. Asl\u0131nda neredeyse \u00f6ylesine sordu ama ben tabi ki \u00c7el\u0131nc Aksept\u0131d d\u00fc\u011fmesine bast\u0131m. Birka\u00e7 g\u00fcn boyunca baya her \u015feyi b\u0131rak\u0131p \u015fark\u0131lara yard\u0131rd\u0131m, Cumartesi 1-2 saatlik bir prova yapt\u0131k, ve m\u00fcteakip Pazartesi g\u00fcn\u00fc Maastricht Muziekgieterij&#8217;de sahneye \u00e7\u0131kt\u0131k.<\/p>\n\n\n\n<figure class=\"wp-block-image size-large\"><img data-recalc-dims=\"1\" loading=\"lazy\" decoding=\"async\" width=\"750\" height=\"1000\" src=\"https:\/\/i0.wp.com\/dogukantunc.com\/wp-content\/uploads\/2024\/01\/image-14.png?resize=750%2C1000&#038;ssl=1\" alt=\"\" class=\"wp-image-1955\" srcset=\"https:\/\/i0.wp.com\/dogukantunc.com\/wp-content\/uploads\/2024\/01\/image-14.png?resize=768%2C1024&amp;ssl=1 768w, https:\/\/i0.wp.com\/dogukantunc.com\/wp-content\/uploads\/2024\/01\/image-14.png?resize=225%2C300&amp;ssl=1 225w, https:\/\/i0.wp.com\/dogukantunc.com\/wp-content\/uploads\/2024\/01\/image-14.png?resize=1152%2C1536&amp;ssl=1 1152w, https:\/\/i0.wp.com\/dogukantunc.com\/wp-content\/uploads\/2024\/01\/image-14.png?w=1430&amp;ssl=1 1430w\" sizes=\"auto, (max-width: 750px) 100vw, 750px\" \/><\/figure>\n\n\n\n<figure class=\"wp-block-image size-full\"><img data-recalc-dims=\"1\" loading=\"lazy\" decoding=\"async\" width=\"750\" height=\"563\" src=\"https:\/\/i0.wp.com\/dogukantunc.com\/wp-content\/uploads\/2024\/01\/image-15.png?resize=750%2C563&#038;ssl=1\" alt=\"\" class=\"wp-image-1956\" srcset=\"https:\/\/i0.wp.com\/dogukantunc.com\/wp-content\/uploads\/2024\/01\/image-15.png?w=1024&amp;ssl=1 1024w, https:\/\/i0.wp.com\/dogukantunc.com\/wp-content\/uploads\/2024\/01\/image-15.png?resize=300%2C225&amp;ssl=1 300w, https:\/\/i0.wp.com\/dogukantunc.com\/wp-content\/uploads\/2024\/01\/image-15.png?resize=768%2C576&amp;ssl=1 768w\" sizes=\"auto, (max-width: 750px) 100vw, 750px\" \/><\/figure>\n\n\n\n<p>Benim i\u00e7in m\u00fckemmel bir deneyim, ve keyifli bir an\u0131yd\u0131. Buradan tekrar beni misafir ettikleri, ve grubun davulunu emanet ettikleri i\u00e7in te\u015fekk\u00fcr ederim. Hepsi iyi m\u00fczisyenlerdi ve sahnenin tozunu att\u0131\u011f\u0131m\u0131z\u0131 d\u00fc\u015f\u00fcn\u00fcyorum.<\/p>\n\n\n\n<figure class=\"wp-block-video\"><video controls src=\"https:\/\/dogukantunc.com\/wp-content\/uploads\/2024\/01\/VID-20230912-WA0015.mp4\"><\/video><\/figure>\n\n\n\n<h2 class=\"wp-block-heading\">Van Gogh&#8217;un K\u00f6y\u00fc (Nuenen)<\/h2>\n\n\n\n<p>Y\u0131l\u0131n g\u00fczel bir bitiri\u015fi de Burak&#8217;\u0131n bize s\u00fcrpriz yaparak Aral\u0131k ay\u0131nda yapt\u0131\u011f\u0131 ziyaretti. Hep beraber bizim de uzun zamand\u0131r gitmek isteyip gidemedi\u011fimiz Van Gogh k\u00f6y\u00fcn\u00fc ziyarete Nuenen&#8217;a gittik. Buras\u0131, k\u00fc\u00e7\u00fcc\u00fck bir kasaba ama yerde g\u00f6kte Van Gogh&#8217;tan izler var. Zaten sokaklar\u0131n ve caddelerin isimlerinin %90&#8217;\u0131 Van Gogh.<\/p>\n\n\n\n<div class=\"wp-block-jetpack-tiled-gallery aligncenter is-style-rectangular\"><div class=\"tiled-gallery__gallery\"><div class=\"tiled-gallery__row\"><div class=\"tiled-gallery__col\" style=\"flex-basis:17.79246%\"><figure class=\"tiled-gallery__item\"><img decoding=\"async\" srcset=\"https:\/\/i1.wp.com\/dogukantunc.com\/wp-content\/uploads\/2024\/01\/image-25-759x1024.png?strip=info&#038;w=600&#038;ssl=1 600w,https:\/\/i1.wp.com\/dogukantunc.com\/wp-content\/uploads\/2024\/01\/image-25-759x1024.png?strip=info&#038;w=900&#038;ssl=1 900w,https:\/\/i1.wp.com\/dogukantunc.com\/wp-content\/uploads\/2024\/01\/image-25-759x1024.png?strip=info&#038;w=1200&#038;ssl=1 1200w,https:\/\/i1.wp.com\/dogukantunc.com\/wp-content\/uploads\/2024\/01\/image-25-759x1024.png?strip=info&#038;w=1413&#038;ssl=1 1413w\" alt=\"\" data-height=\"1907\" data-id=\"1992\" data-link=\"https:\/\/dogukantunc.com\/?attachment_id=1992\" data-url=\"https:\/\/dogukantunc.com\/wp-content\/uploads\/2024\/01\/image-25-759x1024.png\" data-width=\"1413\" src=\"https:\/\/i1.wp.com\/dogukantunc.com\/wp-content\/uploads\/2024\/01\/image-25-759x1024.png?ssl=1\" data-amp-layout=\"responsive\" \/><\/figure><\/div><div class=\"tiled-gallery__col\" style=\"flex-basis:32.28394%\"><figure class=\"tiled-gallery__item\"><img decoding=\"async\" srcset=\"https:\/\/i0.wp.com\/dogukantunc.com\/wp-content\/uploads\/2024\/01\/IMG_20231202_143548-1024x759.jpg?strip=info&#038;w=600&#038;ssl=1 600w,https:\/\/i0.wp.com\/dogukantunc.com\/wp-content\/uploads\/2024\/01\/IMG_20231202_143548-1024x759.jpg?strip=info&#038;w=900&#038;ssl=1 900w,https:\/\/i0.wp.com\/dogukantunc.com\/wp-content\/uploads\/2024\/01\/IMG_20231202_143548-1024x759.jpg?strip=info&#038;w=1200&#038;ssl=1 1200w,https:\/\/i0.wp.com\/dogukantunc.com\/wp-content\/uploads\/2024\/01\/IMG_20231202_143548-1024x759.jpg?strip=info&#038;w=1500&#038;ssl=1 1500w,https:\/\/i0.wp.com\/dogukantunc.com\/wp-content\/uploads\/2024\/01\/IMG_20231202_143548-1024x759.jpg?strip=info&#038;w=1800&#038;ssl=1 1800w,https:\/\/i0.wp.com\/dogukantunc.com\/wp-content\/uploads\/2024\/01\/IMG_20231202_143548-1024x759.jpg?strip=info&#038;w=2000&#038;ssl=1 2000w\" alt=\"\" data-height=\"1898\" data-id=\"1996\" data-link=\"https:\/\/dogukantunc.com\/?attachment_id=1996\" data-url=\"https:\/\/dogukantunc.com\/wp-content\/uploads\/2024\/01\/IMG_20231202_143548-1024x759.jpg\" data-width=\"2560\" src=\"https:\/\/i0.wp.com\/dogukantunc.com\/wp-content\/uploads\/2024\/01\/IMG_20231202_143548-1024x759.jpg?ssl=1\" data-amp-layout=\"responsive\" \/><\/figure><\/div><div class=\"tiled-gallery__col\" style=\"flex-basis:18.00812%\"><figure class=\"tiled-gallery__item\"><img decoding=\"async\" srcset=\"https:\/\/i2.wp.com\/dogukantunc.com\/wp-content\/uploads\/2024\/01\/IMG_20231202_143643-768x1024.jpg?strip=info&#038;w=600&#038;ssl=1 600w,https:\/\/i2.wp.com\/dogukantunc.com\/wp-content\/uploads\/2024\/01\/IMG_20231202_143643-768x1024.jpg?strip=info&#038;w=900&#038;ssl=1 900w,https:\/\/i2.wp.com\/dogukantunc.com\/wp-content\/uploads\/2024\/01\/IMG_20231202_143643-768x1024.jpg?strip=info&#038;w=1200&#038;ssl=1 1200w,https:\/\/i2.wp.com\/dogukantunc.com\/wp-content\/uploads\/2024\/01\/IMG_20231202_143643-768x1024.jpg?strip=info&#038;w=1500&#038;ssl=1 1500w,https:\/\/i2.wp.com\/dogukantunc.com\/wp-content\/uploads\/2024\/01\/IMG_20231202_143643-768x1024.jpg?strip=info&#038;w=1800&#038;ssl=1 1800w,https:\/\/i2.wp.com\/dogukantunc.com\/wp-content\/uploads\/2024\/01\/IMG_20231202_143643-768x1024.jpg?strip=info&#038;w=1920&#038;ssl=1 1920w\" alt=\"\" data-height=\"2560\" data-id=\"1997\" data-link=\"https:\/\/dogukantunc.com\/?attachment_id=1997\" data-url=\"https:\/\/dogukantunc.com\/wp-content\/uploads\/2024\/01\/IMG_20231202_143643-768x1024.jpg\" data-width=\"1920\" src=\"https:\/\/i2.wp.com\/dogukantunc.com\/wp-content\/uploads\/2024\/01\/IMG_20231202_143643-768x1024.jpg?ssl=1\" data-amp-layout=\"responsive\" \/><\/figure><\/div><div class=\"tiled-gallery__col\" style=\"flex-basis:31.91548%\"><figure class=\"tiled-gallery__item\"><img decoding=\"async\" srcset=\"https:\/\/i0.wp.com\/dogukantunc.com\/wp-content\/uploads\/2024\/01\/IMG_20231202_165141-1024x768.jpg?strip=info&#038;w=600&#038;ssl=1 600w,https:\/\/i0.wp.com\/dogukantunc.com\/wp-content\/uploads\/2024\/01\/IMG_20231202_165141-1024x768.jpg?strip=info&#038;w=900&#038;ssl=1 900w,https:\/\/i0.wp.com\/dogukantunc.com\/wp-content\/uploads\/2024\/01\/IMG_20231202_165141-1024x768.jpg?strip=info&#038;w=1200&#038;ssl=1 1200w,https:\/\/i0.wp.com\/dogukantunc.com\/wp-content\/uploads\/2024\/01\/IMG_20231202_165141-1024x768.jpg?strip=info&#038;w=1500&#038;ssl=1 1500w,https:\/\/i0.wp.com\/dogukantunc.com\/wp-content\/uploads\/2024\/01\/IMG_20231202_165141-1024x768.jpg?strip=info&#038;w=1800&#038;ssl=1 1800w,https:\/\/i0.wp.com\/dogukantunc.com\/wp-content\/uploads\/2024\/01\/IMG_20231202_165141-1024x768.jpg?strip=info&#038;w=2000&#038;ssl=1 2000w\" alt=\"\" data-height=\"1920\" data-id=\"1998\" data-link=\"https:\/\/dogukantunc.com\/?attachment_id=1998\" data-url=\"https:\/\/dogukantunc.com\/wp-content\/uploads\/2024\/01\/IMG_20231202_165141-1024x768.jpg\" data-width=\"2560\" src=\"https:\/\/i0.wp.com\/dogukantunc.com\/wp-content\/uploads\/2024\/01\/IMG_20231202_165141-1024x768.jpg?ssl=1\" data-amp-layout=\"responsive\" \/><\/figure><\/div><\/div><\/div><\/div>\n\n\n\n<p>Gitmi\u015fken m\u00fczeye de girelim dedik. Ekin m\u00fczeyi ve eserleri \u00e7ok be\u011fendi. Hatta daha sonra Van Gogh&#8217;un <em>Y\u0131ld\u0131zl\u0131 Gece<\/em> eserini yapt\u0131lar annesiyle beraber.<\/p>\n\n\n\n<div class=\"wp-block-jetpack-tiled-gallery aligncenter is-style-rectangular\"><div class=\"tiled-gallery__gallery\"><div class=\"tiled-gallery__row\"><div class=\"tiled-gallery__col\" style=\"flex-basis:26.91318%\"><figure class=\"tiled-gallery__item\"><img decoding=\"async\" srcset=\"https:\/\/i2.wp.com\/dogukantunc.com\/wp-content\/uploads\/2024\/01\/image-22-768x1024.png?strip=info&#038;w=600&#038;ssl=1 600w,https:\/\/i2.wp.com\/dogukantunc.com\/wp-content\/uploads\/2024\/01\/image-22-768x1024.png?strip=info&#038;w=900&#038;ssl=1 900w,https:\/\/i2.wp.com\/dogukantunc.com\/wp-content\/uploads\/2024\/01\/image-22-768x1024.png?strip=info&#038;w=1200&#038;ssl=1 1200w,https:\/\/i2.wp.com\/dogukantunc.com\/wp-content\/uploads\/2024\/01\/image-22-768x1024.png?strip=info&#038;w=1430&#038;ssl=1 1430w\" alt=\"\" data-height=\"1907\" data-id=\"1989\" data-link=\"https:\/\/dogukantunc.com\/?attachment_id=1989\" data-url=\"https:\/\/dogukantunc.com\/wp-content\/uploads\/2024\/01\/image-22-768x1024.png\" data-width=\"1430\" src=\"https:\/\/i2.wp.com\/dogukantunc.com\/wp-content\/uploads\/2024\/01\/image-22-768x1024.png?ssl=1\" data-amp-layout=\"responsive\" \/><\/figure><\/div><div class=\"tiled-gallery__col\" style=\"flex-basis:24.76821%\"><figure class=\"tiled-gallery__item\"><img decoding=\"async\" srcset=\"https:\/\/i2.wp.com\/dogukantunc.com\/wp-content\/uploads\/2024\/01\/Ekran-goruntusu-2024-01-18-143245-706x1024.png?strip=info&#038;w=600&#038;ssl=1 600w,https:\/\/i2.wp.com\/dogukantunc.com\/wp-content\/uploads\/2024\/01\/Ekran-goruntusu-2024-01-18-143245-706x1024.png?strip=info&#038;w=900&#038;ssl=1 900w,https:\/\/i2.wp.com\/dogukantunc.com\/wp-content\/uploads\/2024\/01\/Ekran-goruntusu-2024-01-18-143245-706x1024.png?strip=info&#038;w=1081&#038;ssl=1 1081w\" alt=\"\" data-height=\"1567\" data-id=\"1993\" data-link=\"https:\/\/dogukantunc.com\/?attachment_id=1993\" data-url=\"https:\/\/dogukantunc.com\/wp-content\/uploads\/2024\/01\/Ekran-goruntusu-2024-01-18-143245-706x1024.png\" data-width=\"1081\" src=\"https:\/\/i2.wp.com\/dogukantunc.com\/wp-content\/uploads\/2024\/01\/Ekran-goruntusu-2024-01-18-143245-706x1024.png?ssl=1\" data-amp-layout=\"responsive\" \/><\/figure><\/div><div class=\"tiled-gallery__col\" style=\"flex-basis:48.31861%\"><figure class=\"tiled-gallery__item\"><img decoding=\"async\" srcset=\"https:\/\/i1.wp.com\/dogukantunc.com\/wp-content\/uploads\/2024\/01\/IMG_20231202_161950-1-1024x759.jpg?strip=info&#038;w=600&#038;ssl=1 600w,https:\/\/i1.wp.com\/dogukantunc.com\/wp-content\/uploads\/2024\/01\/IMG_20231202_161950-1-1024x759.jpg?strip=info&#038;w=900&#038;ssl=1 900w,https:\/\/i1.wp.com\/dogukantunc.com\/wp-content\/uploads\/2024\/01\/IMG_20231202_161950-1-1024x759.jpg?strip=info&#038;w=1200&#038;ssl=1 1200w,https:\/\/i1.wp.com\/dogukantunc.com\/wp-content\/uploads\/2024\/01\/IMG_20231202_161950-1-1024x759.jpg?strip=info&#038;w=1500&#038;ssl=1 1500w,https:\/\/i1.wp.com\/dogukantunc.com\/wp-content\/uploads\/2024\/01\/IMG_20231202_161950-1-1024x759.jpg?strip=info&#038;w=1800&#038;ssl=1 1800w,https:\/\/i1.wp.com\/dogukantunc.com\/wp-content\/uploads\/2024\/01\/IMG_20231202_161950-1-1024x759.jpg?strip=info&#038;w=2000&#038;ssl=1 2000w\" alt=\"\" data-height=\"1898\" data-id=\"1995\" data-link=\"https:\/\/dogukantunc.com\/?attachment_id=1995\" data-url=\"https:\/\/dogukantunc.com\/wp-content\/uploads\/2024\/01\/IMG_20231202_161950-1-1024x759.jpg\" data-width=\"2560\" src=\"https:\/\/i1.wp.com\/dogukantunc.com\/wp-content\/uploads\/2024\/01\/IMG_20231202_161950-1-1024x759.jpg?ssl=1\" data-amp-layout=\"responsive\" \/><\/figure><\/div><\/div><\/div><\/div>\n\n\n\n<figure class=\"wp-block-image size-large\"><img data-recalc-dims=\"1\" loading=\"lazy\" decoding=\"async\" width=\"750\" height=\"563\" src=\"https:\/\/i0.wp.com\/dogukantunc.com\/wp-content\/uploads\/2024\/01\/image-28.png?resize=750%2C563&#038;ssl=1\" alt=\"\" class=\"wp-image-2005\" srcset=\"https:\/\/i0.wp.com\/dogukantunc.com\/wp-content\/uploads\/2024\/01\/image-28.png?resize=1024%2C768&amp;ssl=1 1024w, https:\/\/i0.wp.com\/dogukantunc.com\/wp-content\/uploads\/2024\/01\/image-28.png?resize=300%2C225&amp;ssl=1 300w, https:\/\/i0.wp.com\/dogukantunc.com\/wp-content\/uploads\/2024\/01\/image-28.png?resize=768%2C576&amp;ssl=1 768w, https:\/\/i0.wp.com\/dogukantunc.com\/wp-content\/uploads\/2024\/01\/image-28.png?resize=1536%2C1152&amp;ssl=1 1536w, https:\/\/i0.wp.com\/dogukantunc.com\/wp-content\/uploads\/2024\/01\/image-28.png?resize=2048%2C1536&amp;ssl=1 2048w, https:\/\/i0.wp.com\/dogukantunc.com\/wp-content\/uploads\/2024\/01\/image-28.png?w=2250&amp;ssl=1 2250w\" sizes=\"auto, (max-width: 750px) 100vw, 750px\" \/><\/figure>\n\n\n\n<p>Ekin, resim konusuna hayli ilgili. \u0130leride belki bir meslek olarak se\u00e7er mi diye bile merak ediyoruz. Bu t\u00fcr m\u00fcze ziyaretleri de onu bu anlamda besledi\u011fi i\u00e7in \u00e7ok yararl\u0131. Hayat\u0131m\u0131z\u0131n son 1-2 senesinde \u00e7ok fazla sa\u011fa sola gidemesek de bundan sonra Ekin&#8217;le biraz daha \u00e7e\u015fitli ve kaliteli aktiviteler yapmak istiyorum 2024&#8217;te.<\/p>\n\n\n\n<p>Onun d\u0131\u015f\u0131nda Burak&#8217;la K\u00f6ln&#8217;e Pipo d\u00fckkan\u0131 ziyaret etmeye gittik. Evet Pipo d\u00fckkan\u0131 ziyaret etmeye&#8230; D\u00fckkan \u00e7ok enteresan bir d\u00fckkan \u00e7\u0131kt\u0131 ama, Burak&#8217;\u0131n niye buray\u0131 her sene ziyarete geldi\u011fini anlad\u0131m.<\/p>\n\n\n\n<figure class=\"wp-block-image size-large\"><img data-recalc-dims=\"1\" loading=\"lazy\" decoding=\"async\" width=\"750\" height=\"557\" src=\"https:\/\/i0.wp.com\/dogukantunc.com\/wp-content\/uploads\/2024\/01\/image-29.png?resize=750%2C557&#038;ssl=1\" alt=\"\" class=\"wp-image-2006\" srcset=\"https:\/\/i0.wp.com\/dogukantunc.com\/wp-content\/uploads\/2024\/01\/image-29.png?resize=1024%2C760&amp;ssl=1 1024w, https:\/\/i0.wp.com\/dogukantunc.com\/wp-content\/uploads\/2024\/01\/image-29.png?resize=300%2C223&amp;ssl=1 300w, https:\/\/i0.wp.com\/dogukantunc.com\/wp-content\/uploads\/2024\/01\/image-29.png?resize=768%2C570&amp;ssl=1 768w, https:\/\/i0.wp.com\/dogukantunc.com\/wp-content\/uploads\/2024\/01\/image-29.png?resize=1536%2C1139&amp;ssl=1 1536w, https:\/\/i0.wp.com\/dogukantunc.com\/wp-content\/uploads\/2024\/01\/image-29.png?resize=2048%2C1519&amp;ssl=1 2048w, https:\/\/i0.wp.com\/dogukantunc.com\/wp-content\/uploads\/2024\/01\/image-29.png?w=2250&amp;ssl=1 2250w\" sizes=\"auto, (max-width: 750px) 100vw, 750px\" \/><\/figure>\n\n\n\n<h2 class=\"wp-block-heading\">Y\u0131l\u0131n Kapan\u0131\u015f\u0131<\/h2>\n\n\n\n<p>Tabi ki y\u0131l\u0131n kapan\u0131\u015f\u0131nda yine havai fi\u015fek ter\u00f6r\u00fc vard\u0131. Biz de bu sene art\u0131k bo\u015f durmad\u0131k ve ufak da olsa anar\u015finin ucundan tutal\u0131m dedik \ud83d\ude00<\/p>\n\n\n\n<div class=\"wp-block-columns is-layout-flex wp-container-core-columns-is-layout-28f84493 wp-block-columns-is-layout-flex\">\n<div class=\"wp-block-column is-layout-flow wp-block-column-is-layout-flow\"><div class=\"wp-block-image\">\n<figure class=\"aligncenter size-large\"><img data-recalc-dims=\"1\" loading=\"lazy\" decoding=\"async\" width=\"750\" height=\"1000\" src=\"https:\/\/i0.wp.com\/dogukantunc.com\/wp-content\/uploads\/2024\/01\/image-31.png?resize=750%2C1000&#038;ssl=1\" alt=\"\" class=\"wp-image-2008\" srcset=\"https:\/\/i0.wp.com\/dogukantunc.com\/wp-content\/uploads\/2024\/01\/image-31.png?resize=768%2C1024&amp;ssl=1 768w, https:\/\/i0.wp.com\/dogukantunc.com\/wp-content\/uploads\/2024\/01\/image-31.png?resize=225%2C300&amp;ssl=1 225w, https:\/\/i0.wp.com\/dogukantunc.com\/wp-content\/uploads\/2024\/01\/image-31.png?resize=1152%2C1536&amp;ssl=1 1152w, https:\/\/i0.wp.com\/dogukantunc.com\/wp-content\/uploads\/2024\/01\/image-31.png?w=1430&amp;ssl=1 1430w\" sizes=\"auto, (max-width: 750px) 100vw, 750px\" \/><figcaption class=\"wp-element-caption\"><em>Millet bagaj\u0131nda dev cephane ile gezerken bizim ezik starter kit<\/em><\/figcaption><\/figure><\/div><\/div>\n\n\n\n<div class=\"wp-block-column is-layout-flow wp-block-column-is-layout-flow\"><div class=\"wp-block-image\">\n<figure class=\"aligncenter size-large\"><img data-recalc-dims=\"1\" loading=\"lazy\" decoding=\"async\" width=\"750\" height=\"1000\" src=\"https:\/\/i0.wp.com\/dogukantunc.com\/wp-content\/uploads\/2024\/01\/image-30.png?resize=750%2C1000&#038;ssl=1\" alt=\"\" class=\"wp-image-2007\" srcset=\"https:\/\/i0.wp.com\/dogukantunc.com\/wp-content\/uploads\/2024\/01\/image-30.png?resize=768%2C1024&amp;ssl=1 768w, https:\/\/i0.wp.com\/dogukantunc.com\/wp-content\/uploads\/2024\/01\/image-30.png?resize=225%2C300&amp;ssl=1 225w, https:\/\/i0.wp.com\/dogukantunc.com\/wp-content\/uploads\/2024\/01\/image-30.png?resize=1152%2C1536&amp;ssl=1 1152w, https:\/\/i0.wp.com\/dogukantunc.com\/wp-content\/uploads\/2024\/01\/image-30.png?w=1430&amp;ssl=1 1430w\" sizes=\"auto, (max-width: 750px) 100vw, 750px\" \/><figcaption class=\"wp-element-caption\"><em>EXPECTO PATRONUM<\/em><\/figcaption><\/figure><\/div><\/div>\n<\/div>\n\n\n\n<p>Anar\u015finin b\u00fcy\u00fc\u011f\u00fc tabi yine 12&#8217;yi vurmaya yak\u0131n ba\u015flad\u0131. Sokak yine sava\u015f alan\u0131na d\u00f6nd\u00fc, ana d\u00f6rtyolun oraya kamp kuran birka\u00e7 sayko, yolu trafi\u011fe kapat\u0131p top\u00e7u bataryas\u0131n\u0131 harekete ge\u00e7irdiler.<\/p>\n\n\n\n<figure class=\"wp-block-video aligncenter\"><video controls src=\"https:\/\/dogukantunc.com\/wp-content\/uploads\/2024\/01\/VID_20240101_001819.mp4\"><\/video><figcaption class=\"wp-element-caption\"><em>FIRE AT WILL<\/em><\/figcaption><\/figure>\n\n\n\n<p>Onun d\u0131\u015f\u0131nda bu senenin sonunu hasta tamamlayarak gelene\u011fi bozmad\u0131m \ud83d\ude00 Ekin, gece yar\u0131s\u0131na kadar uyan\u0131k kal\u0131p havai fi\u015fekleri seyretme challenge&#8217;\u0131 denedi ama 10 bu\u00e7uk civar\u0131 salonda s\u0131zd\u0131\u011f\u0131 i\u00e7in yata\u011f\u0131na ta\u015f\u0131d\u0131m. Her sene yar\u0131m saat daha uzun dayan\u0131yor, bu mant\u0131kla 10 ya\u015f\u0131nda falan havai fi\u015fekleri d\u00fcnya g\u00f6z\u00fcyle g\u00f6r\u00fcr.<\/p>\n\n\n\n<p>Saat 12&#8217;yi vurdu\u011funda \u00d6zge ile \u00e7aylar\u0131m\u0131z\u0131 toku\u015fturup, televizyonda (bu sefer gelene\u011fi bozarak Acun ile de\u011fil) NPO3 televizyas\u0131n\u0131n Muziekfeest&#8217;iyle 2024&#8217;e giri\u015f yapt\u0131k. San\u0131r\u0131m sahnede Emma Heesters vard\u0131.<\/p>\n\n\n\n<figure class=\"wp-block-embed is-type-video is-provider-youtube wp-block-embed-youtube wp-embed-aspect-16-9 wp-has-aspect-ratio\"><div class=\"wp-block-embed__wrapper\">\n<iframe loading=\"lazy\" title=\"Jan Smit &amp; Emma Heesters - Happy new year \u2022 Muziekfeest van het Jaar 2023 \/\/ Sterren NL\" width=\"750\" height=\"422\" src=\"https:\/\/www.youtube.com\/embed\/UdWhrWX7PnM?start=4&#038;feature=oembed\" frameborder=\"0\" allow=\"accelerometer; autoplay; clipboard-write; encrypted-media; gyroscope; picture-in-picture; web-share\" allowfullscreen><\/iframe>\n<\/div><\/figure>\n\n\n\n<p>Acaba Ediz havai fi\u015fek seslerinden uyan\u0131r m\u0131 dedik (zira tam onun cam\u0131n \u00f6n\u00fcnde at\u0131yorlard\u0131) ama ne hikmetse uyanmad\u0131. Yani bu bebeklerin i\u015fine gelince yere t\u00fcy d\u00fc\u015ft\u00fc diye uyanmas\u0131, istedi\u011finde ise d\u0131\u015far\u0131da ger\u00e7ek bir \u00e7at\u0131\u015fma sesi varken bile uyumas\u0131 enteresan.<\/p>\n\n\n\n<h2 class=\"wp-block-heading\">\u00d6zet<\/h2>\n\n\n\n<p>2023&#8217;\u00fc \u00f6zetlemek gerekirse yine olduk\u00e7a aktif bir y\u0131ld\u0131. Bir s\u00fcr\u00fc icraat, hareket, bereket ve tabi ki de \u00e7al\u0131\u015fmaaa\u011fk, \u00e7al\u0131\u015fmaa\u011fk, \u00e7al\u0131\u015fmaaa\u011fk.<\/p>\n\n\n\n<p>Geneline bakarsak ise 10 \u00fczerinden 6 falan veriyorum bu y\u0131la. Yani ben 2023&#8217;ten raz\u0131y\u0131m, k\u00f6t\u00fc \u015feyler de oldu elbet, ama iyi \u015feyler de olmad\u0131 de\u011fil, hem ki\u015fisel anlamda hem k\u00fcresel anlamda. Belki de bilmiyorum, bundan \u00f6nceki seneler (2020&#8217;den ba\u015flayarak) o kadar k\u00f6t\u00fcyd\u00fc ki 2023 g\u00f6rece iyi kald\u0131. Yani k\u00fcresel bir salg\u0131n, evden \u00e7\u0131kma yasa\u011f\u0131, yan\u0131 ba\u015f\u0131n\u0131zda sava\u015f \u00e7\u0131kmas\u0131, ekonomik kriz gibi bir \u015fey olmamas\u0131 y\u0131l\u0131n iyi olmas\u0131 i\u00e7in yeterli olmu\u015f da olabilir.<\/p>\n\n\n\n<p>Ama bence bu sene, 2020 ile birlikte ba\u015flayan zor birka\u00e7 y\u0131l\u0131n daha iyiye gitmeye ba\u015flad\u0131\u011f\u0131 y\u0131l olabilir, bilmiyorum. Umar\u0131m birka\u00e7 y\u0131l sonra d\u00f6n\u00fcp bu yazd\u0131\u011f\u0131m\u0131 okuyup &#8220;pft\u00fch, \u015fom a\u011fz\u0131na senin&#8221; demem kendi kendime.<\/p>\n\n\n\n<p>Optimistik olmak her zaman iyidir, realist olmayla \u00e7eli\u015fmedi\u011fi s\u00fcrece&#8230;<\/p>\n\n\n\n<p>(Geleneksel a\u011fa\u00e7 \u00f6n\u00fc pozumuzu, bu seneli\u011fine Ediz&#8217;in vah\u015fet e\u011filimi nedeniyle k\u00fc\u00e7\u00fck a\u011fac\u0131m\u0131z \u00f6n\u00fcnde yapmak durumunda kald\u0131k&#8230;)<\/p>\n\n\n\n<figure class=\"wp-block-image size-large\"><img data-recalc-dims=\"1\" loading=\"lazy\" decoding=\"async\" width=\"750\" height=\"744\" src=\"https:\/\/i0.wp.com\/dogukantunc.com\/wp-content\/uploads\/2024\/01\/image-32.png?resize=750%2C744&#038;ssl=1\" alt=\"\" class=\"wp-image-2013\" srcset=\"https:\/\/i0.wp.com\/dogukantunc.com\/wp-content\/uploads\/2024\/01\/image-32.png?resize=1024%2C1016&amp;ssl=1 1024w, https:\/\/i0.wp.com\/dogukantunc.com\/wp-content\/uploads\/2024\/01\/image-32.png?resize=300%2C298&amp;ssl=1 300w, https:\/\/i0.wp.com\/dogukantunc.com\/wp-content\/uploads\/2024\/01\/image-32.png?resize=150%2C150&amp;ssl=1 150w, https:\/\/i0.wp.com\/dogukantunc.com\/wp-content\/uploads\/2024\/01\/image-32.png?resize=768%2C762&amp;ssl=1 768w, https:\/\/i0.wp.com\/dogukantunc.com\/wp-content\/uploads\/2024\/01\/image-32.png?resize=1536%2C1524&amp;ssl=1 1536w, https:\/\/i0.wp.com\/dogukantunc.com\/wp-content\/uploads\/2024\/01\/image-32.png?w=1922&amp;ssl=1 1922w\" sizes=\"auto, (max-width: 750px) 100vw, 750px\" \/><\/figure>\n\n\n\n<p>Herkese iyi bir y\u0131l dileriz. En \u00f6nce sa\u011fl\u0131kla ve sonral\u0131kla huzurla. Geri kalan her \u015fey t\u0131r\u0131 v\u0131r\u0131.<\/p>\n","protected":false},"excerpt":{"rendered":"<p>Sene bitimlerinde, aylard\u0131r k\u00f6\u015fede duran blog&#8217;umu a\u00e7\u0131p bir \u015feyler karalama d\u00fcrt\u00fcm nedense canlan\u0131r, bunun temelde, kapanan y\u0131la bir g\u00f6z atma arzusundan kaynakland\u0131\u011f\u0131n\u0131 d\u00fc\u015f\u00fcn\u00fcrd\u00fcm, ama muhakkak Aral\u0131k ay\u0131n\u0131n hosting hizmetimin yenilenme d\u00f6nemi olmas\u0131n\u0131n &#8211; ve bunca paray\u0131 veriyorum, bari aktif kullanay\u0131m hissinin- de tetikleyici bir etkisi oldu\u011funu d\u00fc\u015f\u00fcn\u00fcyorum. (Spoiler: Hosting her<\/p>\n","protected":false},"author":2,"featured_media":1904,"comment_status":"open","ping_status":"open","sticky":false,"template":"","format":"standard","meta":{"_jetpack_memberships_contains_paid_content":false,"footnotes":""},"categories":[3,8],"tags":[20,57,15,74,63],"class_list":["post-1889","post","type-post","status-publish","format-standard","has-post-thumbnail","hentry","category-genel","category-hayat","tag-cocuk","tag-covid","tag-hayat","tag-lifeinthenetherlands","tag-retrospective"],"jetpack_featured_media_url":"https:\/\/i0.wp.com\/dogukantunc.com\/wp-content\/uploads\/2023\/12\/image-6.png?fit=2571%2C1907&ssl=1","jetpack_sharing_enabled":true,"_links":{"self":[{"href":"https:\/\/dogukantunc.com\/index.php?rest_route=\/wp\/v2\/posts\/1889","targetHints":{"allow":["GET"]}}],"collection":[{"href":"https:\/\/dogukantunc.com\/index.php?rest_route=\/wp\/v2\/posts"}],"about":[{"href":"https:\/\/dogukantunc.com\/index.php?rest_route=\/wp\/v2\/types\/post"}],"author":[{"embeddable":true,"href":"https:\/\/dogukantunc.com\/index.php?rest_route=\/wp\/v2\/users\/2"}],"replies":[{"embeddable":true,"href":"https:\/\/dogukantunc.com\/index.php?rest_route=%2Fwp%2Fv2%2Fcomments&post=1889"}],"version-history":[{"count":28,"href":"https:\/\/dogukantunc.com\/index.php?rest_route=\/wp\/v2\/posts\/1889\/revisions"}],"predecessor-version":[{"id":2089,"href":"https:\/\/dogukantunc.com\/index.php?rest_route=\/wp\/v2\/posts\/1889\/revisions\/2089"}],"wp:featuredmedia":[{"embeddable":true,"href":"https:\/\/dogukantunc.com\/index.php?rest_route=\/wp\/v2\/media\/1904"}],"wp:attachment":[{"href":"https:\/\/dogukantunc.com\/index.php?rest_route=%2Fwp%2Fv2%2Fmedia&parent=1889"}],"wp:term":[{"taxonomy":"category","embeddable":true,"href":"https:\/\/dogukantunc.com\/index.php?rest_route=%2Fwp%2Fv2%2Fcategories&post=1889"},{"taxonomy":"post_tag","embeddable":true,"href":"https:\/\/dogukantunc.com\/index.php?rest_route=%2Fwp%2Fv2%2Ftags&post=1889"}],"curies":[{"name":"wp","href":"https:\/\/api.w.org\/{rel}","templated":true}]}}