{"id":470,"date":"2020-01-09T20:09:13","date_gmt":"2020-01-09T20:09:13","guid":{"rendered":"http:\/\/dogukantunc.com\/?p=470"},"modified":"2020-08-30T14:33:21","modified_gmt":"2020-08-30T14:33:21","slug":"so-long","status":"publish","type":"post","link":"https:\/\/dogukantunc.com\/?p=470","title":{"rendered":"So long&#8230;"},"content":{"rendered":"\n<p>Merhaba. Bug\u00fcn 9 Ocak 2020. Yar\u0131n, Ankara&#8217;daki (ve T\u00fcrkiye&#8217;deki) son g\u00fcn\u00fcm.<\/p>\n\n\n\n<p>Tabi olaylar h\u0131zl\u0131 geli\u015fti\u011fi i\u00e7in tan\u0131d\u0131\u011f\u0131m her insana e\u015fit detayda anlatma \u015fans\u0131m olmad\u0131, hatta hi\u00e7 haberi olmayan arkada\u015flar\u0131m oldu\u011funu fark ettim. O y\u00fczden bu yaz\u0131y\u0131 yazmam gerekti\u011fini d\u00fc\u015f\u00fcnd\u00fcm.<\/p>\n\n\n\n<p>Her \u015fey, 18 Ekim 2019&#8217;da LinkedIn&#8217;ime d\u00fc\u015fen \u015fu mesajla ba\u015flad\u0131.<\/p>\n\n\n\n<figure class=\"wp-block-image\"><img data-recalc-dims=\"1\" loading=\"lazy\" decoding=\"async\" width=\"473\" height=\"414\" src=\"https:\/\/i0.wp.com\/dogukantunc.com\/wp-content\/uploads\/2020\/01\/image-1.png?resize=473%2C414\" alt=\"\" class=\"wp-image-473\" srcset=\"https:\/\/i0.wp.com\/dogukantunc.com\/wp-content\/uploads\/2020\/01\/image-1.png?w=473&amp;ssl=1 473w, https:\/\/i0.wp.com\/dogukantunc.com\/wp-content\/uploads\/2020\/01\/image-1.png?resize=300%2C263&amp;ssl=1 300w\" sizes=\"auto, (max-width: 473px) 100vw, 473px\" \/><\/figure>\n\n\n\n<p>Daha \u00f6nce bu tip \u00e7ok mesaj alm\u0131\u015f oldu\u011fum, bunlar\u0131n hemen hepsiyle g\u00f6r\u00fc\u015fm\u00fc\u015f oldu\u011fum, ve bir \u015fekilde olumsuz sonu\u00e7lanm\u0131\u015f oldu\u011fu i\u00e7in, bu mesaj beni \u00f6zellikle heyecanland\u0131ran bir \u015fey olmad\u0131. &#8220;Ha, evet, i\u015f tan\u0131m\u0131 g\u00fczel, te\u015fekk\u00fcrler, tabi olur, g\u00f6r\u00fc\u015felim&#8221; d\u0131\u015f\u0131nda bir \u015fey yazmad\u0131m buna da. Ama her \u015fey bu noktadan sonra olduk\u00e7a h\u0131zl\u0131 ilerledi.<\/p>\n\n\n\n<p>\u00d6yle h\u0131zl\u0131 ilerledi ki, \u015fu an pasaportumda \u00e7al\u0131\u015fma vizesi, elimde 11.01.2020, Saat 08:05&#8217;e Ankara&#8217;dan Eindhoven&#8217;a tek y\u00f6n bir gidi\u015f bileti var. <\/p>\n\n\n\n<figure class=\"wp-block-image\"><img data-recalc-dims=\"1\" loading=\"lazy\" decoding=\"async\" width=\"750\" height=\"264\" src=\"https:\/\/i0.wp.com\/dogukantunc.com\/wp-content\/uploads\/2020\/01\/image-2.png?resize=750%2C264\" alt=\"\" class=\"wp-image-474\" srcset=\"https:\/\/i0.wp.com\/dogukantunc.com\/wp-content\/uploads\/2020\/01\/image-2.png?w=1010&amp;ssl=1 1010w, https:\/\/i0.wp.com\/dogukantunc.com\/wp-content\/uploads\/2020\/01\/image-2.png?resize=300%2C105&amp;ssl=1 300w, https:\/\/i0.wp.com\/dogukantunc.com\/wp-content\/uploads\/2020\/01\/image-2.png?resize=768%2C270&amp;ssl=1 768w\" sizes=\"auto, (max-width: 750px) 100vw, 750px\" \/><figcaption>NP: One Way Ticket.mp3<\/figcaption><\/figure>\n\n\n\n<p>Brainbox adl\u0131 bir firma \u00fczerinden ASML ile \u00f6nce \u00f6n g\u00f6r\u00fc\u015fme, sonra teknik m\u00fclakat, ard\u0131ndan da Group Leader ile g\u00f6r\u00fc\u015ft\u00fcm. On-Site g\u00f6r\u00fc\u015fmeye gitmedim, direkt kabul edildiniz dediler. Haberi ilk duydu\u011fumda bana ifade etti\u011fi \u015feyler \u00e7ok karma\u015f\u0131kt\u0131. Zaten uzunca bi s\u00fcre inanmad\u0131m, la get, kesin bi bit yeni\u011fi var falan dedim. Sonra garip bir \u015fekilde olaylar ciddile\u015fmeye ba\u015flad\u0131. Kar\u015f\u0131ma kontrat geldi, vizeye ba\u015fvuru yap\u0131ld\u0131, Hollanda h\u00fck\u00fcmetinin resmi evraklar\u0131na imza atarken buldum kendimi. Ev buldum, depozito \u00f6dedim falan. Hayat\u0131mda ilk defa her sabah kalk\u0131p Euro ka\u00e7 TL olmu\u015f diye bakt\u0131m. Bunlar olmaya ba\u015flad\u0131k\u00e7a &#8220;Shit Just Got Serious&#8221; demeye ba\u015flad\u0131m. Ve sonra sorgulama evresi: &#8220;Ger\u00e7ekten gidiyor muyuz? Gitmeli miyiz? Bizi neler bekliyor?&#8221; sorular\u0131 kafamda d\u00f6n\u00fcp durdu. Ama kararl\u0131l\u0131\u011f\u0131mda en ufak bir de\u011fi\u015fme olmad\u0131. \u00c7\u00fcnk\u00fc her ne kadar bu, alt\u0131nda milyonlarca de\u011fi\u015fken olan karma\u015f\u0131k bir denklem olsa da, \u00f6z\u00fcnde gitmenin do\u011fru bir karar oldu\u011funu bildi\u011fimiz i\u00e7in \u00fcrksek de, korksak da karar\u0131m\u0131zdan d\u00f6nmedik.<\/p>\n\n\n\n<p>Zira bu d\u00fc\u015f\u00fcnce birka\u00e7 senedir kafam\u0131zda vard\u0131. \u00d6zellikle de Ekin do\u011fduktan sonra daha ciddi d\u00fc\u015f\u00fcnmeye ba\u015flam\u0131\u015ft\u0131k. En az\u0131ndan bunu denememiz gerekti\u011fine. Neden b\u00f6yle bir karar ald\u0131\u011f\u0131m\u0131z, bu karar\u0131n do\u011fru mu yanl\u0131\u015f m\u0131 oldu\u011fu gibi \u015feyler \u00e7ok uzun, derin ve subjektif muhabbetler, burada uzun uzad\u0131ya bunlara girmeyece\u011fim. Bir de bizden \u00f6nce zaten \u00e7ok fazla giden arkada\u015f\u0131m\u0131z, benim de bizzat \u00e7ok yak\u0131n arkada\u015flar\u0131m oldu\u011fu i\u00e7in hem Eindhoven ile ilgili genel memnuniyet d\u00fczeyinden haberdar\u0131m, hem oradan bana d\u00fczenli olarak bilgi ak\u0131yor, hem de aktif olarak i\u015flerimde beni assist eden insanlar vard\u0131. B\u00f6ylece gidi\u015f s\u00fcrecim daha kolay ve s\u00fcrt\u00fcnmesiz ger\u00e7ekle\u015fti.<\/p>\n\n\n\n<p>Netice itibariyle 31 Aral\u0131k 2019 tarihinde SDT&#8217;den ayr\u0131ld\u0131m. Bu \u00f6nemli bir and\u0131 benim i\u00e7in. \u00c7\u00fcnk\u00fc SDT \u00e7al\u0131\u015fmaktan keyif ald\u0131\u011f\u0131m bir yerdi. Arkada\u015flar\u0131m\u0131 geride b\u0131rakmak beni \u00fczse de, burada \u00e7ok e\u011flenceli anlar, bir i\u015fyerinden \u00e7ok g\u00fczel ve s\u0131cak bir aile ortam\u0131 elde etmi\u015f olsam da, daha b\u00fcy\u00fck bir vizyonu ger\u00e7eklemek i\u00e7in feda etmek durumunda kald\u0131m. Ayr\u0131ca 2010&#8217;dan beri ilk defa \u00f6n\u00fcmde 10 g\u00fcnl\u00fck bir i\u015fsizlik evresi duruyordu. \u00c7\u00fcnk\u00fc ben i\u015f hayat\u0131na ba\u015flad\u0131\u011f\u0131mdan beri iki i\u015f aras\u0131 1 g\u00fcn bile tatil yapmadan \u00e7al\u0131\u015fmaya ba\u015flad\u0131m. <\/p>\n\n\n\n<p>Tabi bu 10 g\u00fcn\u00fcn \u00e7o\u011fu geri kalan i\u015flere ko\u015fturmakla ge\u00e7se de, haftai\u00e7i i\u015fe gitmemek \u00e7ok tuhaf geldi. Tuhaf \u015fekilde g\u00fczel. Me\u011ferse biz sabah kalk\u0131p i\u015fe gittikten sonra \u015fehirde hayat devam ediyormu\u015f, g\u00f6rmeye al\u0131\u015fk\u0131n olmad\u0131\u011f\u0131m bir y\u00fcz\u00fcn\u00fc g\u00f6rd\u00fcm hayat\u0131n. Benim i\u00e7in haftai\u00e7i = i\u015fe gitmek olmu\u015f art\u0131k g\u00f6rd\u00fcm ki.<\/p>\n\n\n\n<p>\u015eimdi orada Philips Bedrijfsschool binas\u0131nda short stay tuttum. Bu short stay, 5 ay kal\u0131p bo\u015faltman gereken, expat sirk\u00fclasyonunun kal\u0131c\u0131 ev bulmas\u0131n\u0131 kolayla\u015ft\u0131rma ama\u00e7l\u0131 bir konsept.<\/p>\n\n\n\n<figure class=\"wp-block-image\"><img data-recalc-dims=\"1\" decoding=\"async\" src=\"https:\/\/i0.wp.com\/holland2stay.com\/pub\/media\/catalog\/product\/cache\/8f2a2bcc95b06e34f09bcddfba686b98\/p\/b\/pbs-6_3.jpg?w=750&#038;ssl=1\" alt=\"\" \/><figcaption>Philips Bedrijfsschool (Eski Philips Business School binas\u0131ni renove ederek t\u00fcm daireleri short-stay kiralanabilen bir apartmana \u00e7evirmi\u015fler)<\/figcaption><\/figure>\n\n\n\n<p>Ben oraya gittikten bir ay kadar sonra da \u00d6zge ve Ekin de yan\u0131ma gelecekler. Bu nedenle family-friendly bir daire tuttum. \u00d6zge de geldikten sonra kendimize kal\u0131c\u0131 ev bak\u0131p oraya ta\u015f\u0131naca\u011f\u0131z. Ankara&#8217;daki evi de bo\u015faltarak e\u015fyalar\u0131 elden \u00e7\u0131kar\u0131yoruz. Biraz gidenlerle konu\u015fup, nakliye fiyatlar\u0131n\u0131 ara\u015ft\u0131r\u0131nca, oraya \u00e7ok fazla mobilya ta\u015f\u0131mamaya karar verdik. Orada tutaca\u011f\u0131m\u0131z eve uygun olan yenilerini almak daha mant\u0131kl\u0131 geldi.<\/p>\n\n\n\n<figure class=\"wp-block-image\"><img data-recalc-dims=\"1\" decoding=\"async\" src=\"https:\/\/i0.wp.com\/holland2stay.com\/pub\/media\/catalog\/product\/cache\/8f2a2bcc95b06e34f09bcddfba686b98\/p\/b\/pbs-8_4.jpg?w=750&#038;ssl=1\" alt=\"\" \/><figcaption>Ge\u00e7ici olarak kalaca\u011f\u0131m\u0131z daire (temsili)<\/figcaption><\/figure>\n\n\n\n<p>\u015eu an i\u00e7in her \u015fey ayarland\u0131, bitti, halloldu ve bavulumu haz\u0131rl\u0131yorum. \u0130nsanlar heyecanl\u0131 m\u0131s\u0131n, gergin misin diye soruyorlar. Ne evet, ne hay\u0131r. Bu olay evet b\u00fcy\u00fck bir olay, ya\u015fad\u0131\u011f\u0131n yerden kopup gitmek k\u00fc\u00e7\u00fck bir olay de\u011fil. Ama benden \u00f6nce ka\u00e7 ki\u015finin bunu yapt\u0131\u011f\u0131na bakt\u0131\u011f\u0131mda o kadar da b\u00fcy\u00fct\u00fclecek bir \u015fey olmad\u0131\u011f\u0131n\u0131 g\u00f6r\u00fcyorum. Bir de yenili\u011fe, de\u011fi\u015fik ortamlara adapte olmay\u0131 severim. Omurgadan ya\u015famay\u0131 b\u0131rak\u0131p beynini kullanmaya te\u015fvik eder insan\u0131. Tembelle\u015fmesini engeller. \u015eu an i\u00e7in ilk etapta sadece \u00d6zge ve Ekin&#8217;den bir ay kadar ayr\u0131 kalacak olman\u0131n h\u00fczn\u00fc var. Ama bu da ge\u00e7ici bir durum oldu\u011fu i\u00e7in biraz sabretmenin yeterli olaca\u011f\u0131 bir durum. Onun d\u0131\u015f\u0131nda onlar da geldikten sonra birlikte bu i\u015fin alt\u0131ndan \u00e7ok daha kolay ve daha g\u00fc\u00e7l\u00fc \u015fekilde kalkabilece\u011fimizi biliyorum.<\/p>\n\n\n\n<p>Ekin&#8217;e bu durumu ge\u00e7en g\u00fcn anlatt\u0131k ve \u015fa\u015f\u0131rt\u0131c\u0131 bi\u00e7imde \u00e7ok olgun kar\u015f\u0131lad\u0131. &#8220;Biz \u015fimdi Ankara&#8217;day\u0131z di mi, ama birlikte Hollanda&#8217;ya m\u0131 gidicez? Orada inek var m\u0131? \u0130nekleri, koyunlar\u0131 g\u00f6rmeye gidebilir miyiz?&#8221; falan dedi. Sonra odas\u0131nda &#8220;Hool Hool Hollandaaa&#8221; diye \u015fark\u0131 s\u00f6ylerken yakalad\u0131m. \u00c7ocuklar\u0131n yeni \u015feylere adaptasyon yetene\u011fi \u00e7ok enteresan.<\/p>\n\n\n\n<p>Ama s\u00f6ylemi\u015flerdi. Biz i\u015fte, &#8220;ah \u00e7ocuk oraya nas\u0131l al\u0131\u015f\u0131r, vah dili nas\u0131l \u00f6\u011frenir&#8221; dedi\u011fimizde, &#8220;onlar sizden 10 kat daha h\u0131zl\u0131 adapte oluyorlar, siz kendi derdinize yan\u0131n&#8221; demi\u015flerdi. \u00c7ocuk daha \u015fimdiden bizden daha h\u0131zl\u0131 al\u0131\u015ft\u0131 bile fikre.<\/p>\n\n\n\n<p>\u00c7ocuklar orada e\u011fitim sistemine 4 ya\u015f\u0131nda kat\u0131l\u0131yor. Ekin i\u00e7in hen\u00fcz daha 1 sene var. \u00d6zge de en az\u0131ndan bu 1 sene i\u00e7inde i\u015f aramayacak muhtemelen. Daha sonra neler olacak duruma g\u00f6re bak\u0131p g\u00f6rece\u011fiz.<\/p>\n\n\n\n<p>Gitmeden g\u00f6r\u00fc\u015febildiklerimle zaten g\u00f6r\u00fc\u015ft\u00fcm. Zaman ve enerji k\u0131tl\u0131\u011f\u0131 nedeniyle g\u00f6r\u00fc\u015femedi\u011fim herkese esenlikler diliyorum. Yolunuz oralara d\u00fc\u015fecek olursa her zaman bekleriz.<\/p>\n\n\n\n<p>So long&#8230; And thanks for all the Aspava.<\/p>\n","protected":false},"excerpt":{"rendered":"<p>Bir s\u00fcredir hayat\u0131mda meydana gelen maj\u00f6r de\u011fi\u015fiklik ile ilgili bir t\u00fcrl\u00fc  payla\u015fmaya f\u0131rsat bulamad\u0131\u011f\u0131m bilgiler.<\/p>\n","protected":false},"author":2,"featured_media":477,"comment_status":"open","ping_status":"open","sticky":false,"template":"","format":"standard","meta":{"_jetpack_memberships_contains_paid_content":false,"footnotes":""},"categories":[3,8],"tags":[33,36,34,35],"class_list":["post-470","post","type-post","status-publish","format-standard","has-post-thumbnail","hentry","category-genel","category-hayat","tag-eindhoven","tag-lifeevent","tag-tasinma","tag-veda"],"jetpack_featured_media_url":"https:\/\/i0.wp.com\/dogukantunc.com\/wp-content\/uploads\/2020\/01\/image-eindhoven-2.jpg?fit=800%2C534&ssl=1","jetpack_sharing_enabled":true,"_links":{"self":[{"href":"https:\/\/dogukantunc.com\/index.php?rest_route=\/wp\/v2\/posts\/470","targetHints":{"allow":["GET"]}}],"collection":[{"href":"https:\/\/dogukantunc.com\/index.php?rest_route=\/wp\/v2\/posts"}],"about":[{"href":"https:\/\/dogukantunc.com\/index.php?rest_route=\/wp\/v2\/types\/post"}],"author":[{"embeddable":true,"href":"https:\/\/dogukantunc.com\/index.php?rest_route=\/wp\/v2\/users\/2"}],"replies":[{"embeddable":true,"href":"https:\/\/dogukantunc.com\/index.php?rest_route=%2Fwp%2Fv2%2Fcomments&post=470"}],"version-history":[{"count":8,"href":"https:\/\/dogukantunc.com\/index.php?rest_route=\/wp\/v2\/posts\/470\/revisions"}],"predecessor-version":[{"id":664,"href":"https:\/\/dogukantunc.com\/index.php?rest_route=\/wp\/v2\/posts\/470\/revisions\/664"}],"wp:featuredmedia":[{"embeddable":true,"href":"https:\/\/dogukantunc.com\/index.php?rest_route=\/wp\/v2\/media\/477"}],"wp:attachment":[{"href":"https:\/\/dogukantunc.com\/index.php?rest_route=%2Fwp%2Fv2%2Fmedia&parent=470"}],"wp:term":[{"taxonomy":"category","embeddable":true,"href":"https:\/\/dogukantunc.com\/index.php?rest_route=%2Fwp%2Fv2%2Fcategories&post=470"},{"taxonomy":"post_tag","embeddable":true,"href":"https:\/\/dogukantunc.com\/index.php?rest_route=%2Fwp%2Fv2%2Ftags&post=470"}],"curies":[{"name":"wp","href":"https:\/\/api.w.org\/{rel}","templated":true}]}}