{"id":493,"date":"2020-08-30T02:40:15","date_gmt":"2020-08-30T02:40:15","guid":{"rendered":"http:\/\/dogukantunc.com\/?p=493"},"modified":"2021-08-31T11:05:00","modified_gmt":"2021-08-31T10:05:00","slug":"just-another-expats-blog","status":"publish","type":"post","link":"https:\/\/dogukantunc.com\/?p=493","title":{"rendered":"Just Another Expat&#8217;s Chronicle (v1.1.3108)"},"content":{"rendered":"\n<div class=\"wp-block-group\"><div class=\"wp-block-group__inner-container is-layout-flow wp-block-group-is-layout-flow\">\n<p>Ailemle birlikte Eindhoven&#8217;a ta\u015f\u0131nal\u0131 6 aydan fazla zaman ge\u00e7ti. Bildi\u011finiz gibi, son 5-6 y\u0131lda benim gibi T\u00fcrkiye&#8217;den yurt d\u0131\u015f\u0131na \u00e7al\u0131\u015fmaya giden \u00e7ok say\u0131da HSM (Highly Skilled Migrant) oldu, ve \u00e7o\u011fu da bir blog ve\/veya vlog sahibi. Benim yazaca\u011f\u0131m yaz\u0131n\u0131n da bu yaz\u0131lardan b\u00fcy\u00fck bir fark\u0131 yok, bir di\u011fer Expat seyahatn\u00e2mesi.<\/p>\n<p>Yukar\u0131da bahsetti\u011fim yaz\u0131lar ve videolar, bizim de gelmeden \u00f6nce \u00e7ok faydaland\u0131\u011f\u0131m\u0131z kaynaklard\u0131, en ufak bir bilgi k\u0131r\u0131nt\u0131s\u0131 i\u00e7in bile aran\u0131p taran\u0131yorduk. O zamanlar \u00e7ok yard\u0131m\u0131 oldu. \u015eahsen kimseye tavsiye vermeyi sevmiyorum, herkesin beklentileri, mutlu oldu\u011fu \u015feyler kendine. O y\u00fczden mukayese, bu ya da o \u00fclkeyi \u00f6vme, tavsiye verme amac\u0131ndan ziyade, kendi g\u00f6zlemlerimi ve deneyimlerimi samimi bir \u015fekilde aktarmak niyetindeyim, belki i\u00e7erisinden kendine bir fayda \u00e7\u0131karan da olursa ne \u00e2l\u00e2.<\/p>\n<p>E\u011fer belli bir konudaki detaylar\u0131 ya da neyin nas\u0131l oldu\u011funu merak eden olursa da yorumlar k\u0131sm\u0131nda\/<a href=\"mailto:dogukan@dogukantunc.com\">e-posta adresimde<\/a> bulu\u015fal\u0131m. Elimden gelen bilgi ve yard\u0131m\u0131 yapmaya \u00e7al\u0131\u015f\u0131r\u0131m na\u00e7izane.<\/p>\n<h3><strong>Part 1: One Way Flight, Bekar Hayat\u0131<\/strong><\/h3>\n<p><a href=\"http:\/\/dogukantunc.com\/?p=470\" target=\"_blank\" rel=\"noopener noreferrer\">Bir \u00f6nceki yaz\u0131mda<\/a> bahsetti\u011fim gibi, gidece\u011fimin kesinle\u015fmesinden sonra olaylar olduk\u00e7a h\u0131zl\u0131 geli\u015fti. Kendimi bir anda istifa etmi\u015f, bavulu haz\u0131r, u\u00e7ak bileti elinde, MVV damgas\u0131 pasaportuna i\u015flenmi\u015f \u015fekilde tan\u0131d\u0131klar\u0131mla vedala\u015f\u0131rken buldum.<\/p>\n<p>11 Ocak 2020 Cumartesi sabah\u0131, 08:30 Esenbo\u011fa-Sabiha G\u00f6k\u00e7en-Eindhoven aktarmal\u0131 u\u00e7u\u015fuma beni karde\u015fim ve annem b\u0131rakt\u0131lar. \u00d6zge evde Ekin ile birlikte kald\u0131. \u00d6zge ve Ekin&#8217;in vize i\u015flemleri ben Eindhoven&#8217;a geldikten sonra ba\u015flayaca\u011f\u0131 i\u00e7in ben tek ba\u015f\u0131ma 1 battal boy valizle yola \u00e7\u0131kt\u0131m.<\/p>\n<div id=\"attachment_552\" style=\"width: 713px\" class=\"wp-caption aligncenter\"><img data-recalc-dims=\"1\" loading=\"lazy\" decoding=\"async\" aria-describedby=\"caption-attachment-552\" src=\"https:\/\/i0.wp.com\/dogukantunc.com\/wp-content\/uploads\/2020\/08\/IMG_20200111_130530-1.jpg?resize=703%2C937\" alt=\"\" width=\"703\" height=\"937\" class=\"wp-image-552 size-full\" srcset=\"https:\/\/i0.wp.com\/dogukantunc.com\/wp-content\/uploads\/2020\/08\/IMG_20200111_130530-1.jpg?w=703&amp;ssl=1 703w, https:\/\/i0.wp.com\/dogukantunc.com\/wp-content\/uploads\/2020\/08\/IMG_20200111_130530-1.jpg?resize=225%2C300&amp;ssl=1 225w\" sizes=\"auto, (max-width: 703px) 100vw, 703px\" \/><p id=\"caption-attachment-552\" class=\"wp-caption-text\"><em>Gudbay Ankara, gudbay T\u00fcrkije&#8230;<\/em><\/p><\/div>\n<p>Bu arada ilgin\u00e7 bir not da \u015f\u00f6yle ki; ben hayat\u0131mda ilk defa tek u\u00e7tum. Havaalanlar\u0131, u\u00e7u\u015f prosed\u00fcrleri ve bin tane kontrol noktas\u0131 beni \u00e7ok geriyor. Hele ki aktarma. Kap\u0131 de\u011fi\u015fikli\u011fi. R\u00f6tar. Yer y\u00f6n bulmada da haf\u0131zam zay\u0131f oldu\u011fu i\u00e7in, genelde yan\u0131mda ikinci bir ki\u015fi olunca daha rahat ediyorum, hata olas\u0131l\u0131\u011f\u0131 azal\u0131yor gibi geliyor. Ama bu sefer Wingman&#8217;siz u\u00e7tum ve her \u015feyi iki kez kontrol ede ede geldim.<\/p>\n<p>Yerel saatle 13:00 civar\u0131nda ayak bast\u0131m Eindhoven&#8217;a.<\/p>\n<div id=\"attachment_643\" style=\"width: 1208px\" class=\"wp-caption aligncenter\"><img data-recalc-dims=\"1\" loading=\"lazy\" decoding=\"async\" aria-describedby=\"caption-attachment-643\" src=\"https:\/\/i0.wp.com\/dogukantunc.com\/wp-content\/uploads\/2020\/08\/IMG_20200111_142740.jpg?resize=750%2C556\" alt=\"\" width=\"750\" height=\"556\" class=\"wp-image-643 size-full\" srcset=\"https:\/\/i0.wp.com\/dogukantunc.com\/wp-content\/uploads\/2020\/08\/IMG_20200111_142740.jpg?w=1198&amp;ssl=1 1198w, https:\/\/i0.wp.com\/dogukantunc.com\/wp-content\/uploads\/2020\/08\/IMG_20200111_142740.jpg?resize=300%2C222&amp;ssl=1 300w, https:\/\/i0.wp.com\/dogukantunc.com\/wp-content\/uploads\/2020\/08\/IMG_20200111_142740.jpg?resize=1024%2C759&amp;ssl=1 1024w, https:\/\/i0.wp.com\/dogukantunc.com\/wp-content\/uploads\/2020\/08\/IMG_20200111_142740.jpg?resize=768%2C569&amp;ssl=1 768w\" sizes=\"auto, (max-width: 750px) 100vw, 750px\" \/><p id=\"caption-attachment-643\" class=\"wp-caption-text\"><em>Hello, Hollanda.<\/em><\/p><\/div>\n<p>\u0130ndikten sonra ilk \u00e7ekti\u011fim foto\u011fraf \u015f\u00f6yle sa\u00e7ma bir \u015feydi, ama enstantane i\u015fte. Hat\u0131ra olarak payla\u015fmak istedim.<\/p>\n<div id=\"attachment_521\" style=\"width: 1194px\" class=\"wp-caption aligncenter\"><img data-recalc-dims=\"1\" loading=\"lazy\" decoding=\"async\" aria-describedby=\"caption-attachment-521\" src=\"https:\/\/i0.wp.com\/dogukantunc.com\/wp-content\/uploads\/2020\/07\/IMG_20200111_131509-1.jpg?resize=750%2C563\" alt=\"\" width=\"750\" height=\"563\" class=\"wp-image-521 size-full\" srcset=\"https:\/\/i0.wp.com\/dogukantunc.com\/wp-content\/uploads\/2020\/07\/IMG_20200111_131509-1.jpg?w=1184&amp;ssl=1 1184w, https:\/\/i0.wp.com\/dogukantunc.com\/wp-content\/uploads\/2020\/07\/IMG_20200111_131509-1.jpg?resize=300%2C225&amp;ssl=1 300w, https:\/\/i0.wp.com\/dogukantunc.com\/wp-content\/uploads\/2020\/07\/IMG_20200111_131509-1.jpg?resize=1024%2C768&amp;ssl=1 1024w, https:\/\/i0.wp.com\/dogukantunc.com\/wp-content\/uploads\/2020\/07\/IMG_20200111_131509-1.jpg?resize=768%2C576&amp;ssl=1 768w\" sizes=\"auto, (max-width: 750px) 100vw, 750px\" \/><p id=\"caption-attachment-521\" class=\"wp-caption-text\"><em>Eindhoven havaliman\u0131 \u00e7\u0131k\u0131\u015f\u0131. Kuvvetli bir r\u00fczgar vard\u0131.<\/em><\/p><\/div>\n<p>Eindhoven&#8217;a ayak basar basmaz SDT&#8217;de uzun s\u00fcre beraber \u00e7al\u0131\u015ft\u0131\u011f\u0131m\u0131z ve benden 6 ay \u00f6nce ASML&#8217;ye \u00e7al\u0131\u015fmaya gelen Murat sa\u011f olsun beni kar\u015f\u0131lad\u0131. Yol bilmeyik iz bilmeyik gurban. Sa\u011f olsun gelmeden \u00f6nceki haz\u0131rl\u0131klarda da geldikten sonra da yolumuza asfalt att\u0131.<\/p>\n<div id=\"attachment_501\" style=\"width: 1196px\" class=\"wp-caption aligncenter\"><img data-recalc-dims=\"1\" loading=\"lazy\" decoding=\"async\" aria-describedby=\"caption-attachment-501\" src=\"https:\/\/i0.wp.com\/dogukantunc.com\/wp-content\/uploads\/2020\/07\/IMG_20200111_133453.jpg?resize=750%2C562\" alt=\"\" width=\"750\" height=\"562\" class=\"wp-image-501 size-full\" srcset=\"https:\/\/i0.wp.com\/dogukantunc.com\/wp-content\/uploads\/2020\/07\/IMG_20200111_133453.jpg?w=1186&amp;ssl=1 1186w, https:\/\/i0.wp.com\/dogukantunc.com\/wp-content\/uploads\/2020\/07\/IMG_20200111_133453.jpg?resize=300%2C225&amp;ssl=1 300w, https:\/\/i0.wp.com\/dogukantunc.com\/wp-content\/uploads\/2020\/07\/IMG_20200111_133453.jpg?resize=1024%2C767&amp;ssl=1 1024w, https:\/\/i0.wp.com\/dogukantunc.com\/wp-content\/uploads\/2020\/07\/IMG_20200111_133453.jpg?resize=768%2C575&amp;ssl=1 768w\" sizes=\"auto, (max-width: 750px) 100vw, 750px\" \/><p id=\"caption-attachment-501\" class=\"wp-caption-text\"><em>Hollanda yaram\u0131\u015f, epey kilo alm\u0131\u015f ell\u00e2m&#8230;<\/em><\/p><\/div>\n<p>\u0130lk olarak ne otob\u00fcs kart\u0131, ne market al\u0131\u015fveri\u015fi ne de yemek. Direkt olarak Decathlon&#8217;a g\u00f6t\u00fcr la beni dedim, bisiklet alal\u0131m. Best&#8217;teki Decathlon&#8217;a gittik ve g\u00fczel ve sa\u011flam bir hibrit B-Twin ald\u0131m kendime.<\/p>\n<p>Buradaki insanlar daha ziyade uzun ve dar gidonlu, 3 ya da 4 vitesli \u015fehir bisikletlerini tercih ediyorlar, asl\u0131nda \u00e7ok rahat g\u00f6r\u00fcn\u00fcyor ama ben nedense onlarla bir t\u00fcrl\u00fc rahat edemiyorum. Yerden fazla y\u00fcksek geliyor ve gidon \u015feklinden dolay\u0131 hakimiyeti daha zor gibi geliyor. Hele ki baz\u0131s\u0131 kontrapedal veya vitessiz.<\/p>\n<div id=\"attachment_586\" style=\"width: 1034px\" class=\"wp-caption aligncenter\"><img data-recalc-dims=\"1\" loading=\"lazy\" decoding=\"async\" aria-describedby=\"caption-attachment-586\" src=\"https:\/\/i0.wp.com\/dogukantunc.com\/wp-content\/uploads\/2020\/08\/image.jpg?resize=750%2C500\" alt=\"\" width=\"750\" height=\"500\" class=\"size-full wp-image-586\" srcset=\"https:\/\/i0.wp.com\/dogukantunc.com\/wp-content\/uploads\/2020\/08\/image.jpg?w=1024&amp;ssl=1 1024w, https:\/\/i0.wp.com\/dogukantunc.com\/wp-content\/uploads\/2020\/08\/image.jpg?resize=300%2C200&amp;ssl=1 300w, https:\/\/i0.wp.com\/dogukantunc.com\/wp-content\/uploads\/2020\/08\/image.jpg?resize=768%2C512&amp;ssl=1 768w, https:\/\/i0.wp.com\/dogukantunc.com\/wp-content\/uploads\/2020\/08\/image.jpg?resize=360%2C240&amp;ssl=1 360w\" sizes=\"auto, (max-width: 750px) 100vw, 750px\" \/><p id=\"caption-attachment-586\" class=\"wp-caption-text\"><em>Klasik bir da\u00e7 bisikleti.<\/em><\/p><\/div>\n<p>Ben yine \u00e7ocuklu\u011fumdan beri al\u0131\u015f\u0131k oldu\u011fum tarzda d\u00fc\u015f\u00fck gidon, 9 vites bir bisiklet ald\u0131m (d\u00fcmd\u00fcz olan bir \u00fclkede vitesin \u00e7ok anlam\u0131 var m\u0131 bilmiyorum ama yine de&#8230;). Tabiri caizse buradaki arabam olaca\u011f\u0131 i\u00e7in bir ton da aksesuar ald\u0131m (pimp my ride).<\/p>\n<div id=\"attachment_509\" style=\"width: 1208px\" class=\"wp-caption aligncenter\"><img data-recalc-dims=\"1\" loading=\"lazy\" decoding=\"async\" aria-describedby=\"caption-attachment-509\" src=\"https:\/\/i0.wp.com\/dogukantunc.com\/wp-content\/uploads\/2020\/07\/IMG_20200111_135626.jpg?resize=750%2C556\" alt=\"\" width=\"750\" height=\"556\" class=\"wp-image-509 size-full\" srcset=\"https:\/\/i0.wp.com\/dogukantunc.com\/wp-content\/uploads\/2020\/07\/IMG_20200111_135626.jpg?w=1198&amp;ssl=1 1198w, https:\/\/i0.wp.com\/dogukantunc.com\/wp-content\/uploads\/2020\/07\/IMG_20200111_135626.jpg?resize=300%2C222&amp;ssl=1 300w, https:\/\/i0.wp.com\/dogukantunc.com\/wp-content\/uploads\/2020\/07\/IMG_20200111_135626.jpg?resize=1024%2C759&amp;ssl=1 1024w, https:\/\/i0.wp.com\/dogukantunc.com\/wp-content\/uploads\/2020\/07\/IMG_20200111_135626.jpg?resize=768%2C569&amp;ssl=1 768w\" sizes=\"auto, (max-width: 750px) 100vw, 750px\" \/><p id=\"caption-attachment-509\" class=\"wp-caption-text\"><em>\u015eu orta \u00fcstte as\u0131l\u0131 duranlardan sa\u011fdaki (Riverside 500) benim oldu.<\/em><\/p><\/div>\n<p>Bisiklet, T\u00fcrkiye&#8217;de neredeyse sadece \u00e7ocuklar\u0131n bindi\u011fi bir e\u011flence arac\u0131\/oyuncak gibi g\u00f6r\u00fcl\u00fcr ama benim i\u00e7in asla \u00f6yle olmad\u0131. \u00d6mr\u00fcm boyunca bisiklete severek bindim, ula\u015f\u0131m i\u00e7in dahi bindim. Tan\u0131d\u0131\u011f\u0131m \u00e7o\u011fu insan buna \u015fa\u015f\u0131rarak hatta k\u00fc\u00e7\u00fcmseyerek baksa bile, arabayla giderken dahi can g\u00fcvenli\u011fimin olmad\u0131\u011f\u0131 caddelerde, kald\u0131r\u0131mlarda s\u00fcrmem gerekse bile, bisikleti g\u00fcnl\u00fck hayat\u0131ma sokmaya \u00e7al\u0131\u015ft\u0131m.<\/p>\n<p>Hatta bir keresinde i\u015fyerinde bir patron bana sabah girerken sordu &#8220;hay\u0131rd\u0131r ko\u015farak m\u0131 geldin&#8221; diye, hay\u0131r bisikletle dedi\u011fimde bana &#8220;niye, araban yok mu?&#8221; diyerek gerizekal\u0131ya bakar gibi bakm\u0131\u015ft\u0131. Bisiklete bak\u0131\u015f a\u00e7\u0131s\u0131 bu yani i\u015fte a\u015fa\u011f\u0131 yukar\u0131.<\/p>\n<p>34 y\u0131ld\u0131r bisikleti tan\u0131mayan bir \u015fehirde bisikletle ya\u015famaya \u00e7al\u0131\u015fan birinin 34 ya\u015f\u0131nda <strong>bisiklet yolu<\/strong> kavram\u0131yla, bisikletlere <strong>ge\u00e7i\u015f \u00fcst\u00fcnl\u00fc\u011f\u00fc<\/strong>, i\u015fe bisikletle gidip geldi\u011fin s\u00fcrenin <strong>izinlerine eklenmesi<\/strong> gibi \u015feylerle tan\u0131\u015fmas\u0131, nereden baksan\u0131z duygusal bir \u015fey.<\/p>\n<p>Sonra McDonalds&#8217;ta bir yemek yedikten ve otob\u00fcs kart\u0131 ile SIM kart\u0131 (Lebara) ald\u0131ktan sonra Murat beni eve b\u0131rakt\u0131.<\/p>\n<div id=\"attachment_534\" style=\"width: 1194px\" class=\"wp-caption aligncenter\"><img data-recalc-dims=\"1\" loading=\"lazy\" decoding=\"async\" aria-describedby=\"caption-attachment-534\" src=\"https:\/\/i0.wp.com\/dogukantunc.com\/wp-content\/uploads\/2020\/07\/IMG_20200111_134058-1.jpg?resize=750%2C563\" alt=\"\" width=\"750\" height=\"563\" class=\"size-full wp-image-534\" srcset=\"https:\/\/i0.wp.com\/dogukantunc.com\/wp-content\/uploads\/2020\/07\/IMG_20200111_134058-1.jpg?w=1184&amp;ssl=1 1184w, https:\/\/i0.wp.com\/dogukantunc.com\/wp-content\/uploads\/2020\/07\/IMG_20200111_134058-1.jpg?resize=300%2C225&amp;ssl=1 300w, https:\/\/i0.wp.com\/dogukantunc.com\/wp-content\/uploads\/2020\/07\/IMG_20200111_134058-1.jpg?resize=1024%2C768&amp;ssl=1 1024w, https:\/\/i0.wp.com\/dogukantunc.com\/wp-content\/uploads\/2020\/07\/IMG_20200111_134058-1.jpg?resize=768%2C576&amp;ssl=1 768w\" sizes=\"auto, (max-width: 750px) 100vw, 750px\" \/><p id=\"caption-attachment-534\" class=\"wp-caption-text\"><em>Avrupa&#8217;da yollar\u0131n ve trafi\u011fin d\u00fczg\u00fcnl\u00fc\u011f\u00fc bildi\u011fimiz bir \u015feydi ama insan yine de hayret etmekten kendini alam\u0131yor.<\/em><\/p><\/div>\n<p>Ge\u00e7ici olarak ikamet edece\u011fim yer, <em>Philips Bedrijfsschool<\/em> diye ge\u00e7en, eski bir Philips okul binas\u0131. Zaten bina b\u00f6yle \u00e7ok eski, ODT\u00dc&#8217;n\u00fcn saf d\u00f6kme beton binalar\u0131 gibi. Yeni renove edilmi\u015f, b\u00f6l\u00fcmlenmi\u015f ve 450 tane daire yap\u0131lm\u0131\u015f i\u00e7ine. Holland2Stay adl\u0131 firma taraf\u0131ndan 5 ayl\u0131k kontratlar \u015feklinde kiral\u0131yorlard\u0131.<\/p>\n<p>Asl\u0131nda bakt\u0131\u011f\u0131n\u0131zda i\u00e7ine st\u00fcdyo daireler kondurulmu\u015f b\u00fcy\u00fck bir otel gibi. Daireler de zaten e\u015fyal\u0131 me\u015fyal\u0131. Kal\u0131c\u0131 evimizi bulana kadar bizi birka\u00e7 ay idare edecek bir ev.<\/p>\n<p>Benim tuttu\u011fum daire, en \u00fcst katta teras\u0131 olan ve \u00e7ok g\u00fczel bir Eindhoven manzaras\u0131 olan bir daireydi. Camdan PSV Stadyumu g\u00f6r\u00fclebiliyordu.<\/p>\n<div id=\"attachment_519\" style=\"width: 1208px\" class=\"wp-caption aligncenter\"><img data-recalc-dims=\"1\" loading=\"lazy\" decoding=\"async\" aria-describedby=\"caption-attachment-519\" src=\"https:\/\/i0.wp.com\/dogukantunc.com\/wp-content\/uploads\/2020\/07\/IMG_20200111_163344.jpg?resize=750%2C556\" alt=\"\" width=\"750\" height=\"556\" class=\"wp-image-519 size-full\" srcset=\"https:\/\/i0.wp.com\/dogukantunc.com\/wp-content\/uploads\/2020\/07\/IMG_20200111_163344.jpg?w=1198&amp;ssl=1 1198w, https:\/\/i0.wp.com\/dogukantunc.com\/wp-content\/uploads\/2020\/07\/IMG_20200111_163344.jpg?resize=300%2C222&amp;ssl=1 300w, https:\/\/i0.wp.com\/dogukantunc.com\/wp-content\/uploads\/2020\/07\/IMG_20200111_163344.jpg?resize=1024%2C759&amp;ssl=1 1024w, https:\/\/i0.wp.com\/dogukantunc.com\/wp-content\/uploads\/2020\/07\/IMG_20200111_163344.jpg?resize=768%2C569&amp;ssl=1 768w\" sizes=\"auto, (max-width: 750px) 100vw, 750px\" \/><p id=\"caption-attachment-519\" class=\"wp-caption-text\"><em>Eve girer girmez \u00e7ekti\u011fim ilk foto\u011fraf<\/em><\/p><\/div>\n<p>G\u00fcnlerce foto\u011fraflar\u0131na bakt\u0131\u011f\u0131n, \u00e7evresini Google Street View&#8217;da gezdi\u011fin, hayal kurdu\u011fun yere ilk defa gidip kanl\u0131 canl\u0131 g\u00f6rd\u00fc\u011f\u00fcnde \u00e7ok enteresan geliyor. Hayal ger\u00e7ek oluncaki o tuhaf his.<\/p>\n<p>Olduk\u00e7a modern, minimalist ve kullan\u0131\u015fl\u0131 mobilyalar se\u00e7mi\u015fler. \u00d6zellikle mutfa\u011f\u0131 \u00e7ok g\u00fczeldi. \u00dct\u00fc yapmak ve \u00e7ama\u015f\u0131r asmak i\u00e7in ayr\u0131 bir odas\u0131 vard\u0131. 50 mbit internet, i\u00e7erisinde Netflix, Spotify falan y\u00fckl\u00fc olan bir televizyon da koymu\u015flard\u0131 ki bu a\u00e7\u0131k ara en b\u00fcy\u00fck iyilik oldu bana burada kalaca\u011f\u0131m s\u00fcre boyunca. Evlerin i\u00e7inde \u00e7ama\u015f\u0131r\/kurutma makinesi yoktu, bunun yerine binan\u0131n giri\u015f kat\u0131ndaki ortak \u00e7ama\u015f\u0131rhaneyi kullan\u0131yordu herkes.<\/p>\n<p>Eve geldikten sonraki ilk foto\u011fraflar\u0131 bizimkilere g\u00f6nderdi\u011fimde \u00e7ok be\u011fenmi\u015f ve sevinmi\u015flerdi. \u00c7\u00fcnk\u00fc insan\u0131n \u015fehir de\u011fi\u015ftirinceki ilk evi, ilk deneyimi \u00f6nemli diye d\u00fc\u015f\u00fcn\u00fcyorduk. Bu nedenle i\u00e7inde aile olarak da ilk birka\u00e7 ay boyunca rahat ya\u015fayabilece\u011fimiz bir yer se\u00e7meye \u00e7al\u0131\u015fm\u0131\u015ft\u0131k. Evin bu kadar nezih ve ferah olmas\u0131 hepimizin moralini d\u00fczeltmi\u015fti.<\/p>\n<p>Hollanda&#8217;ya gidece\u011fimi s\u00f6yledi\u011fimde herkesten benzer \u015feyler duymu\u015ftum: &#8220;ev bulmak \u00e7ok zor, \u00e7ok erkenden bakmaya ba\u015flasan iyi olur&#8221; ve &#8220;kiralar \u00e7ok y\u00fcksek&#8221;. Bu y\u00fczden gelmeden yakla\u015f\u0131k 25 g\u00fcn \u00f6ncesinde ev bakmaya ba\u015flam\u0131\u015ft\u0131m ama belki de benim \u015fans\u0131m\u0131n yaver gitmi\u015f olmas\u0131 sonucu \u015fakkadanak diye de evi buldum. Daha k\u00fc\u00e7\u00fck ve ucuz se\u00e7enekleri vard\u0131 ama Ekin&#8217;in de i\u00e7inde ya\u015fayaca\u011f\u0131n\u0131 d\u00fc\u015f\u00fcnerek biraz daha b\u00fcy\u00fck, d\u00fcz ayak (baz\u0131 dairelerde asma kat yapm\u0131\u015flar, dik bir merdivenle \u00e7\u0131k\u0131ld\u0131\u011f\u0131 i\u00e7in \u00e7ocuklu aileye uygun de\u011fil) 2 odal\u0131 bir daire tuttuk. Belli ki evin ilk kirac\u0131s\u0131 da bendim, her \u015feyi ambalaj\u0131ndan ben \u00e7\u0131kard\u0131m.<\/p>\n<p>Bu eve \u00f6dedi\u011fimiz kira 1150 euro idi. Esasen 1450 euro idi ama 300 euro&#8217;sunu her ay\u0131n sonunda geri \u00f6dediler (kampanya gibi bir \u015fey varm\u0131\u015f san\u0131r\u0131m). Bana g\u00f6re olduk\u00e7a uygun geldi ve daha fazla aramakla u\u011fra\u015fmak istemedim, tuttum bu evi.<\/p>\n<p>Ve bu ev ger\u00e7ekten bize ilk yerle\u015fimimiz ve \u015fehri tan\u0131mam\u0131zda ziyadesiyle hizmet etti, olduk\u00e7a rahat ettik. \u0130lerideki k\u0131s\u0131mlarda Ekin ve \u00d6zge&#8217;nin gelmesi sonras\u0131 tekrar bu konuya de\u011finece\u011fim.<\/p>\n<p>Fakat benim bu evde ilk ak\u015famki deneyimlerim pek mutluluk verici de\u011fildi.<\/p>\n<p>Her \u015feyden \u00f6nce bu bina olduk\u00e7a yeni oldu\u011fu i\u00e7in, hala bir\u00e7ok yeri tadilat halindeydi. Evin i\u00e7erisine girdi\u011fimde bir\u00e7ok yerin daha yeni tadilat g\u00f6rd\u00fc\u011f\u00fcn\u00fc, bu nedenle yerlerde ve hemen hemen t\u00fcm y\u00fczeylerde ince bir in\u015faat tozu tabakas\u0131 oldu\u011funu g\u00f6rd\u00fcm. Herhangi bir \u015feyi kullanmadan \u00f6nce epey bir temizlemek zorunda kal\u0131yordum, t\u00fcm evdeki dolap i\u00e7lerini, tezgahlar\u0131, yani HER yeri silmek zorunda kald\u0131m bir hafta boyunca (sonradan evden \u00e7\u0131karken \u00f6\u011frendim ki e\u011fer y\u00f6netime haber verseymi\u015fim eve temizlik\u00e7i g\u00f6ndererek temizletebilirlermi\u015fti. Bilemedik). Ve ak\u015fam eve ilk girdi\u011fimde ne temizlik malzemem vard\u0131 ne de enerjim. Sadece bir \u015feyler yiyip, bizimkileri aray\u0131p yat\u0131p uyumak istiyordum ama muhtemelen g\u00f6remesem de yata\u011f\u0131n \u00fcst\u00fc bile toz i\u00e7indeydi.<\/p>\n<div id=\"attachment_600\" style=\"width: 676px\" class=\"wp-caption aligncenter\"><img data-recalc-dims=\"1\" loading=\"lazy\" decoding=\"async\" aria-describedby=\"caption-attachment-600\" src=\"https:\/\/i0.wp.com\/dogukantunc.com\/wp-content\/uploads\/2020\/08\/IMG_20200111_173938.jpg?resize=666%2C888\" alt=\"\" width=\"666\" height=\"888\" class=\"wp-image-600 size-full\" srcset=\"https:\/\/i0.wp.com\/dogukantunc.com\/wp-content\/uploads\/2020\/08\/IMG_20200111_173938.jpg?w=666&amp;ssl=1 666w, https:\/\/i0.wp.com\/dogukantunc.com\/wp-content\/uploads\/2020\/08\/IMG_20200111_173938.jpg?resize=225%2C300&amp;ssl=1 225w\" sizes=\"auto, (max-width: 666px) 100vw, 666px\" \/><p id=\"caption-attachment-600\" class=\"wp-caption-text\"><em>Selamlar olsun Adanal\u0131 gurbet\u00e7i garda\u015f\u0131m&#8230;<\/em><\/p><\/div>\n<p>Bir \u015feyler yemek i\u00e7in de bir \u015feyler almak gerekiyor tabi. Saat ge\u00e7 olmu\u015f ve hava kararmaktayd\u0131 ama yak\u0131nlarda illa ki bir Alb\u0131rthayn (Albert Heijn) ya da Yumbo (Jumbo) vard\u0131r diye d\u00fc\u015f\u00fcnd\u00fcm. \u015eehirde o kadar yeniydim ki kelimenin tam anlam\u0131yla turist gibi y\u00f6n\u00fcm\u00fc bulmaya \u00e7al\u0131\u015f\u0131yordum. Bu, heyecan verici ve e\u011flenceli oldu\u011fu kadar zordu da. Ger\u00e7ek bir RPG\/Action FPS oyunu gibi.<\/p>\n<p>Google Maps&#8217;ten yak\u0131nlarda bir market ararken 1-2 km uzakta bir AH buldum (sonradan daha yak\u0131nda ba\u015fka bir tane daha oldu\u011funu \u00f6\u011frenecektim&#8230; Bad Google Maps skills). 8&#8217;e kadar a\u00e7\u0131k diyordu o y\u00fczden biraz elimi \u00e7abuk tutmam gerekiyordu. \u00c7abucak bisiklete atlay\u0131p buraya do\u011fru yola \u00e7\u0131kt\u0131m. Hava karanl\u0131k, so\u011fuk ve hafif ya\u011fmurluydu. Bisikletimin \u00f6n tekerinin fren ayar\u0131n\u0131n bozuk oldu\u011funu fark ettim, vitesler de ayars\u0131zd\u0131, s\u00fcrekli kendi kendine ge\u00e7i\u015f yap\u0131yordu. Ald\u0131\u011f\u0131mda bunlar\u0131 yapt\u0131racak vakit olmam\u0131\u015ft\u0131 ve kendi yapabilece\u011fim alet setim de yoktu. Bisikleti s\u00fcrmek olduk\u00e7a s\u0131k\u0131nt\u0131l\u0131yd\u0131, yoruldum ve terledim.<\/p>\n<p>AH&#8217;nin bulundu\u011fu bina tadilattaym\u0131\u015f. Etraf\u0131 tenteyle \u00e7eviriliydi. Ve etraf\u0131nda ne bir AH tabelas\u0131 ne bir \u015fey vard\u0131. S\u00fcpermarketin giri\u015fini bulmam 20 dakika ald\u0131. Bisiklet yollar\u0131n\u0131n kurallar\u0131n\u0131 hen\u00fcz anlayamam\u0131\u015ft\u0131m, baz\u0131 yerlerde ters y\u00f6nden gitti\u011fimi ya da bisikletin girmemesi gereken yollara girdi\u011fimi fark ettim. Islanm\u0131\u015f, terlemi\u015f, \u00fc\u015f\u00fcm\u00fc\u015f, yorgun, a\u00e7 ve mutsuzdum. Daha ilk ak\u015famdan bunlar sert gelmi\u015fti. Basit bir ekmek su almak bu kadar zor olmamal\u0131yd\u0131 diye d\u00fc\u015f\u00fcn\u00fcyordum kendi kendime.<\/p>\n<div id=\"attachment_554\" style=\"width: 1922px\" class=\"wp-caption aligncenter\"><img data-recalc-dims=\"1\" loading=\"lazy\" decoding=\"async\" aria-describedby=\"caption-attachment-554\" src=\"https:\/\/i0.wp.com\/dogukantunc.com\/wp-content\/uploads\/2020\/08\/AH.jpg?resize=750%2C294\" alt=\"\" width=\"750\" height=\"294\" class=\"wp-image-554 size-full\" srcset=\"https:\/\/i0.wp.com\/dogukantunc.com\/wp-content\/uploads\/2020\/08\/AH.jpg?w=1912&amp;ssl=1 1912w, https:\/\/i0.wp.com\/dogukantunc.com\/wp-content\/uploads\/2020\/08\/AH.jpg?resize=300%2C118&amp;ssl=1 300w, https:\/\/i0.wp.com\/dogukantunc.com\/wp-content\/uploads\/2020\/08\/AH.jpg?resize=1024%2C402&amp;ssl=1 1024w, https:\/\/i0.wp.com\/dogukantunc.com\/wp-content\/uploads\/2020\/08\/AH.jpg?resize=768%2C301&amp;ssl=1 768w, https:\/\/i0.wp.com\/dogukantunc.com\/wp-content\/uploads\/2020\/08\/AH.jpg?resize=1536%2C603&amp;ssl=1 1536w\" sizes=\"auto, (max-width: 750px) 100vw, 750px\" \/><p id=\"caption-attachment-554\" class=\"wp-caption-text\"><em>Marketin giri\u015fi. Ak\u015fam karanl\u0131\u011f\u0131nda daha da zordu g\u00f6rmesi. 6 kere \u00f6n\u00fcnden ge\u00e7tikten sonra bulabildim<\/em><\/p><\/div>\n<p>Neyse, bir \u015fekilde ihtiya\u00e7lar\u0131m\u0131 ald\u0131m. Bisikletin \u00e7antalar\u0131na yerle\u015ftirdim ve yola \u00e7\u0131kt\u0131m.<\/p>\n<p>Bu sefer de d\u00f6n\u00fc\u015f yolunu ararken kayboldum. Google Maps s\u00fcrekli beni sa\u00e7ma sapan bir yola sapt\u0131r\u0131yordu fakat bu yol bir bisiklet yolu de\u011fildi. Google&#8217;a k\u00fcf\u00fcr ede ede kendim bir \u015fekilde d\u00f6n\u00fc\u015f\u00fc bulmaya u\u011fra\u015ft\u0131m. A\u015f\u0131r\u0131 yorgun ve mutsuzdum. Nihayet kendimi eve atmay\u0131 ba\u015fard\u0131m. Ald\u0131\u011f\u0131m haz\u0131r pizzams\u0131 bir \u015feyler, ekstra light yo\u011furt (sonradan fark ettim ya\u011fs\u0131z oldu\u011funu, hayatta tercih etmedi\u011fim bir \u015feydir), meyve suyu (bu da garip aromal\u0131 bir gazoz \u00e7\u0131kt\u0131) falan gibi \u015feyleri t\u00fcketerek biraz olsun enerji kazanmaya \u00e7al\u0131\u015ft\u0131m.<\/p>\n<div id=\"attachment_595\" style=\"width: 537px\" class=\"wp-caption aligncenter\"><img data-recalc-dims=\"1\" loading=\"lazy\" decoding=\"async\" aria-describedby=\"caption-attachment-595\" src=\"https:\/\/i0.wp.com\/dogukantunc.com\/wp-content\/uploads\/2020\/08\/IMG-20200111-WA0048.jpg?resize=527%2C937\" alt=\"\" width=\"527\" height=\"937\" class=\"size-full wp-image-595\" srcset=\"https:\/\/i0.wp.com\/dogukantunc.com\/wp-content\/uploads\/2020\/08\/IMG-20200111-WA0048.jpg?w=527&amp;ssl=1 527w, https:\/\/i0.wp.com\/dogukantunc.com\/wp-content\/uploads\/2020\/08\/IMG-20200111-WA0048.jpg?resize=169%2C300&amp;ssl=1 169w\" sizes=\"auto, (max-width: 527px) 100vw, 527px\" \/><p id=\"caption-attachment-595\" class=\"wp-caption-text\"><em>\u0130lk acemilikle ald\u0131\u011f\u0131m birbirinden alakas\u0131z \u00fcr\u00fcnler<\/em><\/p><\/div>\n<p>Homeless yeme\u011fi gibi di mi.<\/p>\n<p>Kahve olsa \u00e7ok daha mutlu olurdum ama b\u0131rak kahveyi, art\u0131k su i\u00e7ecek durumda bile de\u011fildim. Bizimkileri arayarak k\u0131sa k\u0131sa g\u00f6r\u00fc\u015ft\u00fcm. Hemen geberip yatmak istiyordum.<\/p>\n<p>Ama tam bu noktada da, evde hi\u00e7 yorgan\/yast\u0131k olmad\u0131\u011f\u0131 ger\u00e7e\u011fini hat\u0131rlad\u0131m.<\/p>\n<div id=\"attachment_601\" style=\"width: 668px\" class=\"wp-caption aligncenter\"><img data-recalc-dims=\"1\" loading=\"lazy\" decoding=\"async\" aria-describedby=\"caption-attachment-601\" src=\"https:\/\/i0.wp.com\/dogukantunc.com\/wp-content\/uploads\/2020\/08\/IMG_20200111_163233.jpg?resize=658%2C888\" alt=\"\" width=\"658\" height=\"888\" class=\"wp-image-601 size-full\" srcset=\"https:\/\/i0.wp.com\/dogukantunc.com\/wp-content\/uploads\/2020\/08\/IMG_20200111_163233.jpg?w=658&amp;ssl=1 658w, https:\/\/i0.wp.com\/dogukantunc.com\/wp-content\/uploads\/2020\/08\/IMG_20200111_163233.jpg?resize=222%2C300&amp;ssl=1 222w\" sizes=\"auto, (max-width: 658px) 100vw, 658px\" \/><p id=\"caption-attachment-601\" class=\"wp-caption-text\"><em>Schei\u00dfe.<\/em><\/p><\/div>\n<p>Art\u0131k saat bir yerlere gidip bir \u015feyler alamayacak kadar ge\u00e7 olmu\u015ftu ve zaten v\u00fccut pilim bitmek \u00fczereydi. Ev, benden \u00f6nce i\u00e7inde kimse ya\u015famad\u0131\u011f\u0131 i\u00e7in, kaloriferleri gelir gelmez a\u00e7mama ra\u011fmen \u0131s\u0131nmam\u0131\u015ft\u0131 (4 metre tavanla nereye \u0131s\u0131ns\u0131n). \u0130lk gece bavulda buldu\u011fum kazak mazak ne varsa \u00fczerime sermek suretiyle sokak k\u00f6pe\u011fi gibi huzursuz bir uyku uyudum. Hayat\u0131mda uyudu\u011fum en k\u00f6t\u00fc uykular s\u0131ralamas\u0131nda ilk 3&#8217;\u00fc rahatl\u0131kla var. S\u00fcrekli bi yerlerim a\u00e7\u0131ld\u0131, \u00fc\u015f\u00fcd\u00fcm ve nevresim olmad\u0131\u011f\u0131 i\u00e7in de hijyen a\u00e7\u0131s\u0131ndan da huzursuz hissettim. Yani nedense evde yast\u0131k yorgan olmayaca\u011f\u0131n\u0131 hi\u00e7 akl\u0131m\u0131za getirmemi\u015ftik, ama d\u00fc\u015f\u00fcn\u00fcnce neden olsun ki, otel de\u011fil sonu\u00e7ta, ve ki\u015fisel bir \u00fcr\u00fcn.<\/p>\n<p>G\u00f6rd\u00fc\u011f\u00fcn\u00fcz gibi yeni \u015fehirdeki ilk deneyimim i\u00e7in s\u00f6ylenebilecek tek \u015fey, <em>sefillique<\/em> idi.<\/p>\n<p>Ama ertesi sabah uyan\u0131p camdan d\u0131\u015far\u0131 bakt\u0131\u011f\u0131mda b\u00fct\u00fcn moralim d\u00fczeldi.<\/p>\n<p>Yeni bir \u00fclkedeydim, yeni bir \u015fehirdeydim, yeni bir hayat\u0131n ba\u015flang\u0131\u00e7 noktas\u0131ndayd\u0131m. Hava fena de\u011fildi, insanlar bisikletlerine binmi\u015f v\u0131z\u0131r v\u0131z\u0131r geziyordu. Evlerin \u00e7at\u0131lar\u0131 \u00e7ok g\u00fczel g\u00f6z\u00fck\u00fcyordu.<\/p>\n<div id=\"attachment_606\" style=\"width: 1208px\" class=\"wp-caption aligncenter\"><img data-recalc-dims=\"1\" loading=\"lazy\" decoding=\"async\" aria-describedby=\"caption-attachment-606\" src=\"https:\/\/i0.wp.com\/dogukantunc.com\/wp-content\/uploads\/2020\/08\/IMG_20200201_121620.jpg?resize=750%2C556\" alt=\"\" width=\"750\" height=\"556\" class=\"wp-image-606 size-full\" srcset=\"https:\/\/i0.wp.com\/dogukantunc.com\/wp-content\/uploads\/2020\/08\/IMG_20200201_121620.jpg?w=1198&amp;ssl=1 1198w, https:\/\/i0.wp.com\/dogukantunc.com\/wp-content\/uploads\/2020\/08\/IMG_20200201_121620.jpg?resize=300%2C222&amp;ssl=1 300w, https:\/\/i0.wp.com\/dogukantunc.com\/wp-content\/uploads\/2020\/08\/IMG_20200201_121620.jpg?resize=1024%2C759&amp;ssl=1 1024w, https:\/\/i0.wp.com\/dogukantunc.com\/wp-content\/uploads\/2020\/08\/IMG_20200201_121620.jpg?resize=768%2C569&amp;ssl=1 768w\" sizes=\"auto, (max-width: 750px) 100vw, 750px\" \/><p id=\"caption-attachment-606\" class=\"wp-caption-text\"><em>Eindhoven&#8217;a 8. kattan bakma f\u0131rsat\u0131 da insan\u0131n eline her zaman ge\u00e7meyebilir.<\/em><\/p><\/div>\n<p>Zorluklar i\u00e7in zihnimi gelmeden \u00f6nce \u00e7ok\u00e7a haz\u0131rlam\u0131\u015ft\u0131m. Basit sorunlar\u0131n moralimi bozmas\u0131na izin vermemeye \u00e7al\u0131\u015ft\u0131m. Neticede sorun \u00e7\u00f6zmek, bir problemi, ne kadar b\u00fcy\u00fck olursa olsun b\u00f6l\u00fcp par\u00e7alayarak \u00e7\u00f6z\u00fcme kavu\u015fturmak sevdi\u011fim \u015feylerdi (<a href=\"https:\/\/en.wikipedia.org\/wiki\/Divide-and-conquer_algorithm\" target=\"_blank\" rel=\"noopener noreferrer\">D &amp; C<\/a>). Bu sorunlar da \u00e7\u00f6z\u00fclemeyecek \u015feyler de\u011fildi.<\/p>\n<p>Hemen i\u015fe koyuldum. \u00d6ncelikle sabah \u00e7ok s\u0131k\u0131 bir kahvalt\u0131 yapt\u0131m. G\u00fczel bir omlet, yan\u0131na jambon ve kuruyemi\u015f g\u00f6md\u00fcm. Ard\u0131ndan \u00e7ok \u00f6nemli bir ihtiyac\u0131m\u0131 gidermeye gelmi\u015fti s\u0131ra: <strong>kahve<\/strong>. Haritay\u0131 a\u00e7arak yak\u0131nlarda kahve i\u00e7ebilece\u011fim bir yer arad\u0131m. \u015eans\u0131ma, neredeyse 2 sokak \u00f6tede bir kahve mekan\u0131 buldum. Mekan Eindhoven&#8217;\u0131n en g\u00fczel ve eski kahve mekanlar\u0131ndan biri \u00e7\u0131kt\u0131. Burada uzun uzun oturup harika haz\u0131rlanm\u0131\u015f taze kahvemi i\u00e7tim, foto\u011fraf \u00e7ektim. Bu benim moralimi tekrar zirveye \u00e7\u0131kard\u0131.<\/p>\n<div id=\"attachment_556\" style=\"width: 2338px\" class=\"wp-caption aligncenter\"><img data-recalc-dims=\"1\" loading=\"lazy\" decoding=\"async\" aria-describedby=\"caption-attachment-556\" src=\"https:\/\/i0.wp.com\/dogukantunc.com\/wp-content\/uploads\/2020\/08\/IMG_20200112_110857.jpg?resize=750%2C286\" alt=\"\" width=\"750\" height=\"286\" class=\"size-full wp-image-556\" srcset=\"https:\/\/i0.wp.com\/dogukantunc.com\/wp-content\/uploads\/2020\/08\/IMG_20200112_110857.jpg?w=2328&amp;ssl=1 2328w, https:\/\/i0.wp.com\/dogukantunc.com\/wp-content\/uploads\/2020\/08\/IMG_20200112_110857.jpg?resize=300%2C114&amp;ssl=1 300w, https:\/\/i0.wp.com\/dogukantunc.com\/wp-content\/uploads\/2020\/08\/IMG_20200112_110857.jpg?resize=1024%2C391&amp;ssl=1 1024w, https:\/\/i0.wp.com\/dogukantunc.com\/wp-content\/uploads\/2020\/08\/IMG_20200112_110857.jpg?resize=768%2C293&amp;ssl=1 768w, https:\/\/i0.wp.com\/dogukantunc.com\/wp-content\/uploads\/2020\/08\/IMG_20200112_110857.jpg?resize=1536%2C586&amp;ssl=1 1536w, https:\/\/i0.wp.com\/dogukantunc.com\/wp-content\/uploads\/2020\/08\/IMG_20200112_110857.jpg?resize=2048%2C781&amp;ssl=1 2048w, https:\/\/i0.wp.com\/dogukantunc.com\/wp-content\/uploads\/2020\/08\/IMG_20200112_110857.jpg?w=2250&amp;ssl=1 2250w\" sizes=\"auto, (max-width: 750px) 100vw, 750px\" \/><p id=\"caption-attachment-556\" class=\"wp-caption-text\"><em>Butik bir kahve mekan\u0131 olan Koffiehuisje<\/em><\/p><\/div>\n<p>Sonras\u0131nda da bisikleti merkezdeki Decathlon&#8217;a g\u00f6t\u00fcr\u00fcp ayarlar\u0131n\u0131 yapt\u0131rd\u0131m, \u00e7i\u00e7ek gibi oldu. Merkeze gitmi\u015fken bir de Primark&#8217;a u\u011fray\u0131p yast\u0131k yorgan ald\u0131m.<\/p>\n<div id=\"attachment_645\" style=\"width: 1194px\" class=\"wp-caption aligncenter\"><img data-recalc-dims=\"1\" loading=\"lazy\" decoding=\"async\" aria-describedby=\"caption-attachment-645\" src=\"https:\/\/i0.wp.com\/dogukantunc.com\/wp-content\/uploads\/2020\/08\/IMG_20200111_155046-2.jpg?resize=750%2C563\" alt=\"\" width=\"750\" height=\"563\" class=\"wp-image-645 size-full\" srcset=\"https:\/\/i0.wp.com\/dogukantunc.com\/wp-content\/uploads\/2020\/08\/IMG_20200111_155046-2.jpg?w=1184&amp;ssl=1 1184w, https:\/\/i0.wp.com\/dogukantunc.com\/wp-content\/uploads\/2020\/08\/IMG_20200111_155046-2.jpg?resize=300%2C225&amp;ssl=1 300w, https:\/\/i0.wp.com\/dogukantunc.com\/wp-content\/uploads\/2020\/08\/IMG_20200111_155046-2.jpg?resize=1024%2C768&amp;ssl=1 1024w, https:\/\/i0.wp.com\/dogukantunc.com\/wp-content\/uploads\/2020\/08\/IMG_20200111_155046-2.jpg?resize=768%2C576&amp;ssl=1 768w\" sizes=\"auto, (max-width: 750px) 100vw, 750px\" \/><p id=\"caption-attachment-645\" class=\"wp-caption-text\"><em>Eindhoven merkez ve hayat\u0131m\u0131 kurtaran Primark.<\/em><\/p><\/div>\n<p>Ellerim kollar\u0131m, t\u00fcm \u00e7antalar\u0131m dolu \u015fekilde bisikleti s\u00fcre s\u00fcre eve ula\u015ft\u0131m. Hemen yorgan\u0131 yast\u0131\u011f\u0131 a\u00e7t\u0131m serdim. \u00d6nceki geceki t\u00fcm mutsuzlu\u011fumu unuttum o anda. Art\u0131k ev daha sevimli g\u00f6r\u00fcnmeye ba\u015flam\u0131\u015ft\u0131 g\u00f6z\u00fcme.<\/p>\n<div id=\"attachment_607\" style=\"width: 668px\" class=\"wp-caption aligncenter\"><img data-recalc-dims=\"1\" loading=\"lazy\" decoding=\"async\" aria-describedby=\"caption-attachment-607\" src=\"https:\/\/i0.wp.com\/dogukantunc.com\/wp-content\/uploads\/2020\/08\/IMG_20200201_182209.jpg?resize=658%2C888\" alt=\"\" width=\"658\" height=\"888\" class=\"wp-image-607 size-full\" srcset=\"https:\/\/i0.wp.com\/dogukantunc.com\/wp-content\/uploads\/2020\/08\/IMG_20200201_182209.jpg?w=658&amp;ssl=1 658w, https:\/\/i0.wp.com\/dogukantunc.com\/wp-content\/uploads\/2020\/08\/IMG_20200201_182209.jpg?resize=222%2C300&amp;ssl=1 222w\" sizes=\"auto, (max-width: 658px) 100vw, 658px\" \/><p id=\"caption-attachment-607\" class=\"wp-caption-text\"><em>\u00c7ok \u015f\u00fck\u00fcr<\/em><\/p><\/div>\n<p>Ama hala bunlar d\u0131\u015f\u0131nda beni bu evdeyken epey rahats\u0131z eden 3 durum daha vard\u0131.&nbsp;<\/p>\n<p>Birincisi, \u00e7ok uzun pencereler nedeniyle s\u00fcrekli i\u00e7eri r\u00fczgar ve so\u011fuk girmesiydi (yerden \u0131s\u0131tma bu konuda pek rand\u0131man sa\u011flam\u0131yor). Bu konuda da H2S y\u00f6netimine perdesiz odalara, \u00f6zellikle salona kal\u0131n perdeler tedarik etmeleri \u015feklinde bir talep y\u00f6nelttim. Hava r\u00fczgarl\u0131 oldu\u011funda ger\u00e7ekten salonda oturulmuyordu \u00e7\u00fcnk\u00fc. Sa\u011f olsunlar bir iki hafta i\u00e7inde getirip takt\u0131lar perdeleri. Bu bir nebze bu sorunu halletti.<\/p>\n<p>Di\u011fer sorun, kap\u0131lar\u0131n i\u00e7eriden zincirlenememesi. Kap\u0131 d\u0131\u015far\u0131dan RF boncukla a\u00e7\u0131ld\u0131\u011f\u0131 i\u00e7in, elinde sizin boncu\u011fun kopyas\u0131 olan birileri herhangi bir zamanda a\u00e7\u0131p i\u00e7eri girebilir. Zira bir g\u00fcn evde otururken kap\u0131 zart diye a\u00e7\u0131ld\u0131, i\u00e7eri hebele h\u00fcbele diye bir ton adam girdi. Haydaa noluyo derken aralar\u0131ndan biri &#8220;ay \u00e7ok pardon, biz ev bo\u015f zannettik&#8221; bilmemne dedi. Dedim eve nas\u0131l girebildiniz peki, &#8220;ben bina bak\u0131m sorumlusuyum, bende master key var onla girdik&#8221; dedi. La olm zile bassan\u0131za. Hey allah\u0131m ya, neyse terasa lamba takmaya gelmi\u015flermi\u015f. Nitekim, 2 g\u00fcn \u00f6ncesinden mail atm\u0131\u015flard\u0131 ama ben onu unuttum gitti.<\/p>\n<p>Sonras\u0131nda binlerce kez \u00f6z\u00fcr dileseler, iki b\u00fckl\u00fcm olsalar da b\u00f6yle eve Marauder gibi girmeleri beni ziyadesiyle tedirgin etti. \u0130\u00e7lerinden biri T\u00fcrk oldu\u011fumu \u00f6\u011frenince a\u015f\u0131r\u0131 sevindi, Kosova&#8217;l\u0131ym\u0131\u015f. \u00c7at pat \u0130ngilizce bir \u015fekilde eni\u015ftem T\u00fcrk benim dedi falan, \u00fclkeniz \u00e7ok g\u00fczel, \u0130zmir \u00c7e\u015fme, \u00e7ok g\u00fczel dedi. He day\u0131 he, \u00c7e\u015fme.<\/p>\n<p>Bu ev kap\u0131s\u0131nda zincir olmamas\u0131 \u00f6zellikle gece uyurken inceden tedirginlik yaratan bir fakt\u00f6r oldu benim i\u00e7in. Kap\u0131da s\u00fcrg\u00fc ya da zincir olsa \u00e7ok daha rahat ederdim kesinlikle. Umar\u0131m bizden sonra takm\u0131\u015flard\u0131r.<\/p>\n<p>Son olarak da binan\u0131n giri\u015f kat\u0131na yapt\u0131klar\u0131 restoran gibi bir \u015fey nedeniyle her haftai\u00e7i sabah tam\u0131 tam\u0131na (dakikas\u0131 sekmedi) 07:40&#8217;ta ba\u015flayan delge\u00e7 sesi.<\/p>\n<p>Bu in\u015faat nedeniyle binadan 2 bu\u00e7uk ay boyunca toz toprak g\u00fcr\u00fclt\u00fc eksik olmad\u0131, asans\u00f6rler y\u00fck ta\u015f\u0131makta kullan\u0131ld\u0131\u011f\u0131 i\u00e7in s\u00fcrekli me\u015fgul veya bozuktu. Yani bu in\u015faat da asl\u0131nda evle ilgili olumsuzluklar\u0131n bir di\u011feriydi diyebilirim.<\/p>\n<p>Bu <em>lanet olas\u0131<\/em> in\u015faat biz evi tahliye edene kadar da bitmedi. Birka\u00e7 ay sonra \u00f6n\u00fcnden ge\u00e7erken bakt\u0131m bitmi\u015f ve cillop gibi bir restoran olmu\u015ftu. Cefas\u0131n\u0131 o kadar \u00e7ektik, bir ara gelip bir <em>lanet olas\u0131<\/em> kahvelerini i\u00e7ece\u011fim.<\/p>\n<p>Bunlar tabi bir \u00f6l\u00e7\u00fcde merkeze yak\u0131n oturman\u0131n bedelleriydi. Daha fazla g\u00fcr\u00fclt\u00fc, daha fazla trafik ve daha konsantre ya\u015fam alanlar\u0131. Ama evden \u00e7\u0131kt\u0131ktan 7 dakika sonra Eindhoven meydan\u0131na gidebilmek de ger\u00e7ekten ho\u015f bir \u015feydi.<\/p>\n<p>Her neyse, bekarl\u0131k g\u00fcnlerim b\u00f6ylece ba\u015flam\u0131\u015ft\u0131. ASML&#8217;deki i\u015fim, ay\u0131n 20&#8217;sinde ba\u015flayaca\u011f\u0131 i\u00e7in 1 hafta boyunca bo\u015ftum. Evi temizleme ve yerle\u015ftirme, al\u0131\u015fveri\u015f yapma, resmi dairelerdeki i\u015fleri halletme, banka hesab\u0131 falan gibi i\u015fler zaten 1 haftaya yak\u0131n s\u00fcrd\u00fc. Evime daha yak\u0131n olan Strijpsestraat&#8217;daki Albert Heijn&#8217;dan birka\u00e7 kez git gel yaparak evin erzak eksiklerini tamamlad\u0131m. O bisikletle neler ta\u015f\u0131d\u0131m, tek seferde ka\u00e7 kilo ta\u015f\u0131d\u0131m var ya&#8230;<\/p>\n<div id=\"attachment_597\" style=\"width: 1208px\" class=\"wp-caption aligncenter\"><img data-recalc-dims=\"1\" loading=\"lazy\" decoding=\"async\" aria-describedby=\"caption-attachment-597\" src=\"https:\/\/i0.wp.com\/dogukantunc.com\/wp-content\/uploads\/2020\/08\/IMG_20200113_113617.jpg?resize=750%2C556\" alt=\"\" width=\"750\" height=\"556\" class=\"size-full wp-image-597\" srcset=\"https:\/\/i0.wp.com\/dogukantunc.com\/wp-content\/uploads\/2020\/08\/IMG_20200113_113617.jpg?w=1198&amp;ssl=1 1198w, https:\/\/i0.wp.com\/dogukantunc.com\/wp-content\/uploads\/2020\/08\/IMG_20200113_113617.jpg?resize=300%2C222&amp;ssl=1 300w, https:\/\/i0.wp.com\/dogukantunc.com\/wp-content\/uploads\/2020\/08\/IMG_20200113_113617.jpg?resize=1024%2C759&amp;ssl=1 1024w, https:\/\/i0.wp.com\/dogukantunc.com\/wp-content\/uploads\/2020\/08\/IMG_20200113_113617.jpg?resize=768%2C569&amp;ssl=1 768w\" sizes=\"auto, (max-width: 750px) 100vw, 750px\" \/><p id=\"caption-attachment-597\" class=\"wp-caption-text\">BanaBi kuryesi mode<\/p><\/div>\n<p>Ama birazc\u0131k gezme f\u0131rsat\u0131 da buldum. Genel olarak \u00e7ok fazla park bah\u00e7e gezmek yerine (onlar\u0131 \u00d6zge ve Ekin gelinceye sakl\u0131yordum) Eindhoven merkezini, \u00f6nemli yerleri (\u00f6rne\u011fin IKEA, Action, Belediye binas\u0131n\u0131n oldu\u011fu meydan, Kebap\u00e7\u0131lar vb.) ke\u015ffetmeye ba\u015flad\u0131m (sonuncuda ciddi de\u011filim). Bir yandan da f\u0131rsat bulduk\u00e7a evin kritik eksiklerini al\u0131yordum.<\/p>\n<p><img data-recalc-dims=\"1\" loading=\"lazy\" decoding=\"async\" src=\"https:\/\/i0.wp.com\/dogukantunc.com\/wp-content\/uploads\/2020\/08\/IMG_20200117_155907.jpg?resize=750%2C556\" alt=\"\" width=\"750\" height=\"556\" class=\"aligncenter size-full wp-image-604\" srcset=\"https:\/\/i0.wp.com\/dogukantunc.com\/wp-content\/uploads\/2020\/08\/IMG_20200117_155907.jpg?w=1198&amp;ssl=1 1198w, https:\/\/i0.wp.com\/dogukantunc.com\/wp-content\/uploads\/2020\/08\/IMG_20200117_155907.jpg?resize=300%2C222&amp;ssl=1 300w, https:\/\/i0.wp.com\/dogukantunc.com\/wp-content\/uploads\/2020\/08\/IMG_20200117_155907.jpg?resize=1024%2C759&amp;ssl=1 1024w, https:\/\/i0.wp.com\/dogukantunc.com\/wp-content\/uploads\/2020\/08\/IMG_20200117_155907.jpg?resize=768%2C569&amp;ssl=1 768w\" sizes=\"auto, (max-width: 750px) 100vw, 750px\" \/><\/p>\n<p>\u0130lk gitti\u011fim hafta ger\u00e7ekten \u00e7ok fazla i\u015f hallettim ama \u00e7ok da yoruldum. Temizlik malzemesi al, temizle, eksikleri gider, resmi evrak i\u015flerine ko\u015ftur derken; zaten aylard\u0131r e\u015fya toparlama, stres, hava de\u011fi\u015fimi gibi fakt\u00f6rler nedeniyle zorlanm\u0131\u015f olan b\u00fcnye topu att\u0131. Gittikten tam 2 hafta sonras\u0131 bir Cuma gecesi fena \u015fekilde ate\u015fim \u00e7\u0131kt\u0131 ve 2 g\u00fcn boyunca d\u00fc\u015fmedi. Neyse ki yan\u0131mda Parasetamol ve Ibuprofen haplar\u0131 vard\u0131, ba\u015fka binbir t\u00fcrl\u00fc ila\u00e7 daha vard\u0131. Fakat ate\u015f \u00f6l\u00e7er yoktu ne hikmetse. Ate\u015fimin ne kadar y\u00fckseldi\u011fini sonradan kolumdaki nab\u0131z \u00f6l\u00e7en saatin verisinden anlayabiliyorum.<\/p>\n<div id=\"attachment_531\" style=\"width: 260px\" class=\"wp-caption aligncenter\"><img data-recalc-dims=\"1\" loading=\"lazy\" decoding=\"async\" aria-describedby=\"caption-attachment-531\" src=\"https:\/\/i0.wp.com\/dogukantunc.com\/wp-content\/uploads\/2020\/07\/Screenshot_2020-01-27-13-22-39-032_com.huami_.watch_.hmwatchmanager.jpg?resize=250%2C542\" alt=\"\" width=\"250\" height=\"542\" class=\"wp-image-531\" srcset=\"https:\/\/i0.wp.com\/dogukantunc.com\/wp-content\/uploads\/2020\/07\/Screenshot_2020-01-27-13-22-39-032_com.huami_.watch_.hmwatchmanager.jpg?w=1080&amp;ssl=1 1080w, https:\/\/i0.wp.com\/dogukantunc.com\/wp-content\/uploads\/2020\/07\/Screenshot_2020-01-27-13-22-39-032_com.huami_.watch_.hmwatchmanager.jpg?resize=138%2C300&amp;ssl=1 138w, https:\/\/i0.wp.com\/dogukantunc.com\/wp-content\/uploads\/2020\/07\/Screenshot_2020-01-27-13-22-39-032_com.huami_.watch_.hmwatchmanager.jpg?resize=473%2C1024&amp;ssl=1 473w, https:\/\/i0.wp.com\/dogukantunc.com\/wp-content\/uploads\/2020\/07\/Screenshot_2020-01-27-13-22-39-032_com.huami_.watch_.hmwatchmanager.jpg?resize=768%2C1664&amp;ssl=1 768w, https:\/\/i0.wp.com\/dogukantunc.com\/wp-content\/uploads\/2020\/07\/Screenshot_2020-01-27-13-22-39-032_com.huami_.watch_.hmwatchmanager.jpg?resize=709%2C1536&amp;ssl=1 709w, https:\/\/i0.wp.com\/dogukantunc.com\/wp-content\/uploads\/2020\/07\/Screenshot_2020-01-27-13-22-39-032_com.huami_.watch_.hmwatchmanager.jpg?resize=945%2C2048&amp;ssl=1 945w\" sizes=\"auto, (max-width: 250px) 100vw, 250px\" \/><p id=\"caption-attachment-531\" class=\"wp-caption-text\"><em>Normalde 50-60 aras\u0131nda olan dinlenme nabz\u0131m 80&#8217;lere \u00e7\u0131km\u0131\u015f.<\/em><\/p><\/div>\n<p>Tek ba\u015f\u0131na hasta olmak ger\u00e7ekten zor, bilen bilir. O kadar y\u0131k\u0131kt\u0131m ki, susuzluktan ve y\u00fcksek ate\u015ften a\u011fz\u0131m kupkuru olmas\u0131na ra\u011fmen kalk\u0131p su i\u00e7ecek g\u00fcc\u00fc bulamad\u0131\u011f\u0131m oluyordu. S\u00fcrekli terliyordum ve 4-5 saatte bir \u00fcst ba\u015f de\u011fi\u015ftirmem gerekiyordu. Tabi bunlar\u0131 \u00d6zge&#8217;ye ya da annemlere s\u00f6ylemiyordum, &#8220;yat\u0131yorum ila\u00e7 ald\u0131m, iyiyim&#8221; diyordum. 2 gece 3 g\u00fcn \u015fuursuzca yatt\u0131m. G\u00fcnde 11-12 saat uyuyordum. Hemen hemen hi\u00e7bir \u015fey yemedim, bir tek bi paket Oreo ile haz\u0131r \u00e7orba yedim san\u0131r\u0131m. Uyan\u0131kken de odada halsizce tek ba\u015f\u0131ma yat\u0131yor, telefonda Tweet okuyor, zaten hastal\u0131k karamsarl\u0131\u011f\u0131n\u0131n \u00fczerine bir de d\u00fcnyada olan i\u00e7 karart\u0131c\u0131 haberleri g\u00f6r\u00fcyor, \u00c7in&#8217;de Covid-19&#8217;un yay\u0131l\u0131\u015f\u0131n\u0131 falan okuyordum. Ya ben de bu vir\u00fcs\u00fc kapt\u0131ysam endi\u015fesine kap\u0131l\u0131yordum. Tabi o zamanlar ilk \u00e7\u0131kan haberler \u00e7ok fantastikti, i\u015fte 24 saat i\u00e7inde direkt \u00f6ld\u00fcr\u00fcyor, zombiye d\u00f6n\u00fc\u015ft\u00fcr\u00fcyor falan diyen bile vard\u0131. &#8220;Vir\u00fcs\u00fcn tek \u00e7aresi \u00fcz\u00fcm sirkesiymi\u015f, kesin bilgi, yayal\u0131m&#8221; \u015feklinde bir WhatsApp sirk\u00fclasyon mesaj\u0131 vard\u0131 en \u00e7ok ona g\u00fcld\u00fcm.<\/p>\n<p>\u00d6zetle, bu birka\u00e7 g\u00fcn olduk\u00e7a zor ve k\u00f6t\u00fc ge\u00e7ti. Moralim epey k\u00f6t\u00fcyd\u00fc.<\/p>\n<p>Pazartesi g\u00fcn\u00fc i\u015fyerine durumumla ilgili mail att\u0131m, ge\u00e7mi\u015f olsun dilediler ve iyile\u015fene kadar i\u015fe gelmememi s\u00f6ylediler.<\/p>\n<p>Hastal\u0131k benim entegrasyon s\u00fcrecimi hem fiziksel olarak hem de mental olarak baltalasa da olduk\u00e7a \u00e7abuk atlatt\u0131m. Sal\u0131 g\u00fcn\u00fc i\u015fe gitti\u011fimde &#8220;aman ha Covid falan olmu\u015f olmayas\u0131n, uzak dur biraz&#8221; esprileri ile kar\u015f\u0131land\u0131m. O s\u0131rada kimse bu meretin t\u00fcm d\u00fcnyay\u0131 esasl\u0131 \u015fekilde vuraca\u011f\u0131n\u0131 ve &#8220;uzak dur biraz&#8221;\u0131n yeni norm olaca\u011f\u0131n\u0131 tahmin etmiyordu tabi.<\/p>\n<p>Evin eksiklerini giderip, temizleyip, e\u015fyalar\u0131 bavuldan \u00e7\u0131kararak dolaplara yerle\u015ftirince, biraz da erzak falan stoklamay\u0131 ba\u015far\u0131p, yemek falan yapmaya da ba\u015flay\u0131nca, ev iyice eve benzemeye ba\u015flad\u0131 ve hayat\u0131mda stabil bir d\u00fczen olu\u015fmaya ba\u015flad\u0131. Etraf\u0131 da biraz daha iyi \u00f6\u011frendi\u011fim i\u00e7in daha rahat hareket etmeye ba\u015flad\u0131m. Bunlar da benim ho\u015fuma gitmeye ba\u015flam\u0131\u015ft\u0131. Buna \u00e7ok\u00e7a bahsedilen &#8220;Balay\u0131 D\u00f6nemi&#8221; denebilir san\u0131r\u0131m.<\/p>\n<div id=\"attachment_515\" style=\"width: 1194px\" class=\"wp-caption aligncenter\"><img data-recalc-dims=\"1\" loading=\"lazy\" decoding=\"async\" aria-describedby=\"caption-attachment-515\" src=\"https:\/\/i0.wp.com\/dogukantunc.com\/wp-content\/uploads\/2020\/07\/IMG_20200131_183239.jpg?resize=750%2C563\" alt=\"\" width=\"750\" height=\"563\" class=\"size-full wp-image-515\" srcset=\"https:\/\/i0.wp.com\/dogukantunc.com\/wp-content\/uploads\/2020\/07\/IMG_20200131_183239.jpg?w=1184&amp;ssl=1 1184w, https:\/\/i0.wp.com\/dogukantunc.com\/wp-content\/uploads\/2020\/07\/IMG_20200131_183239.jpg?resize=300%2C225&amp;ssl=1 300w, https:\/\/i0.wp.com\/dogukantunc.com\/wp-content\/uploads\/2020\/07\/IMG_20200131_183239.jpg?resize=1024%2C768&amp;ssl=1 1024w, https:\/\/i0.wp.com\/dogukantunc.com\/wp-content\/uploads\/2020\/07\/IMG_20200131_183239.jpg?resize=768%2C576&amp;ssl=1 768w\" sizes=\"auto, (max-width: 750px) 100vw, 750px\" \/><p id=\"caption-attachment-515\" class=\"wp-caption-text\"><em>\u0130\u00e7erik farkl\u0131 olunca emprovize bir\u00e7ok yemek \u00e7\u0131kt\u0131 ortaya. \u015eu tavada ne pi\u015firdi\u011fimi ben bile bilmiyorum, ne bulduysam att\u0131m.<\/em><\/p><\/div>\n<p>Bu arada da, marketten ald\u0131\u011f\u0131m her \u00fcr\u00fcn\u00fcn ne oldu\u011funu, i\u00e7eri\u011fini anlamak gibi her g\u00fcn hayat\u0131mda olan bir challenge ile kar\u015f\u0131 kar\u015f\u0131ya kald\u0131m. Google Translate sa\u011f olsun baya bir yard\u0131m\u0131 oldu ama, basit bir market al\u0131\u015fveri\u015finin 10 dakika yerine 1 saatte tamamlanmas\u0131na sebep olan bir durumdu. So\u011fan, patates, yumurta, tuz gibi belli ba\u015fl\u0131 temel i\u00e7eriklerin (i\u015fte \u00f6rne\u011fin haz\u0131r \u00e7orba ya da meyve suyu alacaksam i\u00e7erisinde neler oldu\u011funu bilmek amac\u0131yla) Hollanda&#8217;ca kar\u015f\u0131l\u0131klar\u0131n\u0131 h\u0131zla \u00f6\u011frenmeye \u00e7al\u0131\u015ft\u0131m. Yani neyse ki i\u00e7erik \u00fc\u00e7 a\u015fa\u011f\u0131 be\u015f yukar\u0131 ayn\u0131 oldu\u011fu i\u00e7in kolay. Tabi i\u00e7inde ne oldu\u011funu tam anlamadan al\u0131p \u00e7ok sa\u00e7ma bir \u015fey \u00e7\u0131kt\u0131\u011f\u0131 i\u00e7in atmak zorunda kald\u0131\u011f\u0131m \u015feyler de oldu. \u00d6rne\u011fin haz\u0131r sat\u0131lan baz\u0131 yemeklerde maydonoz (Peterselie) yerine ki\u015fni\u015f (Koriander) kullanmalar\u0131 ve benim bu bitkinin kokusundan a\u015f\u0131r\u0131 rahats\u0131z olmam gibi. Yani genelde ger\u00e7ekten pek yemek ay\u0131rmam ve aromal\u0131 bir\u00e7ok bitkiyi (Dereotu, Fesle\u011fen) \u00e7ok severek t\u00fcketirim ama bu Ki\u015fni\u015f beni \u00e7ok rahats\u0131z ediyor, kokusunu 200 metreden tan\u0131r\u0131m ve onu bir t\u00fcrl\u00fc sevemedim.<\/p>\n<p>Bir kere de ger\u00e7ekten rezalet bir haz\u0131r Noodle alm\u0131\u015ft\u0131m, deniz \u00fcr\u00fcnl\u00fc gibi ama kokusu katlan\u0131lacak gibi de\u011fildi. Sonra Soba marka Sukiyaki Beef aromal\u0131 olandan hi\u00e7 \u015fa\u015fmad\u0131m.<\/p>\n<p>Yani \u00f6zetlemek gerekirse \u00e7ok b\u00fcy\u00fck bir sorun ya\u015famad\u0131m buradaki g\u0131da \u00fcr\u00fcnleri ile, tavuk da yedim, et de yedim, her t\u00fcrl\u00fc sebze de yedim. Sindirim sistemime de pek olumsuz bir etki yapmad\u0131 (laxation\/constipation) bu \u00fcr\u00fcnler. Kimisi baya hi\u00e7bir \u015fey yiyemedi\u011finden bahsetmi\u015f de, herhalde benim b\u00fcnye \u00e7ok sorgulamad\u0131, \u00f6\u011f\u00fctt\u00fc ge\u00e7ti.<\/p>\n<p>Bu haftalarda, benden \u00f6nce Eindhoven&#8217;a gelmi\u015f baz\u0131 arkada\u015flar\u0131mla bulu\u015ftum, onlarla g\u00f6r\u00fc\u015fmek de bana olduk\u00e7a iyi geliyordu.<\/p>\n<p>Her \u015fey yoluna girmi\u015f gibiydi.<\/p>\n<p>Ama bu sefer de \u00f6zlem fakt\u00f6r\u00fc beni fena halde y\u0131pratmaya ba\u015flam\u0131\u015ft\u0131.<\/p>\n<p>Her ak\u015fam \u00d6zge ve Ekin&#8217;le g\u00f6r\u00fcnt\u00fcl\u00fc konu\u015fuyorduk. Fakat yine de telefonu kapatt\u0131\u011f\u0131m andan itibaren \u00f6zlem daha da art\u0131yordu.<\/p>\n<p>Onlar\u0131n bir an \u00f6nce yan\u0131mda olmas\u0131n\u0131, onlara kavu\u015fmay\u0131 \u00e7ok istiyordum. B\u0131d\u0131r b\u0131d\u0131r konu\u015fuyordu bizimki telefondan bana, olanlara anlam da veremiyordu. &#8220;Babi\u015f, nereye gittin, neden gittin, gelecek misin&#8221; gibi sorular soruyordu. Bu da beni ayr\u0131 bir \u00fcz\u00fcyordu.<\/p>\n<div id=\"attachment_516\" style=\"width: 420px\" class=\"wp-caption aligncenter\"><img data-recalc-dims=\"1\" loading=\"lazy\" decoding=\"async\" aria-describedby=\"caption-attachment-516\" src=\"https:\/\/i0.wp.com\/dogukantunc.com\/wp-content\/uploads\/2020\/07\/Screenshot_2020-01-25-17-19-56-466_com.whatsapp.jpg?resize=410%2C888\" alt=\"\" width=\"410\" height=\"888\" class=\"size-full wp-image-516\" srcset=\"https:\/\/i0.wp.com\/dogukantunc.com\/wp-content\/uploads\/2020\/07\/Screenshot_2020-01-25-17-19-56-466_com.whatsapp.jpg?w=410&amp;ssl=1 410w, https:\/\/i0.wp.com\/dogukantunc.com\/wp-content\/uploads\/2020\/07\/Screenshot_2020-01-25-17-19-56-466_com.whatsapp.jpg?resize=139%2C300&amp;ssl=1 139w\" sizes=\"auto, (max-width: 410px) 100vw, 410px\" \/><p id=\"caption-attachment-516\" class=\"wp-caption-text\"><em>Yine b\u0131d\u0131r b\u0131d\u0131r bir \u015feyler anlat\u0131yor&#8230;<\/em><\/p><\/div>\n<p>Bizimkilerden bu kadar s\u00fcre ayr\u0131 kalmak, itiraf etmeliyim ki \u015fu t\u00fcm s\u00fcre\u00e7 boyunca beni en \u00e7ok (hatta tek) sarsan \u015fey oldu. Ve a\u00e7\u0131k\u00e7as\u0131,&nbsp; yaln\u0131z ba\u015f\u0131na hayatta kalmay\u0131 beceren bir ki\u015fi oldu\u011fumu d\u00fc\u015f\u00fcnmeme ra\u011fmen yaln\u0131zl\u0131\u011fa hi\u00e7 al\u0131\u015f\u0131k olmad\u0131\u011f\u0131m\u0131 g\u00f6rd\u00fcm. \u00d6zellikle de Ekin do\u011fduktan sonraki 3 y\u0131ll\u0131k hareketli hayat\u0131 bir anda geride b\u0131rakmak, g\u00fcn i\u00e7inde olan olaylar\u0131 eve geldi\u011fimde anlatacak biri olmamas\u0131, evde bir hareket olmamas\u0131 beni etkilemi\u015f gibiydi. \u00d6zetle <strong>bekarl\u0131k, sultanl\u0131k<\/strong> olmaktan \u00e7\u0131km\u0131\u015ft\u0131 benim i\u00e7in.<\/p>\n<p>Halet-i ruhiyem y\u0131k\u0131kl\u0131kla <em>coping<\/em> aras\u0131nda gidip geldi bu yaln\u0131z ya\u015fad\u0131\u011f\u0131m 1 ayda. Tek iste\u011fim, bizim k\u0131zlar\u0131n sa\u011f salim yan\u0131ma gelmesiydi, ba\u015fka hi\u00e7bir \u015fey istemiyordum hayattan o an i\u00e7in. Ama vizelerinin \u00e7\u0131kmas\u0131na en az 1 bu\u00e7uk ay var denmi\u015fti bize. Bu s\u00fcre nas\u0131l ge\u00e7ecek bilmiyorduk.<\/p>\n<p>Ben de bu s\u00fcrede kendimi oyalamak ve yaln\u0131zl\u0131\u011f\u0131m\u0131 gidermek i\u00e7in Big Bang Theory (ba\u015ftan) ile The Good Place&#8217;i bitirdim, ara ara Friends&#8217;e sard\u0131m ama eskisi gibi sarmad\u0131. Bu t\u00fcr diziler insana yaln\u0131zl\u0131\u011f\u0131 etkili \u015fekilde unutturuyor. Bunun d\u0131\u015f\u0131nda bir tur XCOM, bir tur da Civ5 oynad\u0131m, Thinking Fast &amp; Slow kitab\u0131nda 20 sayfa ilerlemeyi ba\u015fard\u0131m. \u00d6zellikle sonuncu ba\u015far\u0131mla ger\u00e7ekten gurur duyuyorum. 1 bu\u00e7uk ayda 20 sayfa. M\u00fcthi\u015f. O kadar\u0131n\u0131 3 ayda okuyamam\u0131\u015ft\u0131m.<\/p>\n<p>Neyse ki o esnada bir yandan i\u015fe ba\u015flam\u0131\u015ft\u0131m ve bu da biraz kafam\u0131 me\u015fgul tutarak beni yaln\u0131zl\u0131ktan ve \u00f6zlemden bir nebze koruyordu. \u00d6zellikle i\u015fyerinde \u00f6\u011frenmem gereken o kadar \u00e7ok \u015fey vard\u0131 ve o kadar \u00e7ok e\u011fitime giriyordum ki. Bunlar benim kafam\u0131 yakt\u0131\u011f\u0131 i\u00e7in ba\u015fka bir \u015fey d\u00fc\u015f\u00fcnmeye \u00e7ok az f\u0131rsat kal\u0131yordu.<\/p>\n<p>Ama o 1,5 ay bunlara ra\u011fmen zor ge\u00e7ti. Zaman zaman ger\u00e7ekten darald\u0131m. G\u00f6r\u00fcnt\u00fcl\u00fc konu\u015fmalar s\u0131ras\u0131nda evden kesitler g\u00f6rd\u00fck\u00e7e de homesick hissediyor, &#8220;ne halt yemeye kabul ettim ben bu i\u015fi, rahat\u0131m\u0131, evimi, ailemi b\u0131rak\u0131p tek ba\u015f\u0131ma geldim buraya ya&#8221; d\u00fc\u015f\u00fcncesi, herkes gibi beni de ara ara yokluyordu. Yar\u0131m hissediyordum yani.<\/p>\n<p>Ama bu buhranlar rasyonel zihinden s\u00fcz\u00fcl\u00fcnce \u00e7ok uzun s\u00fcrm\u00fcyordu. Perdeyi a\u00e7\u0131p a\u015fa\u011f\u0131daki \u015fehre bakt\u0131\u011f\u0131mda, bizimkiler geldikten sonra gezece\u011fimiz yerleri d\u00fc\u015f\u00fcnd\u00fck\u00e7e hep moralim d\u00fczeldi.<\/p>\n<p>Burada olman\u0131n getirdi\u011fi yeni olas\u0131l\u0131klar\u0131, yeni imkanlar\u0131 d\u00fc\u015f\u00fcn\u00fcnce umutsuzlu\u011fum ge\u00e7iyordu. M\u00fccadele azmim geri geliyordu. Sadece biraz daha sab\u0131r gerekti\u011fini anl\u0131yordum.<\/p>\n<p>\u0130\u015fe gelecek olursak, ASML ger\u00e7ekten enteresan bir firmaym\u0131\u015f. \u00c7e\u015fitlili\u011fi ve \u00e7al\u0131\u015fanlar\u0131na en \u00fcst derecede de\u011fer vermeyi firma k\u00fclt\u00fcr\u00fc haline getirmi\u015f bir firma g\u00f6rd\u00fc\u011f\u00fcm kadar\u0131yla. \u00dcretilen cihaz zaten tarif edilemeyecek kadar karma\u015f\u0131k ve fizik kurallar\u0131n\u0131n s\u0131n\u0131rlar\u0131nda dola\u015fan bir alet. Merak eden i\u00e7in bir <a href=\"https:\/\/www.youtube.com\/watch?v=wI6nCmG-PpI\">link<\/a> payla\u015fay\u0131m. Yani o ilk e\u011fitimlerde anlat\u0131lan \u015feyleri akl\u0131m hayalim almad\u0131, b\u00f6yle bir \u015feyi insan \u0131rk\u0131 m\u0131 in\u015fa etti, nas\u0131l yapt\u0131 diye d\u00fc\u015f\u00fcnd\u00fcm durdum. Ama d\u00fc\u015f\u00fcn\u00fcnce bu kadar teknolojinin ve ar-ge&#8217;nin \u00e7\u0131kt\u0131s\u0131 ele aya\u011fa d\u00fc\u015fm\u00fc\u015f bir teknoloji (mikro\u00e7ip) \u00fcretmekten \u00f6tesi de\u011fil. Yine de insan hayret ediyor do\u011frusu.<\/p>\n<p>Hal b\u00f6yleyken \u00fczerinde \u00e7al\u0131\u015fan en ufak mekanik par\u00e7adan en ufak kod par\u00e7as\u0131na kadar her \u015fey k\u0131l\u0131 k\u0131rk yararak yap\u0131l\u0131yor. Yani kodlama biliyorum diye geziyorsun, sonra bildi\u011fin her \u015feyi unutup bir\u00e7ok \u015feyi ba\u015ftan \u00f6\u011frenmen gerekiyor. \u00c7\u00fcnk\u00fc dang\u0131l dungul kod yazmaya kesinlikle tolerans yok. Ayr\u0131ca \u00e7ok s\u0131k\u0131 kaynak kontrol\u00fc ve dok\u00fcmantasyon da \u015firketin olmazsa olmazlar\u0131. Bir haftal\u0131k delivery ak\u0131\u015flar\u0131 var, ilk g\u00f6sterdiklerinde oturup a\u011flad\u0131m. Bunu nas\u0131l \u00f6\u011frenece\u011fim ben diye. Hani kod yazman\u0131n d\u0131\u015f\u0131ndaki mekanizmalar da fazlaca entegre ve a\u015f\u0131r\u0131 derece itinal\u0131 olmak zorunda. Makinenin i\u00e7erisine girecek tek bir yanl\u0131\u015f kod sat\u0131r\u0131n\u0131n sonucu kaybedilen on binlerce euro anlam\u0131na geliyor \u00e7\u00fcnk\u00fc anlat\u0131ld\u0131\u011f\u0131 kadar\u0131yla.<\/p>\n<p>Bunlar; ki\u015fiyi konfor b\u00f6lgesinden \u00e7\u0131karan, beynini uyaran, s\u00fcrekli diken \u00fcst\u00fcnde olmas\u0131n\u0131 sa\u011flayan ve yeteneklerini daima bileylemesini sa\u011flayan \u015feyler olmas\u0131 itibariyle \u00e7ok olumlu. Fakat \u00f6n\u00fcmde ger\u00e7ekten \u00e7ok uzun ve me\u015fakkatli bir \u00f6\u011frenme s\u00fcreci oldu\u011fu da ger\u00e7ekti.<\/p>\n<p>Bir de planlama konusuna a\u015f\u0131r\u0131 derecede fazla zaman ve kaynak ay\u0131r\u0131yorlar, i\u015fg\u00fcc\u00fc tahmini, ayl\u0131k planlar, y\u0131ll\u0131k planlar, 5 y\u0131ll\u0131k yol haritalar\u0131 diye gidiyor. Eski \u00e7al\u0131\u015ft\u0131\u011f\u0131m firmada planlama ve i\u015f g\u00fcc\u00fc tahmini gibi konulardaki ba\u015far\u0131s\u0131yla (!) nam salm\u0131\u015f biri olarak, bunlara al\u0131\u015fmas\u0131 ger\u00e7ekten \u00e7ok zaman\u0131m\u0131 alacakt\u0131.<\/p>\n<p>Daha \u00e7al\u0131\u015fmaya ba\u015flamadan \u00f6nceki hafta, ana kamp\u00fcs\u00fcn \u00e7evresine ke\u015ffe gittim.<\/p>\n<div id=\"attachment_517\" style=\"width: 1196px\" class=\"wp-caption aligncenter\"><img data-recalc-dims=\"1\" loading=\"lazy\" decoding=\"async\" aria-describedby=\"caption-attachment-517\" src=\"https:\/\/i0.wp.com\/dogukantunc.com\/wp-content\/uploads\/2020\/07\/IMG_20200118_154548.jpg?resize=750%2C562\" alt=\"\" width=\"750\" height=\"562\" class=\"size-full wp-image-517\" srcset=\"https:\/\/i0.wp.com\/dogukantunc.com\/wp-content\/uploads\/2020\/07\/IMG_20200118_154548.jpg?w=1186&amp;ssl=1 1186w, https:\/\/i0.wp.com\/dogukantunc.com\/wp-content\/uploads\/2020\/07\/IMG_20200118_154548.jpg?resize=300%2C225&amp;ssl=1 300w, https:\/\/i0.wp.com\/dogukantunc.com\/wp-content\/uploads\/2020\/07\/IMG_20200118_154548.jpg?resize=1024%2C767&amp;ssl=1 1024w, https:\/\/i0.wp.com\/dogukantunc.com\/wp-content\/uploads\/2020\/07\/IMG_20200118_154548.jpg?resize=768%2C575&amp;ssl=1 768w\" sizes=\"auto, (max-width: 750px) 100vw, 750px\" \/><p id=\"caption-attachment-517\" class=\"wp-caption-text\"><em>Karargah\u0131 ke\u015fiften ilk foto (tabi hen\u00fcz i\u00e7eri giremiyorum)<\/em><\/p><\/div>\n<p>ASML&#8217;nin, Eindhoven \u00e7evresine sa\u00e7\u0131lm\u0131\u015f bir s\u00fcr\u00fc binas\u0131 var. Bu foto\u011fraf, Veldhoven&#8217;daki karargahtan. Karargah olduk\u00e7a b\u00fcy\u00fck bir kamp\u00fcs. Ama benim \u00e7al\u0131\u015faca\u011f\u0131m yer ba\u015fka bir yerdeki bir binayd\u0131. Havaalan\u0131n\u0131n hemen yan\u0131nda bir ofis kompleksi (Flight Forum).<\/p>\n<div id=\"attachment_608\" style=\"width: 791px\" class=\"wp-caption aligncenter\"><img data-recalc-dims=\"1\" loading=\"lazy\" decoding=\"async\" aria-describedby=\"caption-attachment-608\" src=\"https:\/\/i0.wp.com\/dogukantunc.com\/wp-content\/uploads\/2020\/08\/flight-forum-02.jpg?resize=750%2C492\" alt=\"\" width=\"750\" height=\"492\" class=\"size-full wp-image-608\" srcset=\"https:\/\/i0.wp.com\/dogukantunc.com\/wp-content\/uploads\/2020\/08\/flight-forum-02.jpg?w=781&amp;ssl=1 781w, https:\/\/i0.wp.com\/dogukantunc.com\/wp-content\/uploads\/2020\/08\/flight-forum-02.jpg?resize=300%2C197&amp;ssl=1 300w, https:\/\/i0.wp.com\/dogukantunc.com\/wp-content\/uploads\/2020\/08\/flight-forum-02.jpg?resize=768%2C503&amp;ssl=1 768w\" sizes=\"auto, (max-width: 750px) 100vw, 750px\" \/><p id=\"caption-attachment-608\" class=\"wp-caption-text\"><em>Flight Forum (benim masa, \u015fu sol \u00fcst kattaki pencerelerden birinin hemen yan\u0131)<\/em><\/p><\/div>\n<p>Dedi\u011fim gibi, ilk 1,5 ay e\u011fitimlerle \u015funlarla bunlarla ge\u00e7ti, ofise nadiren gittim. \u00d6zellikle de, e\u011flenceli ve yo\u011fun bir yaz\u0131l\u0131m e\u011fitiminden sonra ufak ufak g\u00f6revler almaya ba\u015flad\u0131k yeni gelenler olarak. Ama hala ger\u00e7ekten \u00e7ok zorlan\u0131yorduk ve bize de tam bir i\u015f vermiyorlard\u0131. Kod taban\u0131 o kadar b\u00fcy\u00fck ki, neresine n\u00fcfuz etmeniz gerekti\u011fi belli bile de\u011fil. Ayr\u0131ca kontekst de \u00e7ok karma\u015f\u0131k. \u0130\u015fletilmeye \u00e7al\u0131\u015f\u0131lan fonksiyonla ilgili <em>Domain Knowledge<\/em> olmadan \u00e7\u00f6z\u00fcm \u00fcretmek a\u015f\u0131r\u0131 zor. Bir dok\u00fcmana saatlerce bak\u0131p hi\u00e7bir \u015fey anlamad\u0131\u011f\u0131m oldu maalesef. \u00c7\u00fcnk\u00fc bahsedilen kavramlar fazlaca karma\u015f\u0131k bir makinenin k\u00e2h lensleriyle alakal\u0131, k\u00e2h sens\u00f6rleriyle. Bunlar\u0131n en az\u0131ndan ne i\u015fe yarad\u0131\u011f\u0131n\u0131 bilmeden problemleri \u00e7\u00f6zmek zor.<\/p>\n<p>Ama \u00e7al\u0131\u015fma arkada\u015flar\u0131m\u0131z bize bunun normal oldu\u011funu, \u00f6\u011frenme s\u00fcrecini k\u0131sa bir sprint de\u011fil, uzun soluklu bir maraton olarak g\u00f6rmemiz gerekti\u011fini, al\u0131\u015fma evresinin uzun olabilece\u011fini ve endi\u015fe etmememizi s\u00f6ylediler. Bir s\u00fcr\u00fc e\u011fitim mevcut oldu\u011funu, s\u0131rayla hepsini alaca\u011f\u0131m\u0131z\u0131 anlatt\u0131lar. Ayn\u0131 zamanda da firman\u0131n art\u0131k yerle\u015fmi\u015f prosed\u00fcrleri ve prosesleri oldu\u011fu i\u00e7in bunlar\u0131 takip etmek ve uygulamak \u00e7o\u011fu zaman yeterli oluyordu. Tabi insan yine de, bir an \u00f6nce bulundu\u011fu platformu enine boyuna \u00f6\u011frenmek ve ke\u015ffetmek istiyor. Maalesef bu durumda bu, bu kadar kolay de\u011fil ve sab\u0131r gerekli. ASML&#8217;nin Philips&#8217;e ba\u011fl\u0131 k\u00fc\u00e7\u00fck bir m\u00fcd\u00fcrl\u00fck oldu\u011fu zamanlardan beri orada bulunan ki\u015filer bile konunun %100&#8217;\u00fcne hakim olmad\u0131klar\u0131n\u0131 s\u00f6yl\u00fcyorlar. Bu y\u00fczden herkes makinenin bir par\u00e7as\u0131na odaklan\u0131p onun \u00fczerinde uzmanla\u015fm\u0131\u015f (bir kez daha, b\u00f6l ve y\u00f6net y\u00f6nteminin ba\u015far\u0131s\u0131).<\/p>\n<p>Zaten genel olarak hissetti\u011fim \u015fey; sizin ne kadar yetenekli ya da dah\u00ee ya da ne bileyim, bilgili ya da deneyimli oldu\u011funuzun burada fazla bir \u00f6nemi yok. D\u00fcr\u00fcst bir \u015fekilde \u00e7abalaman\u0131z, bir \u015feylere katk\u0131da bulunman\u0131z, sorumluluk alman\u0131z, tak\u0131m olman\u0131z ve i\u015fbirli\u011fine yatk\u0131n olman\u0131z yeterli. Zaten bu \u015fekilde \u00f6\u011frenmeye, kendini geli\u015ftirmeye \u00e7abalayan birisi de g\u00f6r\u00fcn\u00fc\u015fe g\u00f6re eninde sonunda buran\u0131n bir par\u00e7as\u0131 haline geliyor ve ger\u00e7ek anlamda katk\u0131da bulunmaya ba\u015fl\u0131yor.<\/p>\n<p>Stres, fazla mesai asla istemedikleri, hatta k\u0131zd\u0131klar\u0131 bir \u015fey. Beni bir iki kere Pazar ak\u015famlar\u0131 dok\u00fcman g\u00fcncellerken yakalayan Scrum Master&#8217;\u0131m\u0131z &#8220;bunu l\u00fctfen yapma, tatilini tatil gibi kullan ki haftai\u00e7ine motive ba\u015fla&#8221; diye uyarm\u0131\u015ft\u0131. \u00c7ok garip gelmi\u015fti bana. \u0130\u015f\/Hayat dengesine ciddi derecede sayg\u0131l\u0131 ve \u00f6zenliler. Anlad\u0131m ki bu bir \u015firket politikas\u0131 veya bir kurallar silsilesi de\u011fil, bir k\u00fclt\u00fcr.<\/p>\n<p>G\u00fcnl\u00fck ileti\u015fim dilinin bir anda \u0130ngilizce&#8217;ye d\u00f6nmesi de asl\u0131nda ilk ba\u015fta biraz yorucuydu bu arada. Bir de herkes uniform bir aksanla da konu\u015fmuyor ki. 82 milletten adam\u0131n aksan\u0131n\u0131 decode edene kadar ger\u00e7ekten \u00e7ok yorulmu\u015ftum. T\u00fcrk\u00e7e konu\u015furken bile yeri gelip anlatmakta\/anlamakta zorland\u0131\u011f\u0131n \u015feyleri bir de \u0130ngilizce ger\u00e7eklemek, ger\u00e7ekten anormal miktarda enerji t\u00fcketiyordu. Ak\u015fam i\u015f bitip otob\u00fcse binince beynimi bitmi\u015f, yanm\u0131\u015f hissediyordum ilk haftalar boyunca. Me\u015fhur &#8220;dilleri kar\u0131\u015ft\u0131rma&#8221; olgusunu s\u0131k\u00e7a ya\u015fad\u0131\u011f\u0131m (T\u00fcrk\u00e7e konu\u015furken dal\u0131p \u0130ngilizce konu\u015fmak ya da tam tersi), ya da anlamad\u0131\u011f\u0131m halde bir c\u00fcmleye kafa sallam\u0131\u015fl\u0131\u011f\u0131m oldu maalesef. Y\u0131llarca e\u011fitimini ald\u0131\u011f\u0131m, yaz\u0131l\u0131 ve s\u00f6zl\u00fc prati\u011fim olan bir dil olmas\u0131na ra\u011fmen g\u00fcnl\u00fck kullan\u0131m yorucuydu.<\/p>\n<p>Ama insan beyni her \u015feye al\u0131\u015ft\u0131\u011f\u0131 gibi bu meydan okumaya da al\u0131\u015f\u0131yor. Belli ba\u015fl\u0131 aksanlar\u0131 \u00e7\u00f6zmeye, belli kelimelerin belli (s\u0131k\u00e7a kar\u015f\u0131la\u015f\u0131lan) milletler taraf\u0131ndan nas\u0131l telaffuz edildi\u011fine,&nbsp; baz\u0131 terimlere, s\u0131k\u00e7a kullan\u0131lan kelimelere a\u015fina olmaya ba\u015flad\u0131k\u00e7a, handikap azal\u0131yor. Bir de, dili tarzanca gibi de\u011fil de efektif ve ak\u0131c\u0131 kullanmay\u0131 \u00e7ok istiyordum, zorlanmam\u0131n as\u0131l sebebi san\u0131rsam buydu. Aksan\u0131m\u0131 d\u00fczeltmem gerekti\u011fini d\u00fc\u015f\u00fcnd\u00fcm, Acun aksan\u0131 ile konu\u015fmak istemiyordum. Evde tek kald\u0131\u011f\u0131m s\u00fcre i\u00e7erisinde kendi kendime konu\u015farak pratik yapmaya \u00e7al\u0131\u015ft\u0131m. Ger\u00e7ekten i\u015fe yarad\u0131\u011f\u0131n\u0131 g\u00f6rd\u00fcm. Mesela hala baz\u0131 kelimelerin nas\u0131l telaffuz edilmesi gerekti\u011fiyle ilgili teredd\u00fct ya\u015fad\u0131\u011f\u0131m\u0131 fark ettim. \u00d6rne\u011fin &#8220;Pursue&#8221; kelimesini 10 farkl\u0131 \u015fekilde s\u00f6yledi\u011fimi fark ettim ve hangisinin do\u011fru oldu\u011funu da bilmedi\u011fimi g\u00f6rd\u00fcm. Bunu \u00f6\u011frenmek i\u00e7in a\u00e7\u0131p \u00f6nce dinlemem ve sonra telaffuz ederek egzersiz etmem gerekti, ama bir kez oturduktan sonra da kal\u0131c\u0131 oluyor bu bilgi. Buna benzer birka\u00e7 kelimenin \u00fczerine e\u011filmem gerekti ilk aylarda. Bu gibi dilin incelikleri, normalde derdinizi anlatabiliyorsan\u0131z fark etmeyecek gibi g\u00f6r\u00fcn\u00fcyor ama, g\u00fcnl\u00fck hayatta kulland\u0131\u011f\u0131n\u0131z bir dili biraz cilalamak, aktaraca\u011f\u0131n\u0131z \u015feyi daha net aktarman\u0131z\u0131 ve diyalo\u011fun kalitesinin artmas\u0131n\u0131 sa\u011fl\u0131yor.<\/p>\n<p>Bir de herkes ger\u00e7ekten \u00e7ok g\u00fczel \u0130ngilizce konu\u015fuyor. Yani her meslek dal\u0131ndan her insan \u0130ngilizceyi iyi bir seviyede konu\u015fuyor ve yaz\u0131yor. Kullan\u0131lan vocabulary \u00f6yle Beginner seviyesinde de\u011fil. Ben bisiklet tamircisi bir amcayla, lastik tamir etti\u011fi s\u0131rada uzun uzun sohbet etti\u011fimizi, baya bir\u00e7ok konuda konu\u015ftu\u011fumuzu hat\u0131rl\u0131yorum. Adam her konuda engin bir kelime yelpazesiyle konu\u015fuyordu. Hal \u00f6yle olunca siz de kendisine sayg\u0131s\u0131 olan bir vatanda\u015f olarak, Borat \u0130ngilizcesi ile konu\u015fmak istemiyorsunuz bu insanlarla.<\/p>\n<p>Adamlar l\u00fctfedip ana dilinin yan\u0131nda bir de \u0130ngilizce konu\u015fuyor ve bunu hi\u00e7 dert etmiyor. Bir yerde bana bir bro\u015f\u00fcr veren Hollandal\u0131 \u015fah\u0131s, &#8220;kusura bakmay\u0131n, \u0130ngilizcesi yok sadece Hollandaca&#8221; diye, ana vatan\u0131nda kendi dilinde bir bro\u015f\u00fcr\u00fc bana verdi\u011fi i\u00e7in \u00f6z\u00fcr dilemi\u015fti. Yani \u00f6yle dil milliyet\u00e7isi olmamalar\u0131 \u00e7ok b\u00fcy\u00fck bir l\u00fctuf benim g\u00f6r\u00fc\u015f\u00fcme g\u00f6re.<\/p>\n<p>Geldikten sonraki 3. haftasonu, \u00fc\u00e7\u00fcm\u00fcz de ayr\u0131 \u015fehirlerde oturan \u00fc\u00e7 Hollandal\u0131 arkada\u015f olarak bir bulu\u015fma planlad\u0131k. We Will Rock You m\u00fczikalinde tan\u0131\u015ft\u0131\u011f\u0131m, Mine ve Rabia ile, Maastricht&#8217;te bulu\u015ftuk. Rabia Nijmegen&#8217;dan trenle Eindhoven&#8217;a geldi, beraber sonraki trene atlay\u0131p Maastricht&#8217;e devam ettik. Bizi orada ya\u015fayan Mine kar\u015f\u0131lad\u0131 ve rehberlik yapt\u0131. \u00c7ok e\u011flenceli ve g\u00fczel bir gezi ve ho\u015f bir moral depolamas\u0131 oldu benim i\u00e7in.<\/p>\n<div id=\"attachment_536\" style=\"width: 2570px\" class=\"wp-caption aligncenter\"><img data-recalc-dims=\"1\" loading=\"lazy\" decoding=\"async\" aria-describedby=\"caption-attachment-536\" src=\"https:\/\/i0.wp.com\/dogukantunc.com\/wp-content\/uploads\/2020\/07\/IMG_20200202_175745-scaled.jpg?resize=750%2C563\" alt=\"\" width=\"750\" height=\"563\" class=\"size-full wp-image-536\" srcset=\"https:\/\/i0.wp.com\/dogukantunc.com\/wp-content\/uploads\/2020\/07\/IMG_20200202_175745-scaled.jpg?w=2560&amp;ssl=1 2560w, https:\/\/i0.wp.com\/dogukantunc.com\/wp-content\/uploads\/2020\/07\/IMG_20200202_175745-scaled.jpg?resize=300%2C225&amp;ssl=1 300w, https:\/\/i0.wp.com\/dogukantunc.com\/wp-content\/uploads\/2020\/07\/IMG_20200202_175745-scaled.jpg?resize=1024%2C768&amp;ssl=1 1024w, https:\/\/i0.wp.com\/dogukantunc.com\/wp-content\/uploads\/2020\/07\/IMG_20200202_175745-scaled.jpg?resize=768%2C576&amp;ssl=1 768w, https:\/\/i0.wp.com\/dogukantunc.com\/wp-content\/uploads\/2020\/07\/IMG_20200202_175745-scaled.jpg?resize=1536%2C1152&amp;ssl=1 1536w, https:\/\/i0.wp.com\/dogukantunc.com\/wp-content\/uploads\/2020\/07\/IMG_20200202_175745-scaled.jpg?resize=2048%2C1536&amp;ssl=1 2048w, https:\/\/i0.wp.com\/dogukantunc.com\/wp-content\/uploads\/2020\/07\/IMG_20200202_175745-scaled.jpg?w=2250&amp;ssl=1 2250w\" sizes=\"auto, (max-width: 750px) 100vw, 750px\" \/><p id=\"caption-attachment-536\" class=\"wp-caption-text\"><i>Yerel bira m\u0131&#8230; ALIRIM B\u0130 DAL<\/i><\/p><\/div>\n<p>Hollanda&#8217;dan, T\u00fcrkiye&#8217;den baya bir konu\u015ftuk, ibretlik analizler yaparak \u00fclkeleri kurtard\u0131k, pattiz k\u0131zartmas\u0131 yedik, \u00e7ok lezzetli biralar i\u00e7tik ve gezdik. (O zamanlar tabi hen\u00fcz vir\u00fcs ba\u015flamam\u0131\u015ft\u0131, rahat rahat geziyorduk).<\/p>\n<p>Maastricht k\u00fc\u00e7\u00fck bir yer olsa da her a\u00e7\u0131dan g\u00fczel ve g\u00f6r\u00fclmeye de\u011fer bir \u015fehirdi. Trenle 1-2 saat mesafede, gidilebilecek bu kadar g\u00fczel yerler olmas\u0131 \u00e7ok g\u00fczel.<\/p>\n<p><img data-recalc-dims=\"1\" loading=\"lazy\" decoding=\"async\" src=\"https:\/\/i0.wp.com\/dogukantunc.com\/wp-content\/uploads\/2020\/08\/IMG_20200202_142938-scaled.jpg?resize=750%2C563\" alt=\"\" width=\"750\" height=\"563\" class=\"aligncenter size-full wp-image-557\" srcset=\"https:\/\/i0.wp.com\/dogukantunc.com\/wp-content\/uploads\/2020\/08\/IMG_20200202_142938-scaled.jpg?w=2560&amp;ssl=1 2560w, https:\/\/i0.wp.com\/dogukantunc.com\/wp-content\/uploads\/2020\/08\/IMG_20200202_142938-scaled.jpg?resize=300%2C225&amp;ssl=1 300w, https:\/\/i0.wp.com\/dogukantunc.com\/wp-content\/uploads\/2020\/08\/IMG_20200202_142938-scaled.jpg?resize=1024%2C768&amp;ssl=1 1024w, https:\/\/i0.wp.com\/dogukantunc.com\/wp-content\/uploads\/2020\/08\/IMG_20200202_142938-scaled.jpg?resize=768%2C576&amp;ssl=1 768w, https:\/\/i0.wp.com\/dogukantunc.com\/wp-content\/uploads\/2020\/08\/IMG_20200202_142938-scaled.jpg?resize=1536%2C1152&amp;ssl=1 1536w, https:\/\/i0.wp.com\/dogukantunc.com\/wp-content\/uploads\/2020\/08\/IMG_20200202_142938-scaled.jpg?resize=2048%2C1536&amp;ssl=1 2048w, https:\/\/i0.wp.com\/dogukantunc.com\/wp-content\/uploads\/2020\/08\/IMG_20200202_142938-scaled.jpg?w=2250&amp;ssl=1 2250w\" sizes=\"auto, (max-width: 750px) 100vw, 750px\" \/><\/p>\n<p>Bi kere her \u015feyden \u00f6nce, Tren \u00e7ok g\u00fczel bir \u015fey. Trenle seyahat, iddia ediyorum ki u\u00e7aktan falan daha konforlu. Hem de karbon ayak izi u\u00e7a\u011f\u0131nkinin binde biri falan. Hatta Hollanda&#8217;daki trenler tamamen g\u00fcne\u015f\/r\u00fczgar enerjisiyle \u00e7al\u0131\u015ft\u0131\u011f\u0131 i\u00e7in <a href=\"https:\/\/www.ns.nl\/en\/about-ns\/sustainability\" target=\"_blank\" rel=\"noopener noreferrer\">CO2 sal\u0131n\u0131m\u0131 yapmad\u0131\u011f\u0131n\u0131 iddia ediyor<\/a>. Trenle seyahati ve buradaki tren a\u011f\u0131n\u0131 ger\u00e7ekten \u00e7ok seviyorum. Herhangi bir \u015fehire 20-30 dakikada bir kalkan tren bulup \u015fak diye atlay\u0131p gidebiliyorsunuz.<\/p>\n<p>G\u00fcnler b\u00f6ylece ge\u00e7ip giderken, \u00e7ok sevindirici bir haber ald\u0131k, Ekin ve \u00d6zge&#8217;nin belgeleri tamamlanm\u0131\u015ft\u0131. U\u00e7ak biletleri al\u0131nd\u0131, kavu\u015fmaya az g\u00fcn kalm\u0131\u015ft\u0131.<\/p>\n<p>Bir yandan da ev bakmaya ba\u015flam\u0131\u015ft\u0131m bile. Zira buray\u0131 bilen insanlarla konu\u015ftu\u011fumda, ev piyasas\u0131n\u0131n ne kadar dar oldu\u011funu, talebin y\u00fcksek arz\u0131n az oldu\u011funu, ev bulman\u0131n imkans\u0131z oldu\u011funu duymad\u0131\u011f\u0131m bir g\u00fcn ge\u00e7memi\u015fti gelmeden \u00f6nceki aylarda da geldikten sonra da. O y\u00fczden aramaya taramaya yine erkenden, bizimkiler daha gelmeden ba\u015flad\u0131m ve ev g\u00f6rme randevular\u0131 talep etmeye ba\u015flad\u0131m.<\/p>\n<p>\u0130lk evi g\u00f6rmek i\u00e7in bir tane emlak\u00e7\u0131yla epey papaz oldum. Eindhoven&#8217;a geleli ilk defa birisine atar gider yapt\u0131\u011f\u0131m and\u0131. Bir tane ev be\u011fendik (\u00d6zge de Ankara&#8217;dan bana Pararius&#8217;tan buldu\u011fu be\u011fendi\u011fi evlerin linklerini at\u0131yordu), i\u00e7ini gezmek i\u00e7in randevu ald\u0131m, Rots Vast adl\u0131 firmadan Koen ad\u0131nda bir emlak\u00e7\u0131 herif geldi, ama gelirken yanl\u0131\u015f anahtar\u0131 alm\u0131\u015f kap\u0131lar\u0131n hi\u00e7birini a\u00e7amad\u0131. Ee, efendim evi g\u00f6steremiyorum ama muhiti g\u00f6stereyim dedi. E iyi napal\u0131m olur b\u00f6yle \u015feyler dedik. \u0130kinci sefer tekrar ayn\u0131 g\u00f6rmek i\u00e7in randevu ald\u0131m, i\u015ften izin al\u0131p evi g\u00f6rmeye gitmi\u015fim ama b\u00f6yle bir ya\u011fmur f\u0131rt\u0131na yok, ka\u00e7acak yer de yok. \u0130\u015fin ilgin\u00e7 k\u0131sm\u0131, bu kadar \u00e7ok ya\u011fmur f\u0131rt\u0131na olan memlekette ya\u011fmurdan korunacak bir \u00e7at\u0131 \u00e7\u0131k\u0131nt\u0131s\u0131, bir a\u011fa\u00e7 ne bileyim bir d\u00fckkan tentesi bulamam\u0131\u015f olmam. Zavall\u0131 gibi iki binan\u0131n aras\u0131na giriyordum bari az \u0131slanay\u0131m diye. Ama neticede baya feci \u0131sland\u0131m ve \u00fc\u015f\u00fcd\u00fcm herifi beklerken.<\/p>\n<p>20 dakika kadar bu ya\u011fmurda bekledikten sonra son dakikada adam randevuya gelemeyece\u011fini bildiren bir mail at\u0131nca haliyle benim \u015falter art\u0131k att\u0131, aram\u0131\u015f diyor ki re-schedule edelim. Dedim risikec\u0131l misikec\u0131l yok, ben tutmuyorum karde\u015fim bu evi, ba\u015fka ev buldum onu tutacam. Durumu da Pararius&#8217;a bildirdim. \u0130ki g\u00fcn sonra mail geldi, geri bildiriminiz i\u00e7in te\u015fekk\u00fcr ederiz, sizden \u00f6z\u00fcr dileriz, bu ki\u015fiyi daha dikkatli olmas\u0131 i\u00e7in uyard\u0131k diye. Hay\u0131r yani bi de dakiklik konusunda o kadar me\u015fhur bir milletsiniz, hi\u00e7 yak\u0131\u015ft\u0131 m\u0131. Bana \u015furada da emekli albayl\u0131k yapt\u0131r\u0131yorsun Koen karde\u015fim.<\/p>\n<p>Bu esnada ben de \u015fans eseri sahipleri taraf\u0131ndan yeni bo\u015falt\u0131lm\u0131\u015f olan g\u00fczel bir ev bulmu\u015ftum. Normalde evi tutmak i\u00e7in \u00d6zge&#8217;yi de bekleyecektim -o da g\u00f6rmek istiyordu do\u011fal olarak- ama bakt\u0131m ki ev ger\u00e7ekten tam bize g\u00f6re, temiz, yap\u0131l\u0131, geni\u015f, muhit g\u00fczel, yak\u0131nda okulu kre\u015fi marketi vesairesi de var ve kiras\u0131 da abart\u0131 de\u011fil, ka\u00e7\u0131rmamak i\u00e7in \u00d6zge&#8217;ye de virtual bir tur yapt\u0131rd\u0131ktan ve onay\u0131n\u0131 ald\u0131ktan sonra bu eve kapora \u00f6demeye karar verdik. Yani yine \u015fans ya da &#8220;gut feeling&#8221; diyelim ama i\u00e7ini g\u00f6rmeyi ba\u015fard\u0131\u011f\u0131m\u0131z ilk evi de tutmu\u015f olduk.<\/p>\n<div id=\"attachment_660\" style=\"width: 1208px\" class=\"wp-caption aligncenter\"><img data-recalc-dims=\"1\" loading=\"lazy\" decoding=\"async\" aria-describedby=\"caption-attachment-660\" src=\"https:\/\/i0.wp.com\/dogukantunc.com\/wp-content\/uploads\/2020\/08\/IMG_20200207_154257.jpg?resize=750%2C556\" alt=\"\" width=\"750\" height=\"556\" class=\"wp-image-660 size-full\" srcset=\"https:\/\/i0.wp.com\/dogukantunc.com\/wp-content\/uploads\/2020\/08\/IMG_20200207_154257.jpg?w=1198&amp;ssl=1 1198w, https:\/\/i0.wp.com\/dogukantunc.com\/wp-content\/uploads\/2020\/08\/IMG_20200207_154257.jpg?resize=300%2C222&amp;ssl=1 300w, https:\/\/i0.wp.com\/dogukantunc.com\/wp-content\/uploads\/2020\/08\/IMG_20200207_154257.jpg?resize=1024%2C759&amp;ssl=1 1024w, https:\/\/i0.wp.com\/dogukantunc.com\/wp-content\/uploads\/2020\/08\/IMG_20200207_154257.jpg?resize=768%2C569&amp;ssl=1 768w\" sizes=\"auto, (max-width: 750px) 100vw, 750px\" \/><p id=\"caption-attachment-660\" class=\"wp-caption-text\"><em>Evimiz soldan \u00fc\u00e7\u00fcnc\u00fc kap\u0131.<\/em><\/p><\/div>\n<p>Kiras\u0131 piyasa ortalamas\u0131n\u0131n 100-200 euro \u00fczerinde olsa da ihtiya\u00e7lar\u0131m\u0131z\u0131n hepsine muntazam \u015fekilde cevap verdi\u011fi i\u00e7in hi\u00e7 kafam\u0131z\u0131 patlat\u0131p onlarca ev gezmeye devam etmedik. Aylar sonra dah\u00ee hala bu evden ve muhitten son derece memnunuz ve takti\u011fimizin do\u011fru oldu\u011funu d\u00fc\u015f\u00fcn\u00fcyorum.<\/p>\n<p>\u00d6zetinde Pararius web sayfas\u0131 ve Stoit Groep emlak firmas\u0131 bizim evimizi buldu\u011fumuz yer oldu, sa\u011f olsunlar. E\u015fyas\u0131z bir ev oldu\u011fu i\u00e7in ve T\u00fcrkiye&#8217;deki hacim ve a\u011f\u0131rl\u0131k olarak fazlaca yer tutacak mobilyalar\u0131m\u0131z\u0131n b\u00fcy\u00fck k\u0131sm\u0131n\u0131 buraya ta\u015f\u0131mak ve fahi\u015f nakliye \u00fccretlerini \u00f6demektense arkada\u015fa e\u015fe dosta satt\u0131\u011f\u0131m\u0131z i\u00e7in, \u00d6zge geldikten sonra bizi dopdolu bir IKEA ziyareti ve yerle\u015fme s\u00fcreci bekliyordu.<\/p>\n<h3>Part 2 &#8211; Reunion<\/h3>\n<p>Sonunda zor ge\u00e7en 1.5 aydan sonra birbirimize kavu\u015faca\u011f\u0131m\u0131z 22 \u015eubat 2020 g\u00fcn\u00fc geldi. Tam 40 g\u00fcn olmu\u015ftu bebelerim yan\u0131mda olmadan. Ama nihayet yuvaya d\u00f6n\u00fcyorlard\u0131.<\/p>\n<div id=\"attachment_558\" style=\"width: 420px\" class=\"wp-caption aligncenter\"><img data-recalc-dims=\"1\" loading=\"lazy\" decoding=\"async\" aria-describedby=\"caption-attachment-558\" src=\"https:\/\/i0.wp.com\/dogukantunc.com\/wp-content\/uploads\/2020\/08\/Screenshot_2020-02-22-09-01-58-035_com.flightradar24free.jpg?resize=410%2C888\" alt=\"\" width=\"410\" height=\"888\" class=\"wp-image-558 size-full\" srcset=\"https:\/\/i0.wp.com\/dogukantunc.com\/wp-content\/uploads\/2020\/08\/Screenshot_2020-02-22-09-01-58-035_com.flightradar24free.jpg?w=410&amp;ssl=1 410w, https:\/\/i0.wp.com\/dogukantunc.com\/wp-content\/uploads\/2020\/08\/Screenshot_2020-02-22-09-01-58-035_com.flightradar24free.jpg?resize=139%2C300&amp;ssl=1 139w\" sizes=\"auto, (max-width: 410px) 100vw, 410px\" \/><p id=\"caption-attachment-558\" class=\"wp-caption-text\"><em>Canl\u0131 takip<\/em><\/p><\/div>\n<p>1 saat \u00f6nceden havaalan\u0131na gittim. Sa\u011f salim yan\u0131ma gelmeleri i\u00e7in dakikalar\u0131 bile say\u0131yordum. Yere indikten sonra g\u00fcmr\u00fckten ve bagaj teslimden ge\u00e7meleri epey uzun s\u00fcrd\u00fc. Ama sonunda birbirimize kavu\u015ftuk.<\/p>\n<div id=\"attachment_559\" style=\"width: 1193px\" class=\"wp-caption aligncenter\"><img data-recalc-dims=\"1\" loading=\"lazy\" decoding=\"async\" aria-describedby=\"caption-attachment-559\" src=\"https:\/\/i0.wp.com\/dogukantunc.com\/wp-content\/uploads\/2020\/08\/IMG-20200222-WA0018.jpg?resize=750%2C563\" alt=\"\" width=\"750\" height=\"563\" class=\"size-full wp-image-559\" srcset=\"https:\/\/i0.wp.com\/dogukantunc.com\/wp-content\/uploads\/2020\/08\/IMG-20200222-WA0018.jpg?w=1183&amp;ssl=1 1183w, https:\/\/i0.wp.com\/dogukantunc.com\/wp-content\/uploads\/2020\/08\/IMG-20200222-WA0018.jpg?resize=300%2C225&amp;ssl=1 300w, https:\/\/i0.wp.com\/dogukantunc.com\/wp-content\/uploads\/2020\/08\/IMG-20200222-WA0018.jpg?resize=1024%2C769&amp;ssl=1 1024w, https:\/\/i0.wp.com\/dogukantunc.com\/wp-content\/uploads\/2020\/08\/IMG-20200222-WA0018.jpg?resize=768%2C576&amp;ssl=1 768w\" sizes=\"auto, (max-width: 750px) 100vw, 750px\" \/><p id=\"caption-attachment-559\" class=\"wp-caption-text\"><em>Geldi g\u00f6nl\u00fcm\u00fcn efendileri&#8230;<\/em><\/p><\/div>\n<p>Onlara uzun uzun sar\u0131ld\u0131m ve \u00f6pt\u00fcm. \u00d6zellikle de Ekin&#8217;i sanki 1 de\u011fil de 6 ayd\u0131r g\u00f6rmemi\u015f gibiydim, g\u00f6rmeyeli epey b\u00fcy\u00fcm\u00fc\u015f gibi geldi. Gelir gelmez b\u0131d\u0131r b\u0131d\u0131r kafam\u0131 al\u00e7\u0131lad\u0131, yol boyu g\u00f6rd\u00fcklerini ve u\u00e7a\u011fa bindi\u011fini bana heyecanl\u0131 heyecanl\u0131 aktard\u0131. Ama onun gevezeli\u011fini bile o kadar \u00f6zlemi\u015ftim ki \ud83d\ude00 Ona havaalan\u0131ndan minik bir ho\u015fgeldin hediyesi (k\u00fc\u00e7\u00fck bir KLM oyunca\u011f\u0131) almay\u0131 da ihmal etmedim.<\/p>\n<p>Sonra havaalan\u0131ndan Philips binas\u0131na gitmek \u00fczere, beraber otob\u00fcse bindik. \u0130lgin\u00e7 \u015fekilde o g\u00fcn de Hollanda&#8217;n\u0131n karnaval\u0131na (<em>the<\/em> karnaval yani, bi sebebi yok) denk gelmi\u015fti. Herkes ful renkli giyinmi\u015f, mor peruk, turuncu ayakkab\u0131 \u015fekilde palya\u00e7o gibi otob\u00fcse binmi\u015fti. Ekin baya \u015fa\u015fk\u0131n \u015fa\u015fk\u0131n bakt\u0131 otob\u00fcsten inene kadar. D\u00fc\u015f\u00fcnsene birka\u00e7 saat \u00f6nce Ankara&#8217;da normal tan\u0131d\u0131\u011f\u0131n bildi\u011fin insanlar\u0131n yan\u0131ndas\u0131n, bi anda bamba\u015fka bi yerde, palya\u00e7o k\u0131l\u0131kl\u0131 anlamad\u0131\u011f\u0131n bir dilde h\u0131zl\u0131 h\u0131zl\u0131 konu\u015fan insanlarla dolu bi otob\u00fcstesin. \u00c7ocuk neye u\u011frad\u0131\u011f\u0131n\u0131 \u015fa\u015f\u0131rd\u0131. Nedense bu komik an\u0131n foto\u011fraf\u0131n\u0131 \u00e7ekmek akl\u0131ma gelmemi\u015f.<\/p>\n<p>Eve gidip e\u015fyalar\u0131 falan yerle\u015ftirip bizimkilerle k\u0131sa bir sohbetten sonra eve erzak almak i\u00e7in al\u0131\u015fveri\u015fe \u00e7\u0131kal\u0131m dedik. Hem de k\u0131zlara k\u00fc\u00e7\u00fck bir Strijp-S turu olur diye d\u00fc\u015f\u00fcnd\u00fcm. \u00d6zge Strijpsestraat&#8217;taki bu k\u00fc\u00e7\u00fck strip mall&#8217;u baya sevdi, i\u00e7inde Blokker, Hema, bir tane f\u0131r\u0131n, k\u0131rtasiye falan olan \u00e7ok \u015firin bir al\u0131\u015fveri\u015f merkezci\u011fi. Ben i\u015fteyken Ekin ile beraber y\u00fcr\u00fcyerek buraya gidip al\u0131\u015fveri\u015f\/gezme yap\u0131yorlard\u0131.<\/p>\n<p><img data-recalc-dims=\"1\" loading=\"lazy\" decoding=\"async\" src=\"https:\/\/i0.wp.com\/dogukantunc.com\/wp-content\/uploads\/2020\/08\/IMG_20200223_171154.jpg?resize=666%2C888\" alt=\"\" width=\"666\" height=\"888\" class=\"aligncenter size-full wp-image-610\" srcset=\"https:\/\/i0.wp.com\/dogukantunc.com\/wp-content\/uploads\/2020\/08\/IMG_20200223_171154.jpg?w=666&amp;ssl=1 666w, https:\/\/i0.wp.com\/dogukantunc.com\/wp-content\/uploads\/2020\/08\/IMG_20200223_171154.jpg?resize=225%2C300&amp;ssl=1 225w\" sizes=\"auto, (max-width: 666px) 100vw, 666px\" \/><\/p>\n<p>Ayn\u0131 zamanda evde s\u0131k\u0131ld\u0131k\u00e7a y\u00fcr\u00fcy\u00fc\u015fe \u00e7\u0131k\u0131yor, etraftaki \u00e7ocuk parklar\u0131n\u0131 ke\u015ffediyor, Koffiehuisje&#8217;a gidip kahve i\u00e7iyor, insanlar\u0131 g\u00f6zlemliyorduk. Bir zamanlar tek ba\u015f\u0131ma yapt\u0131\u011f\u0131m bu aktiviteleri \u015fimdi hep beraber yapmak olduk\u00e7a keyifliydi.<\/p>\n<p><img data-recalc-dims=\"1\" loading=\"lazy\" decoding=\"async\" src=\"https:\/\/i0.wp.com\/dogukantunc.com\/wp-content\/uploads\/2020\/08\/IMG_20200301_131648.jpg?resize=750%2C563\" alt=\"\" width=\"750\" height=\"563\" class=\"wp-image-622 size-full\" srcset=\"https:\/\/i0.wp.com\/dogukantunc.com\/wp-content\/uploads\/2020\/08\/IMG_20200301_131648.jpg?w=1249&amp;ssl=1 1249w, https:\/\/i0.wp.com\/dogukantunc.com\/wp-content\/uploads\/2020\/08\/IMG_20200301_131648.jpg?resize=300%2C225&amp;ssl=1 300w, https:\/\/i0.wp.com\/dogukantunc.com\/wp-content\/uploads\/2020\/08\/IMG_20200301_131648.jpg?resize=1024%2C768&amp;ssl=1 1024w, https:\/\/i0.wp.com\/dogukantunc.com\/wp-content\/uploads\/2020\/08\/IMG_20200301_131648.jpg?resize=768%2C576&amp;ssl=1 768w\" sizes=\"auto, (max-width: 750px) 100vw, 750px\" \/><\/p>\n<p>\u00d6zge de, telefondan foto\u011fraflar\u0131n\u0131 payla\u015f\u0131p durdu\u011fum bu yerleri gelip g\u00f6rd\u00fc\u011f\u00fc i\u00e7in \u00e7ok mutluydu. Eindhoven&#8217;\u0131n \u00e7ok \u00f6yle ah\u0131m \u015fah\u0131m bir mimarisi yoktu ama \u00d6zge buradaki evleri, evlerin bah\u00e7elerinin tasar\u0131m\u0131n\u0131, insanlar\u0131n ya\u015fad\u0131klar\u0131 alanlar\u0131 g\u00fczelle\u015ftirmek i\u00e7in s\u00fcrekli \u00e7abalamas\u0131na hayran kalm\u0131\u015ft\u0131. Biz de bir an \u00f6nce yeni evimize ta\u015f\u0131n\u0131p, eve ve bah\u00e7esine ayn\u0131 \u00f6zeni g\u00f6stermek hevesindeydik.<\/p>\n<p>K\u0131sa s\u00fcre sonra \u00d6zge&#8217;ye, arkas\u0131nda \u00e7ocuk koltu\u011fu ve \u00f6n\u00fcnde sepeti olan g\u00fczel bir Dutch Mom bisikleti ald\u0131k. Haftai\u00e7leri ben i\u015fe gitti\u011fimde bu ikisi v\u0131z\u0131r v\u0131z\u0131r Eindhoven&#8217;\u0131n alt\u0131n\u0131 \u00fcst\u00fcne getirmeye ba\u015flad\u0131lar. (Hala da getiriyorlar.)<\/p>\n<div id=\"attachment_560\" style=\"width: 1194px\" class=\"wp-caption aligncenter\"><img data-recalc-dims=\"1\" loading=\"lazy\" decoding=\"async\" aria-describedby=\"caption-attachment-560\" src=\"https:\/\/i0.wp.com\/dogukantunc.com\/wp-content\/uploads\/2020\/08\/IMG_20200301_112729.jpg?resize=750%2C563\" alt=\"\" width=\"750\" height=\"563\" class=\"wp-image-560 size-full\" srcset=\"https:\/\/i0.wp.com\/dogukantunc.com\/wp-content\/uploads\/2020\/08\/IMG_20200301_112729.jpg?w=1184&amp;ssl=1 1184w, https:\/\/i0.wp.com\/dogukantunc.com\/wp-content\/uploads\/2020\/08\/IMG_20200301_112729.jpg?resize=300%2C225&amp;ssl=1 300w, https:\/\/i0.wp.com\/dogukantunc.com\/wp-content\/uploads\/2020\/08\/IMG_20200301_112729.jpg?resize=1024%2C768&amp;ssl=1 1024w, https:\/\/i0.wp.com\/dogukantunc.com\/wp-content\/uploads\/2020\/08\/IMG_20200301_112729.jpg?resize=768%2C576&amp;ssl=1 768w\" sizes=\"auto, (max-width: 750px) 100vw, 750px\" \/><p id=\"caption-attachment-560\" class=\"wp-caption-text\"><em>\u00d6z hakiki Dutch Mom<\/em><\/p><\/div>\n<p>Haftasonlar\u0131 da iki bisikletlik bir konvoy halinde bol bol etraf\u0131 dola\u015ft\u0131k.<\/p>\n<p>Arabalar \u00e7ok \u00e7e\u015fitli ve ucuz olmas\u0131na ra\u011fmen, bu ilk aylarda araba almay\u0131 pek d\u00fc\u015f\u00fcnmedik, fazla ihtiya\u00e7 da duymad\u0131k. Bisiklet daha mant\u0131kl\u0131 bir yat\u0131r\u0131m gibi geldi. Araba laz\u0131m oldu\u011funda da Uber \u00e7a\u011f\u0131rarak hallettik. Uber ger\u00e7ekten s\u00fcper bir \u015feymi\u015f, h\u0131zl\u0131, etkili ve makul fiyatl\u0131 bir taksi alternatifi. \u0130stanbul&#8217;da neden taksicilerin Uber d\u00fc\u015fman\u0131 oldu\u011funu \u015fimdi anl\u0131yorum.<\/p>\n<p>Bu s\u0131rada da ta\u015f\u0131naca\u011f\u0131m\u0131z evin anahtar teslim tarihi yakla\u015fm\u0131\u015ft\u0131. Oturmakta oldu\u011fumuz ge\u00e7ici daireyi toparlamaya ve tahliye etmeye haz\u0131rlanmaya ba\u015flam\u0131\u015ft\u0131k. Normalde burada 5 aya kadar kalabiliyorduk fakat uygun bir ev buldu\u011fumuza g\u00f6re erken \u00e7\u0131kmaya karar vermi\u015ftik. \u0130ki eve birden kira \u00f6demek \u00e7ok mant\u0131kl\u0131 bir \u015fey de\u011fil do\u011fal olarak.<\/p>\n<p>Uber vas\u0131tas\u0131yla ta\u015f\u0131d\u0131\u011f\u0131m\u0131z 2 bavul e\u015fya d\u0131\u015f\u0131ndaki \u0131v\u0131r z\u0131v\u0131r\u0131 bisikletle birka\u00e7 sefer yaparak ta\u015f\u0131mam\u0131z gerekti. Ama bu, motorlu ara\u00e7la e\u015fya ta\u015f\u0131maya hem e\u011flenceli, hem de sa\u011fl\u0131kl\u0131 bir alternatifti. \u00d6zellikle ben, aradaki 5 kilometreyi 4-5 kez gidip geldim ve kondisyonum baya artt\u0131 bu sayede.<\/p>\n<p>Nedense, bisikletle e\u015fya ta\u015f\u0131mak acayip tatmin edici bir \u015fey. \u00d6zellikle b\u00fcy\u00fck e\u015fyalar\u0131 ta\u015f\u0131mak. Mesela bir tane IKEA sehpay\u0131 \u00fc\u00e7e b\u00f6l\u00fcp bisikletin yan\u0131na y\u00f6resine sabitleyip pedal g\u00fcc\u00fcyle 5 km \u00f6teye ta\u015f\u0131mak acayip keyif vermi\u015fti bana. Neden bilmiyorum.<\/p>\n<p>G\u00f6r\u00fcn\u00fc\u015fe bak\u0131l\u0131rsa, Hollanda&#8217;da ev kiralad\u0131\u011f\u0131n\u0131z zaman, eve hem girerken hem de \u00e7\u0131karken, s\u00f6z konusu ev epey titiz bir de\u011ferlendirme ve itinal\u0131 bir incelemeden ge\u00e7iyor. Evi kiralarken hangi halde teslim ald\u0131ysan\u0131z, \u00e7\u0131karken de tam\u0131 tam\u0131na ayn\u0131 halde teslim etmenizi bekliyorlar. \u00d6rne\u011fin yeni (long-term) evimizi tutarken evin her yerinin foto\u011fraflar\u0131n\u0131 \u00e7ekip, duvardaki bir \u00e7ivi deli\u011fine kadar her \u015feyi not edip, detayl\u0131 bir raporla bize ve ev sahibine verdiler. Bu, hem sizi hem ev sahibini korumak i\u00e7in iyi bir y\u00f6ntem.<\/p>\n<p>Ama Philips&#8217;te tahliye \u00f6ncesi bir guideline ve checklist vermi\u015fler ki, akla zarar. 8 sayfa, ve yazan \u015feyler biraz s\u00fcrreal. &#8220;E\u011fer perdeler rengi de\u011fi\u015fecek kadar kirlendiyse nazik\u00e7e s\u00f6k\u00fcl\u00fcr, \u00e7ama\u015f\u0131r makinesinde y\u0131kan\u0131r, \u00fct\u00fclenir ve ayn\u0131 \u015fekilde yerine as\u0131l\u0131r&#8221; falan yaz\u0131yor (perde dedi\u011fi 4 metreye 8 metrelik kal\u0131n kadife). Yani \u00fczg\u00fcn\u00fcm ama bi taraf\u0131m\u0131zla g\u00fcld\u00fck bu taleplere. Oldu olacak yeniden perde dikeyim. Kendi kendimize dedik ki iyi ki 3 ay kalm\u0131\u015f\u0131z yoksa bunlar bize evi ba\u015ftan yapt\u0131racakt\u0131. T\u00f6vbe ya.<\/p>\n<p>Her neyse, bu realistik olmayan checklist&#8217;i, \u00f6dedi\u011fimiz depozitoya \u00e7\u00f6reklenme stratejisi gibi yorumlasak de elimizden geldi\u011fince yazan kurallara uymaya ve evi ilk teslim ald\u0131\u011f\u0131m\u0131z gibi b\u0131rakmaya \u00e7al\u0131\u015ft\u0131k.<\/p>\n<p>Ama sonradan d\u00fc\u015f\u00fcn\u00fcnce, envai \u00e7e\u015fit insan\u0131n girip \u00e7\u0131kaca\u011f\u0131 bir dairede, bu kurallar\u0131 koymazlarsa oran\u0131n 2 y\u0131l i\u00e7inde ah\u0131ra d\u00f6nece\u011fini idrak ettik. Yine de y\u00f6netim ile aram\u0131zda bir miktar s\u00fcrt\u00fc\u015fme oldu evi teslim ederken, \u00e7\u00fcnk\u00fc 3 ay bile kalmad\u0131\u011f\u0131m\u0131z bir ev i\u00e7in 1000 Euro&#8217;luk depozitonun 200 Euro&#8217;suna el koyacaklar\u0131n\u0131 yazm\u0131\u015flard\u0131. Baz\u0131 e\u015fyalar\u0131 as\u0131ls\u0131z \u015fekilde &#8220;kay\u0131p&#8221; ya da &#8220;kullan\u0131lmaz&#8221; olarak yazm\u0131\u015flar, yerlerin kirli oldu\u011funu yazm\u0131\u015flar falan (ki alakas\u0131 yok, yerleri OCD seviyesinde temiz b\u0131rakm\u0131\u015ft\u0131k). Birka\u00e7 iti\u015fme \u00e7eki\u015fme ve itiraz neticesinde (bir de ilk geldi\u011fimde evi teslim ald\u0131\u011f\u0131m ko\u015fullardan, toz ve kirden bahsedince, bundan haberleri yokmu\u015f) ilk ba\u015fta 200 Euro olarak belirttikleri depozito kesintisini 65&#8217;e d\u00fc\u015f\u00fcrtmeyi ba\u015fard\u0131k. Ellerimiz 3 g\u00fcn \u00e7ama\u015f\u0131r suyu kokmam\u0131\u015f olsa ve evi ald\u0131\u011f\u0131m\u0131z gibi b\u0131rakmak i\u00e7in b\u00fcy\u00fck bir \u00e7aba sarf etmemi\u015f olsak, 200 euro&#8217;yu b\u0131rakmak \u00e7ok batmazd\u0131 ama, tertemiz b\u0131rakt\u0131\u011f\u0131m bir ev i\u00e7in bu talebi kabul edemezdim. Nitekim s\u00f6ylediklerimiz de mant\u0131kl\u0131 gelmi\u015f olacak ki talebimizi kabul ettiler. Ama buna benzer \u015feyleri buradaki di\u011fer arkada\u015flar\u0131mdan da duydum. Ev dedi\u011fin \u015fey az ve k\u0131ymetli oldu\u011fu i\u00e7in, ve hizmet (temizlik, tamirat) pahal\u0131 oldu\u011fu bu i\u015f biraz b\u00f6yle san\u0131r\u0131m.<\/p>\n<p>Bu olaylar olurken paralelde Coronavirus, d\u00fcnyaya yay\u0131lmaya ba\u015flam\u0131\u015ft\u0131. Olaylar\u0131n ciddile\u015fmeye ba\u015flamas\u0131 an meselesi gibi duruyordu. ASML bile ofisleri kapatmaktan falan s\u00f6z ediyordu ki bu anlad\u0131\u011f\u0131m kadar\u0131yla ciddi bir \u015fey anlam\u0131na geliyordu. Uzakdo\u011fu \u00fclkelerinde zaten olay \u00e7\u0131\u011f\u0131rdan \u00e7\u0131km\u0131\u015ft\u0131 ve can pazar\u0131 ya\u015fand\u0131\u011f\u0131na dair haberler okuyorduk. Derken Avrupa&#8217;n\u0131n baz\u0131 \u00fclkelerinden (\u0130talya, Almanya, \u0130spanya) ve \u0130ngiltere&#8217;den vir\u00fcsle ilgili k\u00f6t\u00fc haberler gelmeye ba\u015flad\u0131. Hollanda da kuzey \u0130talya&#8217;ya gidip gelenler nedeniyle vir\u00fcsten nasibini almaya ba\u015flam\u0131\u015f, Tilburg \u00e7evresinden ba\u015flayarak vaka say\u0131lar\u0131 patlamaya ba\u015flam\u0131\u015ft\u0131. Neler olaca\u011f\u0131n\u0131 beklerken ve sa\u011fl\u0131\u011f\u0131m\u0131z i\u00e7in zaten yeterince endi\u015feliyken bir yandan da uluslararas\u0131 nakliye firmas\u0131nda halen ta\u015f\u0131ma durumundaki e\u015fyalar\u0131m\u0131z\u0131 d\u00fc\u015f\u00fcn\u00fcyor, eve yerle\u015fme s\u00fcrecinin nas\u0131l etkilenece\u011fini hesaplamaya \u00e7al\u0131\u015f\u0131yor ve u\u00e7u\u015flar kapanaca\u011f\u0131 i\u00e7in \u00fcz\u00fcl\u00fcyorduk. Sonra s\u00fcratle IKEA&#8217;dan mobilyalar\u0131m\u0131z\u0131 sipari\u015f ettik, alaca\u011f\u0131m\u0131z beyaz e\u015fya montaj\u0131, temizlik hizmeti vs. gibi \u015feyleri muhtemel bir karantina ba\u015flamadan aradan \u00e7\u0131karmaya \u00e7al\u0131\u015f\u0131yorduk.<\/p>\n<div id=\"attachment_637\" style=\"width: 1194px\" class=\"wp-caption aligncenter\"><img data-recalc-dims=\"1\" loading=\"lazy\" decoding=\"async\" aria-describedby=\"caption-attachment-637\" src=\"https:\/\/i0.wp.com\/dogukantunc.com\/wp-content\/uploads\/2020\/08\/IMG_20200229_141634-1.jpg?resize=750%2C563\" alt=\"\" width=\"750\" height=\"563\" class=\"wp-image-637 size-full\" srcset=\"https:\/\/i0.wp.com\/dogukantunc.com\/wp-content\/uploads\/2020\/08\/IMG_20200229_141634-1.jpg?w=1184&amp;ssl=1 1184w, https:\/\/i0.wp.com\/dogukantunc.com\/wp-content\/uploads\/2020\/08\/IMG_20200229_141634-1.jpg?resize=300%2C225&amp;ssl=1 300w, https:\/\/i0.wp.com\/dogukantunc.com\/wp-content\/uploads\/2020\/08\/IMG_20200229_141634-1.jpg?resize=1024%2C768&amp;ssl=1 1024w, https:\/\/i0.wp.com\/dogukantunc.com\/wp-content\/uploads\/2020\/08\/IMG_20200229_141634-1.jpg?resize=768%2C576&amp;ssl=1 768w\" sizes=\"auto, (max-width: 750px) 100vw, 750px\" \/><p id=\"caption-attachment-637\" class=\"wp-caption-text\"><em>IKEA&#8217;da da uyumad\u0131m demezsin.<\/em><\/p><\/div>\n<p>Nitekim elimizi \u00e7abuk tuttu\u011fumuz iyi olmu\u015f, \u00e7\u00fcnk\u00fc Bafa Nakliyat&#8217;tan e\u015fyalar\u0131m\u0131z\u0131n teslim edildi\u011fi, IKEA&#8217;dan mobilyalar\u0131m\u0131z\u0131n getirildi\u011fi ve eve art\u0131k kal\u0131c\u0131 olarak ta\u015f\u0131nd\u0131\u011f\u0131m\u0131z haftasonundan hemen sonraki Pazartesi,&nbsp; karantinaya benzeyen baz\u0131 \u00f6nlemler a\u00e7\u0131kland\u0131, ve herkese sa\u011fl\u0131k bakanl\u0131\u011f\u0131 taraf\u0131ndan evden \u00e7al\u0131\u015fmas\u0131 emredildi. Do\u011fal olarak ASML de bu emre uymak durumunda kald\u0131 ve t\u00fcm ofisleri ikinci bir emre kadar kapatt\u0131.<\/p>\n<p><img data-recalc-dims=\"1\" loading=\"lazy\" decoding=\"async\" src=\"https:\/\/i0.wp.com\/dogukantunc.com\/wp-content\/uploads\/2020\/08\/IKEA.jpg?resize=750%2C344\" alt=\"\" width=\"750\" height=\"344\" class=\"aligncenter size-full wp-image-623\" srcset=\"https:\/\/i0.wp.com\/dogukantunc.com\/wp-content\/uploads\/2020\/08\/IKEA.jpg?w=1934&amp;ssl=1 1934w, https:\/\/i0.wp.com\/dogukantunc.com\/wp-content\/uploads\/2020\/08\/IKEA.jpg?resize=300%2C137&amp;ssl=1 300w, https:\/\/i0.wp.com\/dogukantunc.com\/wp-content\/uploads\/2020\/08\/IKEA.jpg?resize=1024%2C469&amp;ssl=1 1024w, https:\/\/i0.wp.com\/dogukantunc.com\/wp-content\/uploads\/2020\/08\/IKEA.jpg?resize=768%2C352&amp;ssl=1 768w, https:\/\/i0.wp.com\/dogukantunc.com\/wp-content\/uploads\/2020\/08\/IKEA.jpg?resize=1536%2C704&amp;ssl=1 1536w\" sizes=\"auto, (max-width: 750px) 100vw, 750px\" \/><\/p>\n<p>ASML karantinay\u0131 \u00f6nceden sezip bizi \u00f6nceden uyard\u0131\u011f\u0131 i\u00e7in i\u015f laptopum, \u00e7al\u0131\u015fma materyalim falan da zaten evde, haz\u0131rd\u0131. Evden \u00e7al\u0131\u015fabildi\u011fim i\u00e7in d\u0131\u015far\u0131 hi\u00e7 \u00e7\u0131kmama gerek kalmam\u0131\u015ft\u0131.<\/p>\n<p>A\u00e7\u0131k\u00e7as\u0131 e\u011fer \u00f6nlemler bir ya da iki hafta \u00f6nce a\u00e7\u0131klansayd\u0131, s\u0131k\u0131nt\u0131 ya\u015fayabilirdik. E\u015fyalar\u0131m\u0131z g\u00fcmr\u00fckte tak\u0131labilirdi, mobilyalar\u0131m\u0131z\u0131n teslimat\u0131 gecikebilirdi ve bo\u015f evin i\u00e7inde kalabilirdik. Yine \u015fans\u0131m\u0131z m\u0131 yaver gitti, \u00f6nsezilerimiz sayesinde mi ucuz atlatt\u0131k bilmiyorum. Belki ikisi de.<\/p>\n<p>Yani mevcut durumda bu eve kapanma mevzu her ne kadar k\u00f6t\u00fc bir durum olsa da o an i\u00e7in bizim i\u015fimize yarayan bir \u015fey oldu desem yanl\u0131\u015f olmaz. \u00c7\u00fcnk\u00fc eve kapand\u0131\u011f\u0131m\u0131z d\u00f6nem asl\u0131nda zaten evde \u00e7ok miktarda i\u015fimiz oldu\u011fu bir d\u00f6nemdi.<\/p>\n<p>Ama \u00f6yle b\u00f6yle bir i\u015f de\u011fil. Baya k\u00fcrek k\u00fcrek i\u015fimiz oldu\u011fu bir d\u00f6nem&#8230;<\/p>\n<h3>Part 3 &#8211; Ta\u015f\u0131nma, Koronavir\u00fcs G\u00fcnleri ve Hanevoet \u00c7evresini Ke\u015fif<\/h3>\n<p>Yeni evimize ta\u015f\u0131nal\u0131 ve bu allah\u0131n cezas\u0131 v\u00fcr\u00fcz\u00fcn art\u0131k hayat\u0131m\u0131z\u0131n bir ger\u00e7e\u011fi oldu\u011funu kabullenmeye ba\u015flayal\u0131 daha birka\u00e7 g\u00fcn olmu\u015ftu. Hala baz\u0131 sabahlar uyand\u0131\u011f\u0131mda bunun k\u00f6t\u00fc bir r\u00fcya oldu\u011funu zannediyordum. Ama maalesef de\u011fildi. B\u00fct\u00fcn d\u00fcnyay\u0131 e\u011fip b\u00fcken bir pandemi dalgas\u0131yd\u0131 bu, \u015fakas\u0131 yoktu. Biz ise \u015fimdilik g\u00fcvendeydik, Hollanda di\u011fer Avrupa \u00fclkelerine g\u00f6re yine biraz daha iyi durumdayd\u0131, h\u00fck\u00fcmet do\u011fru d\u00fczg\u00fcn \u00f6nlemler ald\u0131, Herd Immunity falan gibi kafalara girmemi\u015fti. Sa\u011fl\u0131k sigortalar\u0131m\u0131z\u0131, GP atamalar\u0131m\u0131z\u0131 falan bir an \u00f6nce yapt\u0131m, bir \u015fey olursa s\u0131k\u0131nt\u0131 olmadan sa\u011fl\u0131k hizmeti alabilelim diye.<\/p>\n<p>Bir yandan T\u00fcrkiye&#8217;den gelen kolilerimiz a\u00e7\u0131lmay\u0131 bekliyor, bir yandan yatak, yemek masas\u0131, \u00e7al\u0131\u015fma masas\u0131 gibi evin ya\u015fanabilir olmas\u0131 i\u00e7in azami \u00f6ncelikli mobilyalar\u0131 h\u0131zl\u0131ca kurmam gerekiyor, bir yandan g\u00fcnd\u00fczleri evden \u00e7al\u0131\u015fmam gerekiyor, bir yandan da Ekin&#8217;i e\u011flememiz gerekiyordu. Bir an \u00f6nce her \u015fey yerini bulsun, temiz ve g\u00fczel olsun istiyorduk ama Ekin s\u00fcrekli eteklerimize yap\u0131\u015f\u0131kken bunun zaman alaca\u011f\u0131 belliydi.<\/p>\n<p>G\u00fcnde 8-9 IKEA mod\u00fcl\u00fc kurmaktan, sa\u011f\u0131 solu temizlemekten, i\u015fe kafa yormaktan kilo vermi\u015ftim.<\/p>\n<div id=\"attachment_562\" style=\"width: 713px\" class=\"wp-caption alignnone\"><img data-recalc-dims=\"1\" loading=\"lazy\" decoding=\"async\" aria-describedby=\"caption-attachment-562\" src=\"https:\/\/i0.wp.com\/dogukantunc.com\/wp-content\/uploads\/2020\/08\/IMG_20200320_210629.jpg?resize=703%2C937\" alt=\"\" width=\"703\" height=\"937\" class=\"wp-image-562 size-full\" srcset=\"https:\/\/i0.wp.com\/dogukantunc.com\/wp-content\/uploads\/2020\/08\/IMG_20200320_210629.jpg?w=703&amp;ssl=1 703w, https:\/\/i0.wp.com\/dogukantunc.com\/wp-content\/uploads\/2020\/08\/IMG_20200320_210629.jpg?resize=225%2C300&amp;ssl=1 225w\" sizes=\"auto, (max-width: 703px) 100vw, 703px\" \/><p id=\"caption-attachment-562\" class=\"wp-caption-text\"><em>Kafadaki son kalan sa\u00e7lar da IKEA sayesinde gitti<\/em><\/p><\/div>\n<p>Kurdu\u011fum \u015feyler de \u00f6yle kahve sehpas\u0131 falan de\u011fil ha, Malm\u00f6, Friheten falan gibi challenge rating&#8217;i y\u00fcksek \u00fcr\u00fcnler. Belim s\u0131rt\u0131m 3 hafta kendine gelemedi zaten. Bir de kurulumun ortas\u0131nda \u015farjl\u0131 tornavidam bozuldu mu&#8230; Praxis&#8217;e gidemedi\u011fim i\u00e7in yenisini de alamad\u0131m. Epey bir s\u00fcre manuel tornavida ile yapmak zorunda kald\u0131m bu kurulumlar\u0131. Ger\u00e7ekten ac\u0131lar\u0131n en b\u00fcy\u00fc\u011f\u00fcym\u00fc\u015f d\u00fcz tornavida ile mobilya kurmak.<\/p>\n<p>Bir de bu kadar \u00e7ok mobilya kurarken, koli a\u00e7arken bizi bekleyen ba\u015fka bir challenge&#8217;dan habersizdik: o kadar fazla miktarda karton \u00e7\u00f6p\u00fcnden kurtulmak.<\/p>\n<p>Hollanda&#8217;da \u00e7\u00f6p anlay\u0131\u015f\u0131, T\u00fcrkiye&#8217;deki \u00e7\u00f6p anlay\u0131\u015f\u0131 gibi <em>kesinlikle<\/em> de\u011fil. Ba\u015fl\u0131 ba\u015f\u0131na bir g\u00f6rev ve sorumluluk burada \u00e7\u00f6p. \u00d6yle \u015fakkadanak konteynere at\u0131p gidebildi\u011finiz bir \u015fey de\u011fil.<\/p>\n<p>\u00c7\u00f6p tiplerine g\u00f6re toplama g\u00fcnleri var, belediyesine g\u00f6re de toplama s\u0131kl\u0131\u011f\u0131 falan da de\u011fi\u015fiyor. Bir hafta organik \u00e7\u00f6p topluyorsa, \u00f6b\u00fcr hafta ka\u011f\u0131t \u00e7\u00f6p\u00fc, beriki hafta geri kalan (geri d\u00f6n\u00fc\u015ft\u00fcr\u00fclemeyen) \u00e7\u00f6p, vs.<\/p>\n<p>E dedik biz bunu nas\u0131l ataca\u011f\u0131z, \u00d6zge arad\u0131 adamlara sordu telefonda falan. \u0130lk ba\u015fta bu son derece s\u00fcrreal geldi. \u00c7\u00f6p dedi\u011fin \u00e7\u00f6p yani atars\u0131n, elbet birileri al\u0131r gibi d\u00fc\u015f\u00fcn\u00fcyorduk. Ama mesela telefonda bize dediler ki, ka\u011f\u0131t \u00e7\u00f6p\u00fc toplanaca\u011f\u0131 zaman l\u00fctfen o kartonlar\u0131 g\u00fczelce kesip bundle haline getirin, \u00f6yle koyun. Lang\u0131r lungur oraya atarsan\u0131z toplayan arkada\u015flar almaz (\u00e7\u00f6p\u00fcn\u00fc toplamayarak seni cezaland\u0131r\u0131yor g\u00f6r\u00fcyo musun). Ben bi de b\u00fct\u00fcn kurulumlar ve koli a\u00e7\u0131l\u0131\u015flar\u0131 bitince yar\u0131m g\u00fcn maket b\u0131\u00e7a\u011f\u0131yla kolileri k\u00fc\u00e7\u00fclt\u00fcp ba\u011flay\u0131p balya haline getirmeyle u\u011fra\u015ft\u0131m efendim.<\/p>\n<p>Yine de t\u00fcm i\u015fleri s\u0131rayla teker teker hallediyorduk, \u00e7ok yorgun olmam\u0131za ra\u011fmen mutluyduk. Bir de kahve makinemiz geldi\u011fi i\u00e7in a\u015f\u0131r\u0131 keyfim yerindeydi. Hemen makineyi kurduk, Jumbo&#8217;dan Douwe Egberts kahve ald\u0131m denemek i\u00e7in (epey be\u011fendim) ve \u00f6zledi\u011fim kahve lezzetine kavu\u015ftum. Bu benim i\u00e7in b\u00fcy\u00fck bir moral kayna\u011f\u0131yd\u0131. \u00c7\u00fcnk\u00fc 3 ayd\u0131r Koffiehuisje d\u0131\u015f\u0131nda d\u00fczg\u00fcn kahve i\u00e7emiyordum. Philips binas\u0131ndaki dairede (tabi ki Philips marka) bir kahve makinesi vard\u0131 ama, yapt\u0131\u011f\u0131 kahve ger\u00e7ekten berbatt\u0131.<\/p>\n<p>Ayn\u0131 zamanda pandemi yeni oldu\u011fu i\u00e7in al\u0131\u015fveri\u015fe gitmek endi\u015fe veriyordu ama evin de bir s\u00fcr\u00fc irili ufakl\u0131 eksi\u011fi vard\u0131 ve mecburen s\u0131kl\u0131kla markete, h\u0131rdavat\u00e7\u0131ya ve daha ba\u015fka d\u00fckkanlara gitmemiz gerekiyordu. Burada \u00f6yle maskeydi, saatli\/haftasonu soka\u011fa \u00e7\u0131kma yasa\u011f\u0131yd\u0131 gibi \u015feyler hi\u00e7 olmad\u0131. O y\u00fczden \u00f6yle ya\u011fma tarz\u0131 g\u00f6r\u00fcnt\u00fcler g\u00f6rmedim pek fazla (sadece tuvalet ka\u011f\u0131d\u0131 ya\u011fmas\u0131 d\u0131\u015f\u0131nda&#8230; tuvalet ka\u011f\u0131d\u0131n\u0131n hikmetini \u00e7\u00f6zen olmad\u0131 hen\u00fcz)<\/p>\n<p>Onun yerine her yerde &#8220;1.5 metre sosyal mesafenizi koruyun&#8221; ve &#8220;s\u00fcpermarketlerde al\u0131\u015fveri\u015f arabas\u0131 zorunlulu\u011fu&#8221; \u015feklinde \u00f6nlemler oldu. Alaca\u011f\u0131m 3 par\u00e7a \u015fey i\u00e7in t\u00fcm Eindhoven&#8217;\u0131n elini s\u00fcrd\u00fc\u011f\u00fc market sepetlerinden almak hi\u00e7 istemiyordum ve bu kural\u0131n mant\u0131\u011f\u0131n\u0131 da anlam\u0131\u015f de\u011fildim ama kural kurald\u0131r. Bir de sonradan anlad\u0131k ki al\u0131\u015fveri\u015f sepeti, s\u0131rada beklerken, al\u0131\u015fveri\u015f yaparken vs. di\u011fer insanlarla aran\u0131za ister istemez 1.5 metre koyan bir unsurmu\u015f.<\/p>\n<p>Evden \u00e7al\u0131\u015fma kavram\u0131 da benim i\u00e7in \u00e7ok yeni bir kavram oldu\u011fu i\u00e7in buna da al\u0131\u015fmaya \u00e7al\u0131\u015f\u0131yordum. \u00d6zellikle \u00f6\u011frenme s\u00fcrecinde olan yeni \u00e7al\u0131\u015fanlar olarak bizi biraz zor bir durumda b\u0131rakm\u0131\u015ft\u0131. Daha deneyimli \u00e7al\u0131\u015fanlar\u0131n bire bir yard\u0131m\u0131na ihtiyac\u0131m\u0131z olan anlarda aciz kal\u0131yorduk. Daha sonradan bu \u00e7al\u0131\u015fma bi\u00e7imine herkes al\u0131\u015ft\u0131k\u00e7a bu sorunlar \u00e7\u00f6z\u00fcld\u00fc tabi. Microsoft Teams elimiz aya\u011f\u0131m\u0131z oldu, uzaklar\u0131 yak\u0131n etti.<\/p>\n<p>Ekin de olanlara fazla bir anlam veremiyordu, d\u0131\u015far\u0131 \u00e7\u0131kmak, parka gitmek istiyordu, \u00d6zge de o da daha havas\u0131na suyuna yeni yeni al\u0131\u015ft\u0131\u011f\u0131 Hollanda&#8217;y\u0131 ke\u015ffetmek istiyorlard\u0131. Ama maalesef art\u0131k tesad\u00fcf m\u00fc yine \u015fans m\u0131 bilmiyorum ama Hollanda&#8217;ya ta\u015f\u0131nma zaman\u0131m\u0131za denk gelmi\u015fti bu allah\u0131n cezas\u0131 vir\u00fcs.<\/p>\n<p>Ama yine de olaylara iyi taraf\u0131ndan bakacak olursak, her \u015feyden \u00f6nemlisi, ailem art\u0131k yan\u0131mdayd\u0131, sa\u011fl\u0131\u011f\u0131m\u0131z iyiydi, evimizi tutmu\u015ftuk, e\u015fyalar\u0131m\u0131z gelmi\u015fti, \u00e7al\u0131\u015fmaya devam ediyordum ve gerisi art\u0131k yava\u015f yava\u015f, birer birer hallolacakt\u0131. Olduk\u00e7a yak\u0131n (100 metre) olan s\u00fcpermarketten haftada 1-2 kere dikkatli bir \u015fekilde al\u0131\u015fveri\u015fimizi yapabiliyorduk, d\u0131\u015far\u0131 \u00e7\u0131kmak tam olarak yasak olmad\u0131\u011f\u0131 i\u00e7in yine \u00f6zg\u00fcrce y\u00fcr\u00fcy\u00fc\u015f ve bisiklet gezisi yapabiliyorduk. O s\u0131ralarda vir\u00fcs T\u00fcrkiye&#8217;ye hen\u00fcz gelmemi\u015fti ve ailelerimiz i\u00e7in de seviniyorduk.<\/p>\n<p>Mart 9&#8217;da tuttu\u011fumuz evimizi 1 aya yak\u0131n s\u00fcrede g\u00fczelce temizledik, d\u00fczenledik, bah\u00e7esini \u0131slah ettik. Havalar\u0131n da \u0131s\u0131nmas\u0131yla beraber bah\u00e7ede zaman ge\u00e7irme opsiyonu da ortaya \u00e7\u0131kt\u0131. Ekin&#8217;in enerjisini atmas\u0131 i\u00e7in bir tane trambolin, bisiklet, \u00e7e\u015fitli daha ba\u015fka z\u0131mb\u0131rt\u0131 sipari\u015f ettik.<\/p>\n<div id=\"attachment_563\" style=\"width: 1194px\" class=\"wp-caption aligncenter\"><img data-recalc-dims=\"1\" loading=\"lazy\" decoding=\"async\" aria-describedby=\"caption-attachment-563\" src=\"https:\/\/i0.wp.com\/dogukantunc.com\/wp-content\/uploads\/2020\/08\/IMG_20200421_164605.jpg?resize=750%2C563\" alt=\"\" width=\"750\" height=\"563\" class=\"wp-image-563 size-full\" srcset=\"https:\/\/i0.wp.com\/dogukantunc.com\/wp-content\/uploads\/2020\/08\/IMG_20200421_164605.jpg?w=1184&amp;ssl=1 1184w, https:\/\/i0.wp.com\/dogukantunc.com\/wp-content\/uploads\/2020\/08\/IMG_20200421_164605.jpg?resize=300%2C225&amp;ssl=1 300w, https:\/\/i0.wp.com\/dogukantunc.com\/wp-content\/uploads\/2020\/08\/IMG_20200421_164605.jpg?resize=1024%2C768&amp;ssl=1 1024w, https:\/\/i0.wp.com\/dogukantunc.com\/wp-content\/uploads\/2020\/08\/IMG_20200421_164605.jpg?resize=768%2C576&amp;ssl=1 768w\" sizes=\"auto, (max-width: 750px) 100vw, 750px\" \/><p id=\"caption-attachment-563\" class=\"wp-caption-text\"><em>Ekin&#8217;in oyuncaklar\u0131 temal\u0131 k\u00fc\u00e7\u00fck bah\u00e7emiz<\/em><\/p><\/div>\n<p><img data-recalc-dims=\"1\" loading=\"lazy\" decoding=\"async\" src=\"https:\/\/i0.wp.com\/dogukantunc.com\/wp-content\/uploads\/2020\/08\/VID_20200527_180044-ANIMATION.gif?resize=360%2C640\" alt=\"\" width=\"360\" height=\"640\" class=\"aligncenter size-full wp-image-581\"><\/p>\n<p>Bir de parkta oynamay\u0131 sevdi\u011fi i\u00e7in \u00e7evrede \u00e7ocuk park\u0131 ar\u0131yorduk her \u00e7\u0131kt\u0131\u011f\u0131m\u0131zda. Ama zaten aramaya gerek bile yok \u00e7\u00fcnk\u00fc 2 sokakta bir de\u011fi\u015fik bir \u00e7ocuk park\u0131na rastl\u0131yoruz. Bunca zaman sonra hala biraz farkl\u0131 bir b\u00f6lgeye do\u011fru y\u00fcr\u00fcy\u00fcnce hi\u00e7 ke\u015ffetmedi\u011fimiz bir \u00e7ocuk park\u0131na rast geliyoruz ve Ekin bu durumdan a\u015f\u0131r\u0131 derecede memnun. Ayn\u0131 zamanda park say\u0131s\u0131n\u0131n \u00e7oklu\u011fundan m\u0131d\u0131r yoksa insanlar \u00e7ocuklar\u0131n\u0131 parka g\u00f6t\u00fcrmekten \u00e7ekindiklerinden midir nedir (bu ikincisinden hayli \u015f\u00fcpheliyim), parklar son derece tenha. Bu da bizim i\u015fimize gelen bir durum \u00e7\u00fcnk\u00fc, ac\u0131 bir ger\u00e7ek ki etrafta ne kadar \u00e7ok insan olursa kayg\u0131m\u0131z o kadar art\u0131yor \u015fu d\u00f6nemde.<\/p>\n<div id=\"attachment_583\" style=\"width: 1194px\" class=\"wp-caption aligncenter\"><img data-recalc-dims=\"1\" loading=\"lazy\" decoding=\"async\" aria-describedby=\"caption-attachment-583\" src=\"https:\/\/i0.wp.com\/dogukantunc.com\/wp-content\/uploads\/2020\/08\/IMG_20200421_114230-2.jpg?resize=750%2C563\" alt=\"\" width=\"750\" height=\"563\" class=\"size-full wp-image-583\" srcset=\"https:\/\/i0.wp.com\/dogukantunc.com\/wp-content\/uploads\/2020\/08\/IMG_20200421_114230-2.jpg?w=1184&amp;ssl=1 1184w, https:\/\/i0.wp.com\/dogukantunc.com\/wp-content\/uploads\/2020\/08\/IMG_20200421_114230-2.jpg?resize=300%2C225&amp;ssl=1 300w, https:\/\/i0.wp.com\/dogukantunc.com\/wp-content\/uploads\/2020\/08\/IMG_20200421_114230-2.jpg?resize=1024%2C768&amp;ssl=1 1024w, https:\/\/i0.wp.com\/dogukantunc.com\/wp-content\/uploads\/2020\/08\/IMG_20200421_114230-2.jpg?resize=768%2C576&amp;ssl=1 768w\" sizes=\"auto, (max-width: 750px) 100vw, 750px\" \/><p id=\"caption-attachment-583\" class=\"wp-caption-text\"><em>&#8220;Anne, bug\u00fcn yeni bir park ke\u015ffetmeye ne dersin?&#8221;<\/em><\/p><\/div>\n<p>Bir de enteresand\u0131r ki her park birbirinden alabildi\u011fine farkl\u0131 ve orijinal oyuncaklarla bezeli. Yani benim bile oturup oynad\u0131\u011f\u0131m de\u011fi\u015fik atraksyonlar koymu\u015flar.<\/p>\n<div id=\"attachment_570\" style=\"width: 1194px\" class=\"wp-caption alignnone\"><img data-recalc-dims=\"1\" loading=\"lazy\" decoding=\"async\" aria-describedby=\"caption-attachment-570\" src=\"https:\/\/i0.wp.com\/dogukantunc.com\/wp-content\/uploads\/2020\/08\/IMG_20200421_114252.jpg?resize=750%2C563\" alt=\"\" width=\"750\" height=\"563\" class=\"wp-image-570 size-full\" srcset=\"https:\/\/i0.wp.com\/dogukantunc.com\/wp-content\/uploads\/2020\/08\/IMG_20200421_114252.jpg?w=1184&amp;ssl=1 1184w, https:\/\/i0.wp.com\/dogukantunc.com\/wp-content\/uploads\/2020\/08\/IMG_20200421_114252.jpg?resize=300%2C225&amp;ssl=1 300w, https:\/\/i0.wp.com\/dogukantunc.com\/wp-content\/uploads\/2020\/08\/IMG_20200421_114252.jpg?resize=1024%2C768&amp;ssl=1 1024w, https:\/\/i0.wp.com\/dogukantunc.com\/wp-content\/uploads\/2020\/08\/IMG_20200421_114252.jpg?resize=768%2C576&amp;ssl=1 768w\" sizes=\"auto, (max-width: 750px) 100vw, 750px\" \/><p id=\"caption-attachment-570\" class=\"wp-caption-text\"><em>\u015eunu kim bir \u00e7ocuk park\u0131 oyunca\u011f\u0131 olarak tasarlad\u0131 acaba&#8230;<\/em><\/p><\/div>\n<p>Mesela \u015fu a\u015fa\u011f\u0131daki oyuncakla toplasan saatlerce oynam\u0131\u015f\u0131md\u0131r. Derin \u00e7ukurlar kaz\u0131p i\u00e7lerine bir \u015fey koyup tekrar doldurmak, sa\u011fa sola kum y\u0131\u011f\u0131nlar\u0131 yapmak olduk\u00e7a e\u011flenceli. Beni bununla oynarken g\u00f6ren \u00d6zge &#8220;Eindhoven&#8217;\u0131n emlak sorununu \u00e7\u00f6z\u00fccen galiba say\u0131n A\u011fao\u011flu&#8221; diye laf ediyor. Ekin de kep\u00e7e \u00e7al\u0131\u015f\u0131rken elinde \u00e7ay \u00e7ekirdek izleyen day\u0131lar gibi keyifle beni izliyor. Co\u011frafya, genlerin, kaderindir.<\/p>\n<p><img data-recalc-dims=\"1\" loading=\"lazy\" decoding=\"async\" src=\"https:\/\/i0.wp.com\/dogukantunc.com\/wp-content\/uploads\/2020\/08\/1598659234732.jpg?resize=434%2C650\" alt=\"\" width=\"434\" height=\"650\" class=\"aligncenter size-full wp-image-625\" srcset=\"https:\/\/i0.wp.com\/dogukantunc.com\/wp-content\/uploads\/2020\/08\/1598659234732.jpg?w=434&amp;ssl=1 434w, https:\/\/i0.wp.com\/dogukantunc.com\/wp-content\/uploads\/2020\/08\/1598659234732.jpg?resize=200%2C300&amp;ssl=1 200w\" sizes=\"auto, (max-width: 434px) 100vw, 434px\" \/><\/p>\n<p>Hollanda kesinlikle i\u00e7erisinde \u00e7ocuk olmak isteyece\u011fim bir memleket. \u00dclkedeki en de\u011ferli \u015fey, \u00e7ocuk. E\u011fitim sistemleri, anal\u0131k\/babal\u0131k izinleri, \u00e7ocuk yard\u0131mlar\u0131, de\u011fi\u015fik aktiviteler, parklar, yiyecekler, m\u00fczeler. \u00c7ocuklar i\u00e7in asla s\u0131k\u0131lma veya bir \u015feyden geri kalma diye bir \u015fey yok. San\u0131r\u0131m buraya gelmeye karar vermemizdeki en b\u00fcy\u00fck unsurlardan biri de buydu. &#8220;\u00c7ocuk-friendly&#8221; bir \u00fclke oldu\u011funu \u00e7ok duymu\u015ftuk ama yak\u0131ndan g\u00f6r\u00fcnce insan daha fazla etkileniyor.<\/p>\n<p>\u00d6rne\u011fin biz geldikten hemen sonra Ekin ile ilgili bir s\u00fcr\u00fc mektup geldi eve. &#8220;\u015eehrimize ho\u015fgeldiniz, anl\u0131yoruz ki bir \u00e7ocu\u011funuz var.&#8221; diye ba\u015fl\u0131yorlar mektupta c\u00fcmleye. Ekin&#8217;in T\u00fcrkiye&#8217;deki a\u015f\u0131 kartlar\u0131n\u0131 sordular, sa\u011fl\u0131k\/sigorta kayd\u0131n\u0131 ve aile doktoru atamas\u0131n\u0131 hat\u0131rlatt\u0131lar, rutin muayenesini ayarlad\u0131lar, \u00e7ocuk yard\u0131m\u0131 (Kinderbijslag) teklif ettiler (bunu tamamen kendileri \u00f6nerdi, ben formlar\u0131 doldurdum g\u00f6nderdim ve \u015fu anda y\u0131lda 4 kez olmak \u00fczere 220\u20ac bir para yat\u0131yor Ekin i\u00e7in. Bu para, \u00e7ocuk b\u00fcy\u00fcd\u00fck\u00e7e katlanarak art\u0131yor, 17 ya\u015f\u0131na kadar.). Yani \u00e7ocuk dedi mi akan sular\u0131n durmas\u0131 \u00e7ok \u00e7ok g\u00fczel bir \u015fey. D\u00fc\u015f\u00fcn\u00fcnce, bir \u00fclkenin \u00e7ocuklar\u0131n\u0131 iyi yeti\u015ftirmekten daha g\u00fczel bir amac\u0131 olabilir mi? Ke\u015fke d\u00fcnyadaki her \u00fclke b\u00f6yle olsa.<\/p>\n<p>Art\u0131k d\u00fczenimiz oturmu\u015f gibiydi. G\u00fcnlerimiz \u00e7al\u0131\u015fmakla, evin eksik gediklerini tamamlamakla, tamirat veya iyile\u015ftirmeler yapmakla, pineklemekle, yemek yapmakla\/yemekle, bisiklete binmekle, park\/bah\u00e7e dola\u015fmakla g\u00fczel bir \u015fekilde ge\u00e7iyordu.<\/p>\n<div id=\"attachment_577\" style=\"width: 1196px\" class=\"wp-caption aligncenter\"><img data-recalc-dims=\"1\" loading=\"lazy\" decoding=\"async\" aria-describedby=\"caption-attachment-577\" src=\"https:\/\/i0.wp.com\/dogukantunc.com\/wp-content\/uploads\/2020\/08\/IMG_20200707_195438.jpg?resize=750%2C562\" alt=\"\" width=\"750\" height=\"562\" class=\"wp-image-577 size-full\" srcset=\"https:\/\/i0.wp.com\/dogukantunc.com\/wp-content\/uploads\/2020\/08\/IMG_20200707_195438.jpg?w=1186&amp;ssl=1 1186w, https:\/\/i0.wp.com\/dogukantunc.com\/wp-content\/uploads\/2020\/08\/IMG_20200707_195438.jpg?resize=300%2C225&amp;ssl=1 300w, https:\/\/i0.wp.com\/dogukantunc.com\/wp-content\/uploads\/2020\/08\/IMG_20200707_195438.jpg?resize=1024%2C767&amp;ssl=1 1024w, https:\/\/i0.wp.com\/dogukantunc.com\/wp-content\/uploads\/2020\/08\/IMG_20200707_195438.jpg?resize=768%2C575&amp;ssl=1 768w\" sizes=\"auto, (max-width: 750px) 100vw, 750px\" \/><p id=\"caption-attachment-577\" class=\"wp-caption-text\"><em>07.07.2020 (34. do\u011fum g\u00fcn\u00fcmden)<\/em><\/p><\/div>\n<p>Bu esnada tabi Ekin&#8217;e de ger\u00e7ek bir bisiklet almak \u015fart olmu\u015ftu. Decathlon&#8217;dan tam ona g\u00f6re sevimli, minik bir bisiklet sipari\u015f ettik, ay\u0131la bay\u0131la biniyor.<\/p>\n<div id=\"attachment_578\" style=\"width: 1194px\" class=\"wp-caption aligncenter\"><img data-recalc-dims=\"1\" loading=\"lazy\" decoding=\"async\" aria-describedby=\"caption-attachment-578\" src=\"https:\/\/i0.wp.com\/dogukantunc.com\/wp-content\/uploads\/2020\/08\/IMG_20200506_165140.jpg?resize=750%2C563\" alt=\"\" width=\"750\" height=\"563\" class=\"wp-image-578 size-full\" srcset=\"https:\/\/i0.wp.com\/dogukantunc.com\/wp-content\/uploads\/2020\/08\/IMG_20200506_165140.jpg?w=1184&amp;ssl=1 1184w, https:\/\/i0.wp.com\/dogukantunc.com\/wp-content\/uploads\/2020\/08\/IMG_20200506_165140.jpg?resize=300%2C225&amp;ssl=1 300w, https:\/\/i0.wp.com\/dogukantunc.com\/wp-content\/uploads\/2020\/08\/IMG_20200506_165140.jpg?resize=1024%2C768&amp;ssl=1 1024w, https:\/\/i0.wp.com\/dogukantunc.com\/wp-content\/uploads\/2020\/08\/IMG_20200506_165140.jpg?resize=768%2C576&amp;ssl=1 768w\" sizes=\"auto, (max-width: 750px) 100vw, 750px\" \/><p id=\"caption-attachment-578\" class=\"wp-caption-text\"><em>&#8220;Herkes i\u00e7in spor.&#8221; -Decathlon<\/em><\/p><\/div>\n<p>Bisiklet, ya\u011fmur \u00e7amur fark etmeksizin, \u015fehir i\u00e7erisinde, kondisyonunuza g\u00f6re 5-10 km menzilde hareket etmek i\u00e7in en m\u00fckemmel metot, bunu tart\u0131\u015fmak imkans\u0131z. Yani \u00f6yle araban\u0131z olmas\u0131 %100 \u015fart de\u011fil, zaten araba olunca park yeriydi, vergisiydi, bir dizi k\u00fclfet ortaya \u00e7\u0131k\u0131yor. Bisiklet, bak\u0131m maliyeti d\u00fc\u015f\u00fck, basit, h\u0131zl\u0131, temiz.&nbsp;<\/p>\n<div id=\"attachment_612\" style=\"width: 1194px\" class=\"wp-caption aligncenter\"><img data-recalc-dims=\"1\" loading=\"lazy\" decoding=\"async\" aria-describedby=\"caption-attachment-612\" src=\"https:\/\/i0.wp.com\/dogukantunc.com\/wp-content\/uploads\/2020\/08\/IMG_20200419_144254.jpg?resize=750%2C563\" alt=\"\" width=\"750\" height=\"563\" class=\"wp-image-612 size-full\" srcset=\"https:\/\/i0.wp.com\/dogukantunc.com\/wp-content\/uploads\/2020\/08\/IMG_20200419_144254.jpg?w=1184&amp;ssl=1 1184w, https:\/\/i0.wp.com\/dogukantunc.com\/wp-content\/uploads\/2020\/08\/IMG_20200419_144254.jpg?resize=300%2C225&amp;ssl=1 300w, https:\/\/i0.wp.com\/dogukantunc.com\/wp-content\/uploads\/2020\/08\/IMG_20200419_144254.jpg?resize=1024%2C768&amp;ssl=1 1024w, https:\/\/i0.wp.com\/dogukantunc.com\/wp-content\/uploads\/2020\/08\/IMG_20200419_144254.jpg?resize=768%2C576&amp;ssl=1 768w\" sizes=\"auto, (max-width: 750px) 100vw, 750px\" \/><p id=\"caption-attachment-612\" class=\"wp-caption-text\"><em>Bizim makinelerin 10.000 bak\u0131m\u0131n\u0131 yaparken.<\/em><\/p><\/div>\n<p>Gen\u00e7\/ya\u015fl\u0131 t\u00fcm n\u00fcfus v\u0131z\u0131r v\u0131z\u0131r bu mereti kullan\u0131yor. Bisiklet bizim i\u00e7in de ziyadesiyle keyifli ve yeterli bir transportasyon arac\u0131yd\u0131. \u00d6zge de ilk ba\u015flarda biraz zorlansa da (\u00e7ocuklu\u011fundan beri bisiklete binmemi\u015f bir birey&#8230;) sonradan \u00e7ok iyi adapte oldu. Tabi onun bir de arkas\u0131nda ta\u015f\u0131d\u0131\u011f\u0131 ekstradan 12 kiloluk bir faydal\u0131 y\u00fck\u00fc daha vard\u0131 ama g\u00fczel al\u0131\u015ft\u0131lar bu seyahat bi\u00e7imine. Yoku\u015f \u00e7\u0131kma derdi olmamas\u0131 da yeni bisiklete al\u0131\u015fan biri i\u00e7in ideal.<\/p>\n<p>Sonra foto\u011fraflar\u0131m\u0131z\u0131 falan her g\u00f6ren dedi ki &#8220;Neden Ekin&#8217;i hep \u00d6zge&#8217;ye ta\u015f\u0131t\u0131yon&#8230; Sen bo\u015f bele\u015f geziyon&#8230; Ay\u0131p de\u011fil mi&#8221;<\/p>\n<p>Ben de hep sa\u011fda solda g\u00f6rd\u00fc\u011f\u00fcm ve \u00e7ok ho\u015fuma giden \u015f\u00f6yle bir z\u0131mb\u0131rt\u0131dan ald\u0131m:<\/p>\n<div id=\"attachment_568\" style=\"width: 1259px\" class=\"wp-caption aligncenter\"><img data-recalc-dims=\"1\" loading=\"lazy\" decoding=\"async\" aria-describedby=\"caption-attachment-568\" src=\"https:\/\/i0.wp.com\/dogukantunc.com\/wp-content\/uploads\/2020\/08\/IMG_20200714_134552.jpg?resize=750%2C563\" alt=\"\" width=\"750\" height=\"563\" class=\"wp-image-568 size-full\" srcset=\"https:\/\/i0.wp.com\/dogukantunc.com\/wp-content\/uploads\/2020\/08\/IMG_20200714_134552.jpg?w=1249&amp;ssl=1 1249w, https:\/\/i0.wp.com\/dogukantunc.com\/wp-content\/uploads\/2020\/08\/IMG_20200714_134552.jpg?resize=300%2C225&amp;ssl=1 300w, https:\/\/i0.wp.com\/dogukantunc.com\/wp-content\/uploads\/2020\/08\/IMG_20200714_134552.jpg?resize=1024%2C768&amp;ssl=1 1024w, https:\/\/i0.wp.com\/dogukantunc.com\/wp-content\/uploads\/2020\/08\/IMG_20200714_134552.jpg?resize=768%2C576&amp;ssl=1 768w\" sizes=\"auto, (max-width: 750px) 100vw, 750px\" \/><p id=\"caption-attachment-568\" class=\"wp-caption-text\"><em>\u0130kinci el d\u00fckkan\u0131nda 20 Euro&#8217;ya buldu\u011fumuz Chariot<\/em><\/p><\/div>\n<p>Ekin&#8217;e ald\u0131\u011f\u0131m\u0131z bu yeni aparat sayesinde daha Weather-proof \u015fekilde turlayabilmeye ba\u015flad\u0131k. Biz t\u0131ng\u0131r m\u0131ng\u0131r giderken i\u00e7inde \u00f6yle g\u00fczel uyuyor ki acayip k\u0131skan\u0131yorum.<\/p>\n<div id=\"attachment_574\" style=\"width: 676px\" class=\"wp-caption aligncenter\"><img data-recalc-dims=\"1\" loading=\"lazy\" decoding=\"async\" aria-describedby=\"caption-attachment-574\" src=\"https:\/\/i0.wp.com\/dogukantunc.com\/wp-content\/uploads\/2020\/08\/IMG_20200714_142119.jpg?resize=666%2C888\" alt=\"\" width=\"666\" height=\"888\" class=\"wp-image-574 size-full\" srcset=\"https:\/\/i0.wp.com\/dogukantunc.com\/wp-content\/uploads\/2020\/08\/IMG_20200714_142119.jpg?w=666&amp;ssl=1 666w, https:\/\/i0.wp.com\/dogukantunc.com\/wp-content\/uploads\/2020\/08\/IMG_20200714_142119.jpg?resize=225%2C300&amp;ssl=1 225w\" sizes=\"auto, (max-width: 666px) 100vw, 666px\" \/><p id=\"caption-attachment-574\" class=\"wp-caption-text\"><em>D\u0131\u015far\u0131da t\u0131p\u0131r t\u0131p\u0131r ya\u011fmur ya\u011farken uyku qeyfy.<\/em><\/p><\/div>\n<p>Ekin&#8217;in nedense bisiklet yolculu\u011fu s\u0131ras\u0131nda an\u0131nda uyuma e\u011filimi oldu\u011funu fark ettik. Bak\u0131n\u0131z, bu \u00e7ocuk normalde kati surette \u00f6\u011flen uykusu uyumayan bir ki\u015fi. Ama a\u00e7\u0131k havadan m\u0131d\u0131r, bisikletin sallant\u0131s\u0131ndan m\u0131d\u0131r nedir, \u00e7ocuk bisiklete binince g\u00fcn\u00fcn hangi zaman\u0131 oldu\u011fu fark etmeksizin an\u0131nda s\u0131z\u0131yor. S\u0131rf bu y\u00fczden ona bi tane yolculuk yast\u0131\u011f\u0131 ald\u0131k. O yast\u0131kta her uykuya dal\u0131\u015f\u0131nda sessiz kahkahalar at\u0131yoruz \u00d6zge ile. \u00c7\u00fcnk\u00fc \u00e7ok komik uyuyor.<\/p>\n<div id=\"attachment_569\" style=\"width: 1194px\" class=\"wp-caption aligncenter\"><img data-recalc-dims=\"1\" loading=\"lazy\" decoding=\"async\" aria-describedby=\"caption-attachment-569\" src=\"https:\/\/i0.wp.com\/dogukantunc.com\/wp-content\/uploads\/2020\/08\/IMG_20200531_195849.jpg?resize=750%2C563\" alt=\"\" width=\"750\" height=\"563\" class=\"wp-image-569 size-full\" srcset=\"https:\/\/i0.wp.com\/dogukantunc.com\/wp-content\/uploads\/2020\/08\/IMG_20200531_195849.jpg?w=1184&amp;ssl=1 1184w, https:\/\/i0.wp.com\/dogukantunc.com\/wp-content\/uploads\/2020\/08\/IMG_20200531_195849.jpg?resize=300%2C225&amp;ssl=1 300w, https:\/\/i0.wp.com\/dogukantunc.com\/wp-content\/uploads\/2020\/08\/IMG_20200531_195849.jpg?resize=1024%2C768&amp;ssl=1 1024w, https:\/\/i0.wp.com\/dogukantunc.com\/wp-content\/uploads\/2020\/08\/IMG_20200531_195849.jpg?resize=768%2C576&amp;ssl=1 768w\" sizes=\"auto, (max-width: 750px) 100vw, 750px\" \/><p id=\"caption-attachment-569\" class=\"wp-caption-text\"><em>Sanki Kamil Ko\u00e7 otob\u00fcs\u00fc<\/em><\/p><\/div>\n<p>Yani araba koltu\u011funda b\u00f6yle g\u00fczel uyumu\u015flu\u011fu yok. 10 dakika tur yetiyor s\u0131zmas\u0131na. Bu yukar\u0131daki gibi 25-30 foto\u011fraf\u0131 var elimde.<\/p>\n<p>B\u00f6yle b\u00f6yle bisikletle Eindhoven&#8217;\u0131n baya bir yerini turlad\u0131k. Ekin uyuyunca biz de bisikleti kenara \u00e7ekip bir banka falan oturup termostan kahvemizi i\u00e7tik, sandvi\u00e7 yedik. Bu tipi her g\u00f6ren de g\u00fcl\u00fcyor haliyle.<\/p>\n<div id=\"attachment_611\" style=\"width: 1194px\" class=\"wp-caption aligncenter\"><img data-recalc-dims=\"1\" loading=\"lazy\" decoding=\"async\" aria-describedby=\"caption-attachment-611\" src=\"https:\/\/i0.wp.com\/dogukantunc.com\/wp-content\/uploads\/2020\/08\/IMG_20200822_144211.jpg?resize=750%2C563\" alt=\"\" width=\"750\" height=\"563\" class=\"size-full wp-image-611\" srcset=\"https:\/\/i0.wp.com\/dogukantunc.com\/wp-content\/uploads\/2020\/08\/IMG_20200822_144211.jpg?w=1184&amp;ssl=1 1184w, https:\/\/i0.wp.com\/dogukantunc.com\/wp-content\/uploads\/2020\/08\/IMG_20200822_144211.jpg?resize=300%2C225&amp;ssl=1 300w, https:\/\/i0.wp.com\/dogukantunc.com\/wp-content\/uploads\/2020\/08\/IMG_20200822_144211.jpg?resize=1024%2C768&amp;ssl=1 1024w, https:\/\/i0.wp.com\/dogukantunc.com\/wp-content\/uploads\/2020\/08\/IMG_20200822_144211.jpg?resize=768%2C576&amp;ssl=1 768w\" sizes=\"auto, (max-width: 750px) 100vw, 750px\" \/><p id=\"caption-attachment-611\" class=\"wp-caption-text\"><em>Keyfine bak \u015fekerim.<\/em><\/p><\/div>\n<p>Bir yandan havalar eni konu \u0131s\u0131nmaya ba\u015flad\u0131k\u00e7a bah\u00e7enin avantaj\u0131n\u0131 da daha iyi anlamaya ba\u015flad\u0131k. \u00d6zellikle havan\u0131n 28-29&#8217;lar seviyesinde s\u0131cak oldu\u011fu haftasonlar\u0131 (28-29 burada bizim Angara&#8217;n\u0131n 32-33&#8217;\u00fc gibi bir \u015fey) her Dutch ailenin yapt\u0131\u011f\u0131 gibi biz de bir lastik havuz al\u0131p onu suyla doldurduk. Ha tabi, bu arada bu i\u015fi acayip abartanlar oldu\u011funu da g\u00f6rd\u00fck. Adam bah\u00e7eye baya 8&#215;10 metrelik \u00e7elik konstr\u00fcksiyon, g\u00fcne\u015f panelli havuz yapt\u0131 g\u00f6z\u00fcm\u00fcz\u00fcn \u00f6n\u00fcnde. 3 \u00e7ocu\u011fuyla \u00e7\u0131lg\u0131nlar gibi e\u011flenirlerken, bir de bizimkinin e\u011flencesine bak:<\/p>\n<div id=\"attachment_579\" style=\"width: 676px\" class=\"wp-caption aligncenter\"><img data-recalc-dims=\"1\" loading=\"lazy\" decoding=\"async\" aria-describedby=\"caption-attachment-579\" src=\"https:\/\/i0.wp.com\/dogukantunc.com\/wp-content\/uploads\/2020\/08\/IMG_20200624_171903.jpg?resize=666%2C888\" alt=\"\" width=\"666\" height=\"888\" class=\"size-full wp-image-579\" srcset=\"https:\/\/i0.wp.com\/dogukantunc.com\/wp-content\/uploads\/2020\/08\/IMG_20200624_171903.jpg?w=666&amp;ssl=1 666w, https:\/\/i0.wp.com\/dogukantunc.com\/wp-content\/uploads\/2020\/08\/IMG_20200624_171903.jpg?resize=225%2C300&amp;ssl=1 225w\" sizes=\"auto, (max-width: 666px) 100vw, 666px\" \/><p id=\"caption-attachment-579\" class=\"wp-caption-text\"><em>Garibim, halinden \u00e7ok memnun yine de \ud83d\ude00<\/em><\/p><\/div>\n<p>Bah\u00e7eyle ilgilenme i\u015finin de asl\u0131nda g\u00f6r\u00fcnd\u00fc\u011f\u00fcnden 5 kat daha k\u00fclfetli ve yorucu oldu\u011funu fark ettik. Sulamas\u0131, budamas\u0131, g\u00fcbresi, tohumu, bi\u00e7mesi, b\u00f6rt\u00fcs\u00fc b\u00f6ce\u011fi derken ba\u015fl\u0131 ba\u015f\u0131na bir u\u011fra\u015f. Zaten bakt\u0131\u011f\u0131n\u0131zda bah\u00e7eyle u\u011fra\u015facak vakti\/enerjisi olmayan ki\u015filer bah\u00e7esindeki topra\u011f\u0131 kald\u0131rt\u0131p ta\u015f d\u00f6\u015fetmi\u015f, saks\u0131 bitkisi koymu\u015f sadece. Ama bence bah\u00e7e, \u00e7ok keyifli bir u\u011fra\u015f. Seve seve yap\u0131yorum, bazen Pazar g\u00fcnlerimin tamam\u0131 bah\u00e7eyle u\u011fra\u015farak ge\u00e7iyor. \u0130nsan\u0131n stresini al\u0131p g\u00f6t\u00fcr\u00fcyor. Bah\u00e7emizde biz evi tuttu\u011fumuzda bir s\u00fcr\u00fc \u00e7ilek ve frambuaz \u00e7al\u0131s\u0131 dikiliydi. Biz de bunlar\u0131n yan\u0131na tabi ki her T\u00fcrk gibi domates ektik. Havu\u00e7, nane ve ay\u00e7i\u00e7e\u011fi de denedik, ilk ikisi \u00e7ok g\u00fczel oldu, sonuncusu tutmad\u0131. Domatesimiz de k\u0131zarmak i\u00e7in \u00e7ok \u00e7abalasa da 5 ayda anca ye\u015fil b\u00fcy\u00fck ve ham bir meyve \u00fcretebildi. Ama yine de bu u\u011fra\u015flar ger\u00e7ekten insana huzur veriyor.<\/p>\n<div id=\"attachment_613\" style=\"width: 1826px\" class=\"wp-caption aligncenter\"><img data-recalc-dims=\"1\" loading=\"lazy\" decoding=\"async\" aria-describedby=\"caption-attachment-613\" src=\"https:\/\/i0.wp.com\/dogukantunc.com\/wp-content\/uploads\/2020\/08\/IMG_20200822_135756.jpg?resize=750%2C737\" alt=\"\" width=\"750\" height=\"737\" class=\"wp-image-613 size-full\" srcset=\"https:\/\/i0.wp.com\/dogukantunc.com\/wp-content\/uploads\/2020\/08\/IMG_20200822_135756.jpg?w=1816&amp;ssl=1 1816w, https:\/\/i0.wp.com\/dogukantunc.com\/wp-content\/uploads\/2020\/08\/IMG_20200822_135756.jpg?resize=300%2C295&amp;ssl=1 300w, https:\/\/i0.wp.com\/dogukantunc.com\/wp-content\/uploads\/2020\/08\/IMG_20200822_135756.jpg?resize=1024%2C1006&amp;ssl=1 1024w, https:\/\/i0.wp.com\/dogukantunc.com\/wp-content\/uploads\/2020\/08\/IMG_20200822_135756.jpg?resize=768%2C754&amp;ssl=1 768w, https:\/\/i0.wp.com\/dogukantunc.com\/wp-content\/uploads\/2020\/08\/IMG_20200822_135756.jpg?resize=1536%2C1509&amp;ssl=1 1536w\" sizes=\"auto, (max-width: 750px) 100vw, 750px\" \/><p id=\"caption-attachment-613\" class=\"wp-caption-text\"><em>Her sonradan bah\u00e7esi olan g\u00f6rmemi\u015f gibi ne bulduysak ektik. Ama bu \u00fcr\u00fcnlerin tad\u0131 ayr\u0131 g\u00fczel geliyor insana.<\/em><\/p><\/div>\n<p>Art\u0131k ilk sene i\u00e7in bu deneme gibi oldu, seneye daha farkl\u0131 \u015feyler eker, daha ba\u015far\u0131l\u0131 oluruz umar\u0131m.<\/p>\n<p>Her ne kadar g\u00fcnlerimiz bu \u015fekilde ho\u015f\u00e7a ge\u00e7se de, buraya gelmeden \u00f6nce hedefledi\u011fimiz \u015fekilde bir gezme ya da sosyalle\u015fme yapamad\u0131k vir\u00fcs nedeniyle, yani g\u00fcn\u00fcbirlik bir Brugge turu, trenle bir Amsterdam, bir D\u00fcsseldorf yapamad\u0131k. Veya kom\u015fular\u0131m\u0131zla pek tan\u0131\u015famad\u0131k, sadece bize kart att\u0131lar &#8220;ho\u015fgeldiniz&#8221; diye, bir de yolda kar\u015f\u0131la\u015f\u0131nca merhabala\u015f\u0131yoruz. Mesela \u00d6zge kom\u015fu gidim gelimlerine \u00f6zeniyorum diyor. \u00d6zellikle de buran\u0131n yerlisiyle sohbet etmeyi, ileti\u015fim kurmay\u0131 iple \u00e7ekiyor. Bu da, bu \u015fartlar alt\u0131nda olduk\u00e7a handikapl\u0131 bir s\u00fcre\u00e7.<\/p>\n<p>Yine de, bazen Ekin&#8217;i g\u00f6t\u00fcrd\u00fc\u011f\u00fcm\u00fcz parklarda bah\u00e7elerde, di\u011fer ana babalarla ileti\u015fim kurma \u015fans\u0131m\u0131z oluyordu. Hatta bir keresinde Hollanda&#8217;l\u0131 bir anneyle epey uzun bir sohbet etmi\u015ftik. \u00d6zge ile birbirlerinin numaralar\u0131n\u0131 alm\u0131\u015flard\u0131 vesaire. Yani biraz ortal\u0131k sakinleyip insanlar biraz daha rahat sosyalle\u015febilmek i\u00e7in evlerinden \u00e7\u0131ksalar, asl\u0131nda insanlar konu\u015fup kayna\u015fmaya son derece m\u00fcsait.<\/p>\n<p>Ama bu illetten kurtulmam\u0131za daha ne kadar s\u00fcre var bilmiyoruz.<\/p>\n<p>Ne zaman normal hayat\u0131m\u0131za d\u00f6nece\u011fimizi bilemedi\u011fimiz tam ara ge\u00e7i\u015f d\u00f6nemi, \u00f6zellikle endi\u015fe verici ve h\u00fcz\u00fcnl\u00fcyd\u00fc. Ben \u00e7al\u0131\u015f\u0131rken \u00d6zge ve Ekin evde s\u0131k\u0131l\u0131yorlar, \u00f6zellikle hava fazlas\u0131yla ya\u011fmurlu ve r\u00fczgarl\u0131yken daral\u0131yorlar ve yaln\u0131z hissediyorlard\u0131. Kahve i\u00e7mek i\u00e7in bir kafeye gidememek, \u015fehir merkezine inememek, arkada\u015flarla g\u00f6r\u00fc\u015fememek olduk\u00e7a k\u00f6t\u00fc bir darbe olmu\u015ftu bizimkilere.<\/p>\n<p>Daha sonralar\u0131 bu duruma biraz daha al\u0131\u015ft\u0131k. Enfeksiyon h\u0131z\u0131 da biraz d\u00fc\u015ft\u00fc\u011f\u00fc i\u00e7in \u00f6nlemler azalt\u0131ld\u0131. \u015eehir merkezine inmek, baz\u0131 ma\u011fazalara girip \u00e7\u0131kmak m\u00fcmk\u00fcnd\u00fc.<\/p>\n<p>A\u00e7\u0131k\u00e7as\u0131 bir yandan ben de evden \u00e7al\u0131\u015fman\u0131n g\u00fczelliklerini biraz ke\u015ffetmeye ba\u015flam\u0131\u015ft\u0131m. Evden \u00e7al\u0131\u015fmak i\u015fyerinde \u00e7al\u0131\u015fmaktan kat be kat daha stresli ve odaklanmak olduk\u00e7a zor. Ama neticede soft bir i\u015fle u\u011fra\u015ft\u0131\u011f\u0131m i\u00e7in i\u015fler bir \u015fekilde uzaktan halloluyor ve \u015firkete gitmem gibi bir gereklilik olmuyor. B\u00f6ylece evde bana ihtiya\u00e7 oldu\u011funda an\u0131nda intikal edebiliyorum, kahve molalar\u0131nda Ekin&#8217;le vakit ge\u00e7irebiliyorum, yeme\u011fim kahvalt\u0131m daha daha kolay halloluyor. Ama ofisi de \u00f6zlemedim de\u011fil. Oradaki ortam\u0131n da bir de\u011feri varm\u0131\u015f ger\u00e7ekten, otob\u00fcsle i\u015fe giderkenki &#8220;mental haz\u0131rl\u0131k&#8221; bile \u00f6nemliymi\u015f onu anlad\u0131m.<\/p>\n<p>\u00d6zetle; e\u011fer Pandemi fakt\u00f6r\u00fc olmasayd\u0131, \u00e7ok daha hareketli, daha aktif ve sosyal bir s\u00fcre\u00e7 ya\u015fayacakt\u0131k belki ama, kim bilir, belki daha fazla eve, yak\u0131n \u00e7evremize, birbirimize odaklanma \u015fans\u0131 bulduk bu vesileyle. Bu al\u0131\u015fma s\u00fcrecinde birbirimize daha yak\u0131n olduk, daha \u00e7ok yard\u0131m ettik, evden \u00e7al\u0131\u015fma sayesinde ailemle daha fazla vakit ge\u00e7irebildim, evdeki i\u015fleri daha kolay bitirdim ve \u00d6zge&#8217;nin y\u00fck\u00fcn\u00fc payla\u015ft\u0131m. Evimizin, birbirimizin, sa\u011fl\u0131\u011f\u0131m\u0131z\u0131n k\u0131ymetini bildik. \u00d6zg\u00fcrl\u00fc\u011f\u00fcm\u00fcz\u00fcn de\u011ferini, ailelerimizin de\u011ferini anlad\u0131k.<\/p>\n<p>Ekin de bu durumdan epey memnun, annesinin babas\u0131n\u0131n g\u00fcn boyu yan\u0131nda olmas\u0131n\u0131 hangi \u00e7ocuk istemez ki. D\u00fc\u015f\u00fcnsenize, buraya gelmeden \u00f6nce haftai\u00e7leri g\u00fcnde en fazla 4-5 saat birlikte ge\u00e7irebiliyorduk. Sabah 8 bu\u00e7uk&#8217;ta kre\u015fe b\u0131rak\u0131p ak\u015fam 6 bu\u00e7uk&#8217;ta al\u0131yorduk. Uyku vaktine kadar en fazla 3 ya da 4 saat kaliteli vakit ge\u00e7irme imkan\u0131m\u0131z vard\u0131. \u015eimdi ise t\u00fcm g\u00fcn beraberiz. Ekin, kesinlikle b\u00fct\u00fcn bu olaylardan en k\u00e2rl\u0131 \u00e7\u0131kanlardan ve en mutlu olanlardan biri.<\/p>\n<p>Derken, May\u0131s-Haziran civar\u0131nda havayollar\u0131 limitli de olsa u\u00e7u\u015flar\u0131na tekrar ba\u015flayaca\u011f\u0131n\u0131 duyurdu. Bu bize biraz umut kayna\u011f\u0131 olmu\u015ftu. Hala fazlas\u0131yla \u00fcrkek olmakla birlikte, ailelerimizin yan\u0131na gitmek, yaz tatili yapabilmek d\u00fc\u015f\u00fcncesi, t\u00fcnelin ucundaki \u0131\u015f\u0131k gibi olmu\u015ftu.<\/p>\n<h3>Part 4 &#8211; T\u00fcrkiye Seyahati ve Kinderplein<\/h3>\n<p>Asl\u0131nda bir noktada bu riski g\u00f6ze almaktan vazge\u00e7mi\u015f ve &#8220;napal\u0131m, seneye art\u0131k&#8221; diye kendimizi teselli etmeye ba\u015flam\u0131\u015ft\u0131k. Fakat seneye ne olaca\u011f\u0131n\u0131, kimin sa\u011f kalaca\u011f\u0131n\u0131 bilmedi\u011fimizden m\u00fctevellit, birka\u00e7 arkada\u015f\u0131m\u0131n da aileleriyle birlikte gidip hatta \u00fcst\u00fcne geri d\u00f6nd\u00fc\u011f\u00fcn\u00fc ve havayollar\u0131n\u0131n baz\u0131 \u00f6nlemler alarak u\u00e7u\u015flar\u0131 sorunsuz yapt\u0131\u011f\u0131n\u0131 \u00f6\u011frenince, bize de bir cesaret geldi. Temmuz sonundan itibaren 3 hafta izin ald\u0131m. Hayat\u0131mda da ilk defa yapabildi\u011fim bir \u015feydir 3 hafta \u00fcst \u00fcste izin almak. Hakk\u0131m olan izni blok \u015feklinde kullanamamak \u00e7ok sinirimi bozmu\u015ftur y\u0131llard\u0131r. 2 haftan\u0131n (biri bayram) \u00fczerine 1 g\u00fcn bile alsan ka\u015flar kalkar T\u00fcrkiye&#8217;de. Sebebini hala anlam\u0131\u015f de\u011filim.<\/p>\n<p>U\u00e7ak biletlerini al\u0131rken \u00e7ok dikkatli bir planlama yapt\u0131k ve m\u00fcmk\u00fcn oldu\u011funca verimli bir seyahat olmas\u0131 i\u00e7in elimizden geleni yapt\u0131k. Eindhoven&#8217;dan hi\u00e7bir yere do\u011fru d\u00fczg\u00fcn u\u00e7u\u015f hen\u00fcz olmad\u0131\u011f\u0131 i\u00e7in bini\u015fimizi de ini\u015fimizi de Amsterdam Schiphol havaalan\u0131ndan almak durumunda kald\u0131k. Bu da bize giderken ve gelirken ekstra birer bu\u00e7uk saat tren yolculu\u011fu olarak geri d\u00f6nd\u00fc ama yapacak fazla bir \u015fey yoktu.<\/p>\n<p>Neticede 31 Temmuz&#8217;da Ankara&#8217;ya inmeyi ba\u015fard\u0131k. U\u00e7u\u015flar \u015fa\u015f\u0131rt\u0131c\u0131 derecede d\u00fczenli ve dikkatli. Mesela normalde bini\u015fler ve ini\u015fler s\u0131ra numaras\u0131na g\u00f6re olmal\u0131 fakat tabi bizim millet dolmu\u015fa biner iner gibi,&nbsp; boarding&#8217;de sinek gibi \u00fc\u015f\u00fc\u015f\u00fcr ve s\u0131ra m\u0131ra tan\u0131maz, ini\u015fte de teker yere de\u011fer de\u011fmez ayaklan\u0131r. Ama \u015fimdi <em>seve seve<\/em> yerlerinde bekliyorlar. Kabin ekibi defalarca ikaz ediyor, bunca ikaza ra\u011fmen uymayan olursa bizzat uyar\u0131yor. Maskesinin burnunu bile a\u00e7an olsa an\u0131nda \u00e7\u00f6k\u00fcyorlar. Ke\u015fke \u015fu u\u00e7u\u015f nizam\u0131 pandemi bittikten sonra da devam etse.<\/p>\n<p><img data-recalc-dims=\"1\" loading=\"lazy\" decoding=\"async\" src=\"https:\/\/i0.wp.com\/dogukantunc.com\/wp-content\/uploads\/2020\/08\/IMG_20200731_184505.jpg?resize=750%2C562\" alt=\"\" width=\"750\" height=\"562\" class=\"aligncenter size-full wp-image-572\" srcset=\"https:\/\/i0.wp.com\/dogukantunc.com\/wp-content\/uploads\/2020\/08\/IMG_20200731_184505.jpg?w=1186&amp;ssl=1 1186w, https:\/\/i0.wp.com\/dogukantunc.com\/wp-content\/uploads\/2020\/08\/IMG_20200731_184505.jpg?resize=300%2C225&amp;ssl=1 300w, https:\/\/i0.wp.com\/dogukantunc.com\/wp-content\/uploads\/2020\/08\/IMG_20200731_184505.jpg?resize=1024%2C767&amp;ssl=1 1024w, https:\/\/i0.wp.com\/dogukantunc.com\/wp-content\/uploads\/2020\/08\/IMG_20200731_184505.jpg?resize=768%2C575&amp;ssl=1 768w\" sizes=\"auto, (max-width: 750px) 100vw, 750px\" \/><\/p>\n<p>Derken, bizi Ankara&#8217;dan Bal\u0131kesir Edremit&#8217;e ta\u015f\u0131yacak olan u\u00e7u\u015f iptal oldu. San\u0131r\u0131m t\u00fcm seyahat boyunca ya\u015fad\u0131\u011f\u0131m\u0131z tek olumsuzluk buydu diyebilirim. Bu u\u00e7a\u011f\u0131 daha erken bir u\u00e7akla de\u011fi\u015ftirmek durumunda kald\u0131k ve Ankara&#8217;da planlad\u0131\u011f\u0131m\u0131zdan \u00e7ok daha k\u0131sa kalmak durumunda kald\u0131k. Bu s\u00fcrede pek d\u0131\u015far\u0131 \u00e7\u0131kma \u015fans\u0131m\u0131z olmad\u0131, bayram tatili oldu\u011fu i\u00e7in de bir\u00e7ok ki\u015fi Ankara d\u0131\u015f\u0131ndayd\u0131, g\u00f6r\u00fc\u015fme imkan\u0131 olmad\u0131. Belki de \u015fu anki d\u00f6nem i\u00e7in bu iyi bir \u015feydi, bilmiyorum. Ne kadar az interaksiyon, iki taraf i\u00e7in de o kadar az risk. Bu seyahat \u00e7o\u011funlukla anneme bayram ziyareti mahiyetinde olmu\u015f oldu, Ekin&#8217;le \u00f6zlem giderdiler.<\/p>\n<p>Ankara&#8217;dan Edremit&#8217;e ge\u00e7tikten sonra \u00d6zge&#8217;nin ailesinin yazl\u0131\u011f\u0131nda 18 g\u00fcn boyunca m\u00fcmk\u00fcn oldu\u011fu kadar insandan uzak bir \u015fekilde (\u00f6rne\u011fin; denize girmek i\u00e7in tam bir emekli subay gibi sabah erken saatleri tercih ederek) tatili kazas\u0131z belas\u0131z noktalad\u0131k.<\/p>\n<p>D\u00f6n\u00fc\u015f yolu biraz \u00e7ileli oldu: 14:15&#8217;te Edremit havaliman\u0131ndan \u0130stanbul Havaliman\u0131, 19:15&#8217;te \u0130stanbul Havaliman\u0131&#8217;ndan Amsterdam Schiphol havaliman\u0131, saat gece 11&#8217;de bulabildi\u011fimiz ilk trenle Eindhoven. Utrecht&#8217;te tren aktarmas\u0131. Gece vakti istasyondan eve gidecek vas\u0131ta bulma m\u00fccadelesi.<\/p>\n<p>Ekin do\u011fal olarak trende s\u0131zm\u0131\u015ft\u0131.<\/p>\n<p><img data-recalc-dims=\"1\" loading=\"lazy\" decoding=\"async\" src=\"https:\/\/i0.wp.com\/dogukantunc.com\/wp-content\/uploads\/2020\/08\/IMG_20200821_235728.jpg?resize=666%2C888\" alt=\"\" width=\"666\" height=\"888\" class=\"aligncenter size-full wp-image-573\" srcset=\"https:\/\/i0.wp.com\/dogukantunc.com\/wp-content\/uploads\/2020\/08\/IMG_20200821_235728.jpg?w=666&amp;ssl=1 666w, https:\/\/i0.wp.com\/dogukantunc.com\/wp-content\/uploads\/2020\/08\/IMG_20200821_235728.jpg?resize=225%2C300&amp;ssl=1 225w\" sizes=\"auto, (max-width: 666px) 100vw, 666px\" \/><\/p>\n<p>D\u00f6nd\u00fckten hemen sonra, aileyi temsilen vir\u00fcs testine girdim. Sonucun negatif oldu\u011funu g\u00f6r\u00fcp, bu seyahati olays\u0131z noktalaman\u0131n mutlulu\u011funu ya\u015fad\u0131k.<\/p>\n<p>\u0130tiraf etmek zorunday\u0131m ki bu seyahat bize de ailelerimize de tarif edemeyece\u011fim kadar iyi geldi. Art\u0131k cahil cesareti mi dersiniz, ne derseniz diyin ama ald\u0131\u011f\u0131m\u0131z maddi manevi risklere de\u011fdi\u011fini d\u00fc\u015f\u00fcn\u00fcyorum. T\u00fcm yolculuk ve tatil boyunca maksimum derecede dikkatli hareket ettik ve kurallara uymaya \u00e7al\u0131\u015ft\u0131k. \u015eans\u0131m\u0131z da yine bir kez daha yolunda gitti san\u0131rsam. Benim, i\u015f nedeniyle olduk\u00e7a yorgun olan beynimin \u00e7ok ihtiyac\u0131 olan bir dinlenme imkan\u0131yd\u0131. Bir de Ekin i\u00e7in ger\u00e7ekten \u00f6nemli bir ziyaretti \u00e7\u00fcnk\u00fc bir anda T\u00fcrkiye&#8217;den kopup buraya gelmek ona biraz \u015fok etkisi yaratm\u0131\u015ft\u0131. Bu ziyaret ona, b\u00fcy\u00fcklerinin yan\u0131na geri d\u00f6nebilece\u011fi hissini verdi, b\u00fcy\u00fckebeveynleriyle ba\u011flar\u0131n\u0131 peki\u015ftirdi, bizden ba\u015fka insan g\u00f6rmekten dolay\u0131 mutlu oldu.<\/p>\n<p>Umar\u0131m en k\u0131sa s\u00fcrede seyahat imkanlar\u0131 eski haline gelir ve herkes sevdiklerinin yan\u0131na istedi\u011fi gibi gidip gelebilir.<\/p>\n<p>Ama \u015f\u00f6yle bir ger\u00e7ek de var ki, d\u00f6n\u00fc\u015f yolunda Eindhoven&#8217;\u0131 \u00f6zledi\u011fimizi fark ettik. D\u00fczenli sokaklar\u0131n\u0131, bisikletlerimizi, ye\u015filli\u011fini, sessizli\u011fini, kibar insanlar\u0131n\u0131, evimizi ve genel olarak o kendine has havas\u0131n\u0131 tekrar solumay\u0131 iple \u00e7ektik. \u0130steyen istedi\u011fi yorumu yaps\u0131n ama, 30 senedir Ankara&#8217;ya nas\u0131l evimiz dediysek buras\u0131 da art\u0131k bizim i\u00e7in evimiz oldu. Buray\u0131 sevdi\u011fimizi tekrar fark ettik biraz ayr\u0131 kal\u0131nca.<\/p>\n<p>Tatilden d\u00f6nd\u00fckten sonra, hayat\u0131m\u0131zda \u00f6nemli bir d\u00f6nemin daha ba\u015flang\u0131c\u0131n\u0131 ya\u015fad\u0131k. Ekin, bizim eve \u00e7ok yak\u0131ndaki Korein ad\u0131ndaki bir kre\u015fte, haftada 4 yar\u0131m g\u00fcn olmak \u00fczere e\u011fitime ba\u015flad\u0131.<\/p>\n<p>Hollanda, bizim gibi yurt d\u0131\u015f\u0131ndan gelen ailelere, \u00e7ocuklar\u0131 ilk\u00f6\u011fretime ba\u015flamadan \u00f6nce ortama ve dile adapte olabilsin diye 4 g\u00fcn (sabahtan \u00f6\u011flene kadar) kre\u015f deste\u011fi veriyor. Tam g\u00fcn kre\u015fin \u00fccreti olduk\u00e7a y\u00fcksek ama mesela, kimse \u00e7ocu\u011funu ful g\u00fcn kre\u015fe g\u00f6ndermiyor g\u00f6rd\u00fc\u011f\u00fcm kadar\u0131yla. Ya ana baba haftan\u0131n belirli g\u00fcnleri \u00f6\u011fleden sonra izin al\u0131p \u00e7ocuklar\u0131yla vakit ge\u00e7iriyorlar ya da ebeveynlerden biri direkt 4 ya\u015f\u0131na gelene kadar evde kal\u0131p \u00e7ocu\u011fa bak\u0131yor.<\/p>\n<p>Ekin han\u0131m \u015fimdi &#8220;Butterflies&#8221; s\u0131n\u0131f\u0131nda \ud83d\ude00 K\u00fc\u00e7\u00fck kelebe\u011fin Hollanda e\u011fitim sistemine ilk ad\u0131m att\u0131\u011f\u0131 sabah hep birlikte okula y\u00fcr\u00fcrken bir hat\u0131ra foto\u011fraf\u0131 \u00e7ektim. Bir t\u00fcrl\u00fc poz verdirtmeyi ba\u015faramad\u0131\u011f\u0131m i\u00e7in ben de konu\u015furken \u00e7ektim.<\/p>\n<p><img data-recalc-dims=\"1\" loading=\"lazy\" decoding=\"async\" src=\"https:\/\/i0.wp.com\/dogukantunc.com\/wp-content\/uploads\/2020\/08\/IMG_20200824_082931.jpg?resize=666%2C888\" alt=\"\" width=\"666\" height=\"888\" class=\"aligncenter size-full wp-image-650\" srcset=\"https:\/\/i0.wp.com\/dogukantunc.com\/wp-content\/uploads\/2020\/08\/IMG_20200824_082931.jpg?w=666&amp;ssl=1 666w, https:\/\/i0.wp.com\/dogukantunc.com\/wp-content\/uploads\/2020\/08\/IMG_20200824_082931.jpg?resize=225%2C300&amp;ssl=1 225w\" sizes=\"auto, (max-width: 666px) 100vw, 666px\" \/><\/p>\n<p>Ekin, ilk g\u00fcn\u00fcnden olduk\u00e7a mutlu ve memnun d\u00f6nd\u00fc. Bu durumu bekledi\u011fimizden daha metanetli \u015fekilde kar\u015f\u0131lad\u0131. San\u0131r\u0131m o da biraz evde bizle durmaktan s\u0131k\u0131ld\u0131 \ud83d\ude1b<\/p>\n<p>Bir de yeni kelime \u00f6\u011frenmi\u015f: <em>Melk<\/em>. Ama bunu \u00f6yle g\u00fczel s\u00f6yl\u00fcyor ki, &#8220;<em>mewlk&#8221;<\/em> diye. Biz de bu sayede bu kelimenin nas\u0131l do\u011fru telaffuz edildi\u011fini \u00f6\u011frenmi\u015f olduk. Bakal\u0131m bize daha neler \u00f6\u011fretecek.<\/p>\n<p>Bunlar da Kre\u015f personeli taraf\u0131ndan sisteme y\u00fcklenen birka\u00e7 foto\u011fraf. \u00c7ocu\u011fu g\u00fcn i\u00e7inde takip edebildi\u011finiz bir sistem var.<\/p>\n<p><img data-recalc-dims=\"1\" loading=\"lazy\" decoding=\"async\" src=\"https:\/\/i0.wp.com\/dogukantunc.com\/wp-content\/uploads\/2020\/08\/0-1.jpg?resize=750%2C497\" alt=\"\" width=\"750\" height=\"497\" class=\"aligncenter size-full wp-image-655\" srcset=\"https:\/\/i0.wp.com\/dogukantunc.com\/wp-content\/uploads\/2020\/08\/0-1.jpg?w=1544&amp;ssl=1 1544w, https:\/\/i0.wp.com\/dogukantunc.com\/wp-content\/uploads\/2020\/08\/0-1.jpg?resize=300%2C199&amp;ssl=1 300w, https:\/\/i0.wp.com\/dogukantunc.com\/wp-content\/uploads\/2020\/08\/0-1.jpg?resize=1024%2C679&amp;ssl=1 1024w, https:\/\/i0.wp.com\/dogukantunc.com\/wp-content\/uploads\/2020\/08\/0-1.jpg?resize=768%2C509&amp;ssl=1 768w, https:\/\/i0.wp.com\/dogukantunc.com\/wp-content\/uploads\/2020\/08\/0-1.jpg?resize=1536%2C1019&amp;ssl=1 1536w, https:\/\/i0.wp.com\/dogukantunc.com\/wp-content\/uploads\/2020\/08\/0-1.jpg?resize=360%2C240&amp;ssl=1 360w\" sizes=\"auto, (max-width: 750px) 100vw, 750px\" \/><\/p>\n<p>Ocak 2021&#8217;de 4 ya\u015f\u0131na girdi\u011finde as\u0131l e\u011fitim sistemine o zaman dahil olacak. Bu \u015fimdi \u0131s\u0131nma turlar\u0131. Ama hem onun i\u00e7in hem bizim i\u00e7in dev bir hizmet oldu. Hem o, ya\u015f\u0131tlar\u0131yla oynama ihtiyac\u0131n\u0131 gidermi\u015f ve enerjisini daha g\u00fczel bir \u015fekilde atm\u0131\u015f oldu, hem de \u00d6zge (ben zaten g\u00fcnd\u00fcz \u00e7al\u0131\u015ft\u0131\u011f\u0131m i\u00e7in \u00e7ok maruz kalmasam da) biraz nefes al\u0131p kendine zaman ay\u0131racak bir bo\u015fluk elde etmi\u015f oldu. Ayn\u0131 zamanda bu bo\u015flu\u011fu Hollandaca kursuna kat\u0131larak de\u011ferlendirmek gibi bir niyeti de var.<\/p>\n<h3>Part 5 &#8211; \u00d6zet ve Kapan\u0131\u015f<\/h3>\n<p>\u00d6zet olarak, Eindhoven&#8217;daki ilk 8 ay\u0131m\u0131zda, d\u00fc\u015f\u00fcn\u00fcnce b\u00fcy\u00fck bir pandemiyle kar\u015f\u0131 kar\u015f\u0131ya olmam\u0131za ra\u011fmen olduk\u00e7a mutlu ve huzurlu bir hayat\u0131m\u0131z oldu. Buraya elimizden gelen en \u00fcst seviyede uyum sa\u011flamaya ve entegre olmaya \u00e7abalad\u0131k. \u00c7\u00fcnk\u00fc buradaki d\u00fczen, bizim gibi insanlar\u0131n \u00f6zledi\u011fi ve \u00f6zendi\u011fi bir d\u00fczen ve bunu bozmak son isteyece\u011fimiz \u015fey. Zamanla dilini ve k\u00fclt\u00fcr\u00fcn\u00fc de daha iyi \u00f6\u011frenmek istiyoruz.<\/p>\n<p>Tabi ki yaz\u0131y\u0131 okudu\u011funuzda g\u00f6rebilece\u011finiz gibi, geldi\u011fimizden beri bir \u00e7ok zorlukla da kar\u015f\u0131la\u015ft\u0131k, ba\u015f\u0131m\u0131za burada bahsetmedi\u011fim ba\u015fka tats\u0131z \u015feyler geldi\u011fi de oldu. Zaman zaman moralimiz epey bozuldu, bazen her \u015feyin ters gidece\u011fi tuttu. Ama bunlar\u0131 bir aile olarak omuz omuza s\u0131rtland\u0131k ve beraberce alt\u0131ndan kalkt\u0131k. Ayr\u0131ca, d\u00fcr\u00fcst \u015fekilde s\u00f6yleyebilirim ki, bu s\u00fcre boyunca karar\u0131m\u0131zdan bir kere bile pi\u015fmanl\u0131k duymad\u0131k. Geri d\u00f6nmek akl\u0131m\u0131z\u0131n ucundan bile ge\u00e7medi. Biz buraya uyum sa\u011flamak i\u00e7in \u00e7abalad\u0131k\u00e7a, buras\u0131 da bize daha nazik davrand\u0131.<\/p>\n<p>Tabi d\u0131\u015far\u0131dan bakan bir insan\u0131n akl\u0131nda \u015fu soru belirebilir: <strong>neden?<\/strong><\/p>\n<p>Kendi halinde bir yaz\u0131l\u0131m m\u00fchendisiyken, asl\u0131nda \u00d6zge de ben de \u00fclke ortalamas\u0131na g\u00f6re olduk\u00e7a iyi kazan\u0131rken, i\u015fyerlerimizi severken, kendimize g\u00f6re iyi \u015fartlarda ya\u015farken, evimizi arabam\u0131z\u0131 alm\u0131\u015fken, <strong>neden<\/strong> b\u00fct\u00fcn bunlar\u0131 b\u0131rak\u0131p, ailemi de pe\u015fimden s\u00fcr\u00fckleyip ta buralara geldim? Kariyer i\u00e7in mi? Para i\u00e7in mi? Gezmek i\u00e7in mi? Prestij i\u00e7in mi?<\/p>\n<p>Benim akl\u0131mda g\u00f6\u00e7 etmek hi\u00e7 yokken LinkedIn&#8217;den akl\u0131ma i\u015f d\u00fc\u015f\u00fcr\u00fcp buraya getiren kelle avc\u0131s\u0131, asl\u0131nda bana, \u00d6zge&#8217;ye ve \u00f6zellikle de Ekin&#8217;e olduk\u00e7a b\u00fcy\u00fck bir iyilik yapm\u0131\u015f d\u00fc\u015f\u00fcn\u00fcnce. Kendimizi &#8220;iyi&#8221; durumda zannediyorduk fakat asl\u0131nda insan, farkl\u0131 \u015feyler g\u00f6rmeden elindekinin ne kadar iyi ya da ne kadar k\u00f6t\u00fc oldu\u011funu anlayam\u0131yor.<\/p>\n<p>Yanl\u0131\u015f anla\u015f\u0131lmas\u0131n, ben buras\u0131 daha iyi ya da daha k\u00f6t\u00fc demiyorum. Sadece &#8220;farkl\u0131&#8221; olan\u0131 g\u00f6rmek insana devasa bir bak\u0131\u015f a\u00e7\u0131s\u0131 kazand\u0131r\u0131yor. Bu vizyon da ya\u015fad\u0131\u011f\u0131n\u0131z s\u00fcre boyunca size en \u00e7ok fark katan \u015feylerden biri.<\/p>\n<p>Zorluklar ve problemler de, onlar\u0131 olumsuz bir \u015fey gibi g\u00f6r\u00fcp lanetlemek yerine bir \u00f6\u011frenme f\u0131rsat\u0131 olarak g\u00f6r\u00fcp benimseyenler i\u00e7in, her zaman en iyi \u00f6\u011fretmen olmu\u015ftur.<\/p>\n<p>Bu anlamda, b\u00fct\u00fcn bu ge\u00e7irdi\u011fimiz s\u00fcre\u00e7 boyunca o kadar \u00e7ok \u015fey \u00f6\u011frendik ki, belki bir \u00f6m\u00fcr \u00f6\u011frendiklerimize bedel \u015feyi birka\u00e7 ay i\u00e7inde \u00f6\u011frendik, g\u00fcnl\u00fck hayatta kolayca yap\u0131p ge\u00e7ti\u011fimiz en basit \u015feyleri bile tekrar \u00f6\u011frenmemiz gerekti, bize \u00f6\u011fretilen bir \u00e7ok \u015feyin do\u011frulu\u011funu da sorgulad\u0131k ayn\u0131 zamanda.<\/p>\n<p>E\u015fyaya ba\u011f\u0131ml\u0131l\u0131\u011f\u0131m\u0131z s\u0131nand\u0131, aileden uzak kalmay\u0131, kendi ba\u015f\u0131m\u0131z\u0131n \u00e7aresine bakmay\u0131 \u00f6\u011frendik, \u00f6zlemle ba\u015fa \u00e7\u0131kmay\u0131 \u00f6\u011frendik, daha farkl\u0131 ve daha iyi ebeveyn nas\u0131l olabilece\u011fimizi d\u00fc\u015f\u00fcnd\u00fck, daha sade, daha minimalist ve daha mutlu ya\u015faman\u0131n m\u00fcmk\u00fcn oldu\u011funu g\u00f6rd\u00fck, k\u00fc\u00e7\u00fck \u015feylerin de b\u00fcy\u00fck mutluluklar verebilece\u011fini g\u00f6rd\u00fck, baz\u0131 \u00e7ok kemikle\u015fmi\u015f \u00f6nyarg\u0131lar\u0131m\u0131z\u0131 ufak ufak k\u0131rd\u0131k.<\/p>\n<p>Ve buraya geldi\u011fimizden itibaren, hayat\u0131m\u0131zdaki g\u00fcnl\u00fck stres seviyesinin ve kayg\u0131n\u0131n ne kadar ciddi miktarda azald\u0131\u011f\u0131n\u0131 g\u00f6rd\u00fck. Ba\u015fa \u00e7\u0131kt\u0131\u011f\u0131m\u0131z\u0131 zannetti\u011fimiz k\u00fc\u00e7\u00fck k\u00fc\u00e7\u00fck stres kaynaklar\u0131ym\u0131\u015f asl\u0131nda bizi i\u00e7ten i\u00e7ten bitiren. Bu k\u00fc\u00e7\u00fck stres kaynaklar\u0131 gidince, \u00f6rne\u011fin trafik diye bir kavram hayat\u0131m\u0131zdan \u00e7\u0131k\u0131nca, bir yerlere yeti\u015fmek i\u00e7in s\u00fcrekli ko\u015fturmak bitince, insanlar birbirine &#8220;merhaba&#8221;, &#8220;g\u00fcnayd\u0131n&#8221;, &#8220;\u00f6nden siz buyurun&#8221; diyince, g\u00fcl\u00fcmseyince, daha bol temiz hava al\u0131nca, daha \u00e7ok hareket edip, arabadan inip hep beraber bisiklete binince, daha \u00e7ok bo\u015f zaman\u0131m\u0131z olunca, hayat bamba\u015fka bir hal ald\u0131. Ama bunlar\u0131, kesinlikle o d\u00fczenin i\u00e7inden bir \u015fekilde \u00e7\u0131k\u0131p, d\u0131\u015far\u0131dan bakmadan anlayam\u0131yorsunuz. \u00c7\u00fcnk\u00fc al\u0131\u015ft\u0131\u011f\u0131n\u0131z, normal belledi\u011finiz d\u00fczeni sorgulamak, ya da daha farkl\u0131 bir hayat olabilece\u011fi akl\u0131n\u0131za gelmiyor. \u0130\u015fte bu y\u00fczden diyorum, t\u00fcm bunlar\u0131, bu i\u015fi akl\u0131ma d\u00fc\u015f\u00fcren o recruiter&#8217;a bor\u00e7luyum diye.<\/p>\n<p>Uzun vadede amac\u0131m\u0131z, en \u00f6ncelikli olarak, Ekin&#8217;in m\u00fcmk\u00fcn oldu\u011funca iyi ve m\u00fcreffeh bir hayat\u0131 olmas\u0131, yabanc\u0131 dil(ler) \u00f6\u011frenmesi, &#8220;d\u00fcnya vatanda\u015f\u0131&#8221; olmas\u0131, iyi bir e\u011fitim almas\u0131 ve her \u015feyden \u00f6nce <em>mutlu<\/em> ve <em>huzurlu<\/em> olmas\u0131.<\/p>\n<p>K\u0131sa vadede de, art\u0131k daha huzurlu, daha stressiz, daha kayg\u0131s\u0131z ve daha <em>sade<\/em> bir hayat\u0131 arzuluyoruz k\u0131saca.<\/p>\n<p>Biz buraya katiyen para i\u00e7in falan gelmedik. Hatta maa\u015fla ilgili en ufak bir pazarl\u0131k yapmad\u0131m, ne verdilerse oldu\u011fu gibi kabul edip imzay\u0131 att\u0131m. T\u00fcrkiye&#8217;de kazand\u0131\u011f\u0131m\u0131z para bize fazlas\u0131yla yetiyordu, burada kazand\u0131\u011f\u0131m\u0131z para da bize \u015fu an i\u00e7in fazlas\u0131yla yetiyor.<\/p>\n<p>\u015eunu s\u00f6yleyebilirim ki, baz\u0131 durumlarda daha az para, daha bereketli bile olabiliyor, daha \u00e7ok huzur getirebiliyor, emin olun. Bunu ben bizzat ya\u015fad\u0131m. \u00c7ok b\u00fcy\u00fck ve prestijli bir firmadan, psikolojimi bozdu\u011fu ve hakk\u0131m\u0131 yedi\u011fini d\u00fc\u015f\u00fcnd\u00fc\u011f\u00fcm i\u00e7in, daha az maa\u015fa, daha k\u00fc\u00e7\u00fck bir firmaya ge\u00e7tim (\u015firket ismi vermeme gerek bile yok, hakk\u0131mda \u00e7ok k\u0131sa bir ara\u015ft\u0131rma yapan zaten an\u0131nda anlar). Ve bu i\u015f de\u011fi\u015fikli\u011finin m\u00fckafat\u0131n\u0131 uzun vadede kat kat geri ald\u0131m, hem mesleki geli\u015fim olarak, hem maddi olarak hem de psikolojik olarak. Bu daha k\u00fc\u00e7\u00fck dedi\u011fim firmada uzun y\u0131llar \u00e7al\u0131\u015ft\u0131m ve \u00e7ok da g\u00fczel zamanlar\u0131m ge\u00e7ti orada. Bana \u00f6zverimin hakk\u0131n\u0131 da her zaman \u00f6dediler, belki de o b\u00fcy\u00fck ve g\u00fc\u00e7l\u00fc dedi\u011fim firmadan daha iyi \u00f6dediler. Ben hi\u00e7bir zaman daha fazla para i\u00e7in k\u0131l\u0131m\u0131 k\u0131p\u0131rdatmad\u0131m, \u00f6ncelikle i\u015fimi iyi yapmaya, insanlarla iyi ge\u00e7inmeye ve kendimi geli\u015ftirmeye \u00e7al\u0131\u015ft\u0131m. Bunun sonucu olarak bana her zaman daha fazla para geldi. Bunun i\u00e7in evrene minnettar\u0131m.<\/p>\n<p>Kald\u0131 ki para h\u0131rs\u0131, t\u00fcketim hevesi, mal m\u00fclk edinme yar\u0131\u015f\u0131 insan\u0131n hi\u00e7bir zaman tatmin olmayaca\u011f\u0131 bir \u00e7\u0131rp\u0131n\u0131\u015f. Neden mutsuz oldu\u011funu d\u00fc\u015f\u00fcnmek yerine, t\u00fcketerek mutlu olmaya \u00e7al\u0131\u015fan insanlarla dolu etraf. Bu \u00e7ok \u00fcz\u00fcc\u00fc bir \u015fey.<\/p>\n<p>Bu y\u00fczden \u015fans\u0131m\u0131z\u0131 denedik. Daha anlaml\u0131 ve huzurlu bir hayat aray\u0131\u015f\u0131yla, bu de\u011fi\u015fimi g\u00f6ze ald\u0131k. Bu de\u011fi\u015fime ayak uydurmay\u0131 ba\u015fard\u0131k\u00e7a mutlulu\u011fumuz artt\u0131, mutlulu\u011fumuz artt\u0131k\u00e7a daha iyi adapte olduk.<\/p>\n<p>T\u00fcm bunlar\u0131n neticesi olarak, \u015fu d\u00fc\u015f\u00fcncemde ne kadar hakl\u0131 oldu\u011fumu bir kez daha anlad\u0131m: <strong>hayatta g\u00f6ze ald\u0131\u011f\u0131n\u0131z zorluklar ne kadar b\u00fcy\u00fck olursa, m\u00fckafat\u0131 ve getirdi\u011fi mutluluk da o kadar b\u00fcy\u00fck oluyor. T\u0131pk\u0131 bir <a href=\"http:\/\/dogukantunc.com\/?p=272\" target=\"_blank\" rel=\"noopener noreferrer\">sin\u00fcs e\u011frisi<\/a> gibi.<\/strong><\/p>\n<\/div><\/div>\n\n\n\n<p><em>Bu yaz\u0131y\u0131 yazarak hem bu ser\u00fcvene at\u0131lmam\u0131\u015f ya da at\u0131lmay\u0131 d\u00fc\u015f\u00fcnen ki\u015filere bir pencere a\u00e7mak istedim, hem de bunca ay boyunca neler ya\u015fad\u0131\u011f\u0131m\u0131z\u0131, ne yiyip i\u00e7ti\u011fimizi, ba\u015f\u0131m\u0131za neler geldi\u011fini merak eden arkada\u015flar\u0131ma ve aileme bir kay\u0131t sunmak istedim. Yaz\u0131y\u0131 uzun s\u00fcredir yay\u0131na haz\u0131rlamaya u\u011fra\u015ft\u0131\u011f\u0131m i\u00e7in de takip edebilmek i\u00e7in versiyonlama yapt\u0131m. Kapsamaya \u00e7al\u0131\u015ft\u0131\u011f\u0131m zaman dilimi uzun oldu\u011fu i\u00e7in tabi yaz\u0131 uzun oldu ama umar\u0131m anlat\u0131m\u0131m yeterince ak\u0131c\u0131 olmu\u015ftur. Herhangi bir kusurumuz olduysa affola.<\/em><\/p>\n\n\n\n<p>\u015eimdilik benden bu kadar. Sa\u011fl\u0131cakla kal\u0131n.<\/p>\n\n\n\n<p><\/p>\n","protected":false},"excerpt":{"rendered":"<p>Ailemle birlikte Eindhoven&#8217;a ta\u015f\u0131nal\u0131 6 aydan fazla zaman ge\u00e7ti. Bildi\u011finiz gibi, son 5-6 y\u0131lda benim gibi T\u00fcrkiye&#8217;den yurt d\u0131\u015f\u0131na \u00e7al\u0131\u015fmaya giden \u00e7ok say\u0131da HSM (Highly Skilled Migrant) oldu, ve \u00e7o\u011fu da bir blog ve\/veya vlog sahibi. Benim yazaca\u011f\u0131m yaz\u0131n\u0131n da bu yaz\u0131lardan b\u00fcy\u00fck bir fark\u0131 yok, bir di\u011fer Expat seyahatn\u00e2mesi.<\/p>\n","protected":false},"author":2,"featured_media":576,"comment_status":"open","ping_status":"open","sticky":false,"template":"","format":"standard","meta":{"_jetpack_memberships_contains_paid_content":false,"footnotes":""},"categories":[8],"tags":[33,37,36],"class_list":["post-493","post","type-post","status-publish","format-standard","has-post-thumbnail","hentry","category-hayat","tag-eindhoven","tag-expat","tag-lifeevent"],"jetpack_featured_media_url":"https:\/\/i0.wp.com\/dogukantunc.com\/wp-content\/uploads\/2020\/08\/IMG_20200523_155405.jpg?fit=1184%2C888&ssl=1","jetpack_sharing_enabled":true,"_links":{"self":[{"href":"https:\/\/dogukantunc.com\/index.php?rest_route=\/wp\/v2\/posts\/493","targetHints":{"allow":["GET"]}}],"collection":[{"href":"https:\/\/dogukantunc.com\/index.php?rest_route=\/wp\/v2\/posts"}],"about":[{"href":"https:\/\/dogukantunc.com\/index.php?rest_route=\/wp\/v2\/types\/post"}],"author":[{"embeddable":true,"href":"https:\/\/dogukantunc.com\/index.php?rest_route=\/wp\/v2\/users\/2"}],"replies":[{"embeddable":true,"href":"https:\/\/dogukantunc.com\/index.php?rest_route=%2Fwp%2Fv2%2Fcomments&post=493"}],"version-history":[{"count":87,"href":"https:\/\/dogukantunc.com\/index.php?rest_route=\/wp\/v2\/posts\/493\/revisions"}],"predecessor-version":[{"id":1037,"href":"https:\/\/dogukantunc.com\/index.php?rest_route=\/wp\/v2\/posts\/493\/revisions\/1037"}],"wp:featuredmedia":[{"embeddable":true,"href":"https:\/\/dogukantunc.com\/index.php?rest_route=\/wp\/v2\/media\/576"}],"wp:attachment":[{"href":"https:\/\/dogukantunc.com\/index.php?rest_route=%2Fwp%2Fv2%2Fmedia&parent=493"}],"wp:term":[{"taxonomy":"category","embeddable":true,"href":"https:\/\/dogukantunc.com\/index.php?rest_route=%2Fwp%2Fv2%2Fcategories&post=493"},{"taxonomy":"post_tag","embeddable":true,"href":"https:\/\/dogukantunc.com\/index.php?rest_route=%2Fwp%2Fv2%2Ftags&post=493"}],"curies":[{"name":"wp","href":"https:\/\/api.w.org\/{rel}","templated":true}]}}